{"id":17947,"date":"2026-08-20T07:29:58","date_gmt":"2026-08-20T07:29:58","guid":{"rendered":"https:\/\/radiostavanger.no\/?p=17947"},"modified":"2026-08-20T07:29:58","modified_gmt":"2026-08-20T07:29:58","slug":"rykteflommen-over-max-verstappen-signerte-ny-lang-kontrakt-med-red-bull-radio-stavanger","status":"publish","type":"post","link":"https:\/\/radiostavanger.no\/?p=17947","title":{"rendered":"Rykteflommen over \u2013 Max Verstappen signerte ny lang kontrakt med Red Bull \u2013 Radio Stavanger"},"content":{"rendered":"<p><br \/>\n<\/p>\n<div id=\"mvp-content-main\">\n<p class=\"radioh-ingress\"><strong>Max Verstappen har v\u00e6rt ryktet bort til rivaliserende lag, men fortsetter som Red Bull-f\u00f8rer i Formel 1-sirkuset fram til 2030.<\/strong>\n<\/p>\n<p><strong>Sport<\/strong>: Nederlenderen har signert en ny fire\u00e5rskontrakt, bekrefter Red Bull-teamet torsdag.\n<\/p>\n<p>Verstappens gamle avtale hadde utl\u00f8p etter 2028-sesongen. Det har de siste sesongene versert mange rykter om at han \u00f8nsket seg vekk fra Red Bull, og at McLaren kunne bli neste stoppested.\n<\/p>\n<p>N\u00e5 har den nye kontrakten kommet p\u00e5 plass, rett f\u00f8r kommende helgs VM-runde p\u00e5 hjemmebane i Nederland.\n<\/p>\n<p>\u2013 Jeg har alltid sagt det: Laget er som en familie nummer to for meg, og jeg f\u00f8ler meg veldig hjemme her. Jeg kom til laget med et h\u00e5p om \u00e5 kunne vinne l\u00f8p. Det vi siden har klart \u00e5 oppn\u00e5 sammen, har v\u00e6rt helt fantastisk. Vi har delt mange utrolige \u00f8yeblikk og vunnet fire verdensmesterskap, sier Verstappen.<\/p>\n<p>\u2013 \u00c5 f\u00e5 fortsette denne reisen med det samme laget som jeg har v\u00e6rt hos gjennom hele karrieren, er virkelig spesielt og noe jeg alltid har \u00f8nsket \u00e5 gj\u00f8re, legger han til.\n<\/p>\n<p>(\u00a9NTB)\n<\/p>\n<\/p><\/div>\n<p><script async defer crossorigin=\"anonymous\" data-lazy=\"w3tc\" data-src=\"https:\/\/connect.facebook.net\/nb_NO\/sdk.js#xfbml=1&#038;version=v18.0\"><\/script><br \/>\n<br \/><br \/>\n<br \/><a href=\"https:\/\/radioh.no\/formel-1-rykteflommen-over-max-verstappen-signerte-ny-lang-kontrakt-med-red-bull\/\">Kilde <\/a><\/p>","protected":false},"excerpt":{"rendered":"<p>Max Verstappen har v\u00e6rt ryktet bort til rivaliserende lag, men fortsetter som Red Bull-f\u00f8rer i Formel 1-sirkuset fram til 2030. Sport: Nederlenderen har signert en ny fire\u00e5rskontrakt, bekrefter Red Bull-teamet torsdag. Verstappens gamle avtale hadde utl\u00f8p etter 2028-sesongen. Det har de siste sesongene versert mange rykter om at han \u00f8nsket seg vekk fra Red Bull, [&hellip;]<\/p>","protected":false},"author":1,"featured_media":17948,"comment_status":"","ping_status":"","sticky":false,"template":"","format":"standard","meta":{"footnotes":""},"categories":[107],"tags":[],"tmauthors":[],"class_list":["post-17947","post","type-post","status-publish","format-standard","has-post-thumbnail","category-nyheter"],"_links":{"self":[{"href":"https:\/\/radiostavanger.no\/index.php?rest_route=\/wp\/v2\/posts\/17947","targetHints":{"allow":["GET"]}}],"collection":[{"href":"https:\/\/radiostavanger.no\/index.php?rest_route=\/wp\/v2\/posts"}],"about":[{"href":"https:\/\/radiostavanger.no\/index.php?rest_route=\/wp\/v2\/types\/post"}],"author":[{"embeddable":true,"href":"https:\/\/radiostavanger.no\/index.php?rest_route=\/wp\/v2\/users\/1"}],"replies":[{"embeddable":true,"href":"https:\/\/radiostavanger.no\/index.php?rest_route=%2Fwp%2Fv2%2Fcomments&post=17947"}],"version-history":[{"count":0,"href":"https:\/\/radiostavanger.no\/index.php?rest_route=\/wp\/v2\/posts\/17947\/revisions"}],"wp:featuredmedia":[{"embeddable":true,"href":"https:\/\/radiostavanger.no\/index.php?rest_route=\/wp\/v2\/media\/17948"}],"wp:attachment":[{"href":"https:\/\/radiostavanger.no\/index.php?rest_route=%2Fwp%2Fv2%2Fmedia&parent=17947"}],"wp:term":[{"taxonomy":"category","embeddable":true,"href":"https:\/\/radiostavanger.no\/index.php?rest_route=%2Fwp%2Fv2%2Fcategories&post=17947"},{"taxonomy":"post_tag","embeddable":true,"href":"https:\/\/radiostavanger.no\/index.php?rest_route=%2Fwp%2Fv2%2Ftags&post=17947"},{"taxonomy":"tmauthors","embeddable":true,"href":"https:\/\/radiostavanger.no\/index.php?rest_route=%2Fwp%2Fv2%2Ftmauthors&post=17947"}],"curies":[{"name":"wp","href":"https:\/\/api.w.org\/{rel}","templated":true}]}}