{"id":17976,"date":"2026-08-20T09:16:15","date_gmt":"2026-08-20T09:16:15","guid":{"rendered":"https:\/\/radiostavanger.no\/?p=17976"},"modified":"2026-08-20T09:16:15","modified_gmt":"2026-08-20T09:16:15","slug":"mads-ramstad-slutter-som-direktor-i-haugalandmuseet-radio-stavanger","status":"publish","type":"post","link":"https:\/\/radiostavanger.no\/?p=17976","title":{"rendered":"Mads Ramstad slutter som direkt\u00f8r i Haugalandmuseet \u2013 Radio Stavanger"},"content":{"rendered":"<p><br \/>\n<\/p>\n<div id=\"mvp-content-main\">\n<p class=\"radioh-ingress\"><strong>Mads Ramstad har varslet styret om at han g\u00e5r av som direkt\u00f8r i Haugalandmuseet 1. november 2027. Da g\u00e5r han av med pensjon etter mer enn 20 \u00e5r som direkt\u00f8r.<\/strong>\n<\/p>\n<p><b>KULTUR:<\/b> Ramstad ble ansatt som konservator i Haugalandmuseet i 1999 og overtok som direkt\u00f8r i 2004.\n<\/p>\n<p>Styret starter n\u00e5 arbeidet med \u00e5 finne en ny direkt\u00f8r. M\u00e5let er \u00e5 sikre en planlagt overgang, der Ramstad ogs\u00e5 kan bidra med prosjektarbeid og avslutning av p\u00e5g\u00e5ende oppgaver etter direkt\u00f8rskiftet.\n<\/p>\n<h4>Har ledet museet i 23 \u00e5r<\/h4>\n<p>Styreleder John Malvin \u00d8kland peker p\u00e5 at Ramstad har hatt en sentral rolle i utviklingen av Haugalandmuseet gjennom n\u00e6r tre ti\u00e5r.\n<\/p>\n<p>\u2013 Mads Ramstad har hatt en avgj\u00f8rende rolle i utviklingen av Haugalandmuseet. Styret er glad for at han har varslet sin avgang i god tid, slik at vi kan gjennomf\u00f8re en grundig rekrutteringsprosess og sikre kontinuitet, sier \u00d8kland.<\/p>\n<p>Ramstad er en av de lengstsittende museumsdirekt\u00f8rene i Norge etter \u00e5r 2000.\n<\/p>\n<h4>Bygget opp regional kulturinstitusjon<\/h4>\n<p>Under Ramstads ledelse har Haugalandmuseet blitt utviklet til et konsolidert regionmuseum for kunst- og kulturhistorie p\u00e5 Haugalandet.\n<\/p>\n<p>Museet eies av kommunene Haugesund, Utsira, Tysv\u00e6r, Bokn og Vindafjord, og omfatter blant annet Karmsund folkemuseum, Haugesund billedgalleri, Dokken museum og Arquebus krigshistorisk museum.\n<\/p>\n<p>\u2013 Det har v\u00e6rt et privilegium \u00e5 f\u00e5 v\u00e6re med p\u00e5 utviklingen av Haugalandmuseet gjennom s\u00e5 mange \u00e5r, sier Ramstad.\n<\/p>\n<\/p><\/div>\n<p><script async defer crossorigin=\"anonymous\" data-lazy=\"w3tc\" data-src=\"https:\/\/connect.facebook.net\/nb_NO\/sdk.js#xfbml=1&#038;version=v18.0\"><\/script><br \/>\n<br \/><br \/>\n<br \/><a href=\"https:\/\/radioh.no\/mads-ramstad-slutter-som-direktor-i-haugalandmuseet\/\">Kilde <\/a><\/p>","protected":false},"excerpt":{"rendered":"<p>Mads Ramstad har varslet styret om at han g\u00e5r av som direkt\u00f8r i Haugalandmuseet 1. november 2027. Da g\u00e5r han av med pensjon etter mer enn 20 \u00e5r som direkt\u00f8r. KULTUR: Ramstad ble ansatt som konservator i Haugalandmuseet i 1999 og overtok som direkt\u00f8r i 2004. Styret starter n\u00e5 arbeidet med \u00e5 finne en ny [&hellip;]<\/p>","protected":false},"author":1,"featured_media":17977,"comment_status":"","ping_status":"","sticky":false,"template":"","format":"standard","meta":{"footnotes":""},"categories":[107],"tags":[],"tmauthors":[],"class_list":["post-17976","post","type-post","status-publish","format-standard","has-post-thumbnail","category-nyheter"],"_links":{"self":[{"href":"https:\/\/radiostavanger.no\/index.php?rest_route=\/wp\/v2\/posts\/17976","targetHints":{"allow":["GET"]}}],"collection":[{"href":"https:\/\/radiostavanger.no\/index.php?rest_route=\/wp\/v2\/posts"}],"about":[{"href":"https:\/\/radiostavanger.no\/index.php?rest_route=\/wp\/v2\/types\/post"}],"author":[{"embeddable":true,"href":"https:\/\/radiostavanger.no\/index.php?rest_route=\/wp\/v2\/users\/1"}],"replies":[{"embeddable":true,"href":"https:\/\/radiostavanger.no\/index.php?rest_route=%2Fwp%2Fv2%2Fcomments&post=17976"}],"version-history":[{"count":0,"href":"https:\/\/radiostavanger.no\/index.php?rest_route=\/wp\/v2\/posts\/17976\/revisions"}],"wp:featuredmedia":[{"embeddable":true,"href":"https:\/\/radiostavanger.no\/index.php?rest_route=\/wp\/v2\/media\/17977"}],"wp:attachment":[{"href":"https:\/\/radiostavanger.no\/index.php?rest_route=%2Fwp%2Fv2%2Fmedia&parent=17976"}],"wp:term":[{"taxonomy":"category","embeddable":true,"href":"https:\/\/radiostavanger.no\/index.php?rest_route=%2Fwp%2Fv2%2Fcategories&post=17976"},{"taxonomy":"post_tag","embeddable":true,"href":"https:\/\/radiostavanger.no\/index.php?rest_route=%2Fwp%2Fv2%2Ftags&post=17976"},{"taxonomy":"tmauthors","embeddable":true,"href":"https:\/\/radiostavanger.no\/index.php?rest_route=%2Fwp%2Fv2%2Ftmauthors&post=17976"}],"curies":[{"name":"wp","href":"https:\/\/api.w.org\/{rel}","templated":true}]}}