{"id":18116,"date":"2026-08-21T01:18:02","date_gmt":"2026-08-21T01:18:02","guid":{"rendered":"https:\/\/radiostavanger.no\/?p=18116"},"modified":"2026-08-21T01:18:02","modified_gmt":"2026-08-21T01:18:02","slug":"tiltalt-etter-kjoring-med-172-i-promille-radio-stavanger","status":"publish","type":"post","link":"https:\/\/radiostavanger.no\/?p=18116","title":{"rendered":"Tiltalt etter kj\u00f8ring med 1,72 i promille \u2013 Radio Stavanger"},"content":{"rendered":"<p><br \/>\n<\/p>\n<div id=\"mvp-content-main\">\n<p class=\"radioh-ingress\"><strong>En mann i 50-\u00e5rene fra B\u00f8mlo er tiltalt for promillekj\u00f8ring etter en hendelse i februar. En blodpr\u00f8ve viste en alkoholkonsentrasjon p\u00e5 1,72 promille.<\/strong>\n<\/p>\n<p><b>PROMILLEKJ\u00d8RING:<\/b> If\u00f8lge tiltalen fra S\u00f8r-Vest politidistrikt skal mannen ha kj\u00f8rt personbil p\u00e5 B\u00f8mlo sent en fredagskveld i februar i \u00e5r.\n<\/p>\n<p>Politiet mener mannen kj\u00f8rte bilen mens han var p\u00e5virket av alkohol. En blodpr\u00f8ve som ble tatt samme natt, viste en alkoholkonsentrasjon p\u00e5 1,72 promille.\n<\/p>\n<p>Mannen er tiltalt for brudd p\u00e5 vegtrafikkloven.\n<\/p>\n<p>P\u00e5talemyndigheten har ogs\u00e5 varslet at det vil bli lagt ned p\u00e5stand om at mannen mister f\u00f8rerretten.<\/p>\n<p>Saken skal behandles i Haugaland og Sunnhordland tingrett i september.\n<\/p>\n<\/p><\/div>\n<p><script async defer crossorigin=\"anonymous\" data-lazy=\"w3tc\" data-src=\"https:\/\/connect.facebook.net\/nb_NO\/sdk.js#xfbml=1&#038;version=v18.0\"><\/script><br \/>\n<br \/><br \/>\n<br \/><a href=\"https:\/\/radioh.no\/tiltalt-etter-kjoring-med-172-i-promille\/\">Kilde <\/a><\/p>","protected":false},"excerpt":{"rendered":"<p>En mann i 50-\u00e5rene fra B\u00f8mlo er tiltalt for promillekj\u00f8ring etter en hendelse i februar. En blodpr\u00f8ve viste en alkoholkonsentrasjon p\u00e5 1,72 promille. PROMILLEKJ\u00d8RING: If\u00f8lge tiltalen fra S\u00f8r-Vest politidistrikt skal mannen ha kj\u00f8rt personbil p\u00e5 B\u00f8mlo sent en fredagskveld i februar i \u00e5r. Politiet mener mannen kj\u00f8rte bilen mens han var p\u00e5virket av alkohol. En [&hellip;]<\/p>","protected":false},"author":1,"featured_media":18117,"comment_status":"","ping_status":"","sticky":false,"template":"","format":"standard","meta":{"footnotes":""},"categories":[107],"tags":[],"tmauthors":[],"class_list":["post-18116","post","type-post","status-publish","format-standard","has-post-thumbnail","category-nyheter"],"_links":{"self":[{"href":"https:\/\/radiostavanger.no\/index.php?rest_route=\/wp\/v2\/posts\/18116","targetHints":{"allow":["GET"]}}],"collection":[{"href":"https:\/\/radiostavanger.no\/index.php?rest_route=\/wp\/v2\/posts"}],"about":[{"href":"https:\/\/radiostavanger.no\/index.php?rest_route=\/wp\/v2\/types\/post"}],"author":[{"embeddable":true,"href":"https:\/\/radiostavanger.no\/index.php?rest_route=\/wp\/v2\/users\/1"}],"replies":[{"embeddable":true,"href":"https:\/\/radiostavanger.no\/index.php?rest_route=%2Fwp%2Fv2%2Fcomments&post=18116"}],"version-history":[{"count":0,"href":"https:\/\/radiostavanger.no\/index.php?rest_route=\/wp\/v2\/posts\/18116\/revisions"}],"wp:featuredmedia":[{"embeddable":true,"href":"https:\/\/radiostavanger.no\/index.php?rest_route=\/wp\/v2\/media\/18117"}],"wp:attachment":[{"href":"https:\/\/radiostavanger.no\/index.php?rest_route=%2Fwp%2Fv2%2Fmedia&parent=18116"}],"wp:term":[{"taxonomy":"category","embeddable":true,"href":"https:\/\/radiostavanger.no\/index.php?rest_route=%2Fwp%2Fv2%2Fcategories&post=18116"},{"taxonomy":"post_tag","embeddable":true,"href":"https:\/\/radiostavanger.no\/index.php?rest_route=%2Fwp%2Fv2%2Ftags&post=18116"},{"taxonomy":"tmauthors","embeddable":true,"href":"https:\/\/radiostavanger.no\/index.php?rest_route=%2Fwp%2Fv2%2Ftmauthors&post=18116"}],"curies":[{"name":"wp","href":"https:\/\/api.w.org\/{rel}","templated":true}]}}