{"id":18229,"date":"2026-08-21T15:08:02","date_gmt":"2026-08-21T15:08:02","guid":{"rendered":"https:\/\/radiostavanger.no\/?p=18229"},"modified":"2026-08-21T15:08:02","modified_gmt":"2026-08-21T15:08:02","slug":"sparkesykkel-og-bil-i-sammenstot-i-skudeneshavn-radio-stavanger","status":"publish","type":"post","link":"https:\/\/radiostavanger.no\/?p=18229","title":{"rendered":"Sparkesykkel og bil i sammenst\u00f8t i Skudeneshavn \u2013 Radio Stavanger"},"content":{"rendered":"<p><br \/>\n<\/p>\n<div id=\"mvp-content-main\">\n<p class=\"radioh-ingress\"><strong>N\u00f8detatene er p\u00e5 vei til Skudeneshavn etter melding om sammenst\u00f8t mellom sparkesykkel og bil. Personen p\u00e5 sparkesykkel er v\u00e5ken, men skadeomfanget er ukjent.<\/strong><\/p>\n<p><b>Trafikk:<\/b> Utrykning til Karm\u00f8y<\/p>\n<p>N\u00f8detatene rykket ut til Skudeneshavn etter melding om et sammenst\u00f8t mellom en sparkesykkel og en bil. Politiet opplyser at skadeomfanget forel\u00f8pig er uklart.<\/p>\n<h4>V\u00e5ken etter ulykken<\/h4>\n<p>Den involverte p\u00e5 sparkesykkelen var ved bevissthet da meldingen kom inn. Hendelsen er under oppf\u00f8lging, og saken oppdateres n\u00e5r det foreligger mer informasjon.<\/p>\n<\/p><\/div>\n<p><script async defer crossorigin=\"anonymous\" data-lazy=\"w3tc\" data-src=\"https:\/\/connect.facebook.net\/nb_NO\/sdk.js#xfbml=1&#038;version=v18.0\"><\/script><br \/>\n<br \/><br \/>\n<br \/><a href=\"https:\/\/radioh.no\/sparkesykkel-og-bil-i-sammenstot-i-skudeneshavn\/\">Kilde <\/a><\/p>","protected":false},"excerpt":{"rendered":"<p>N\u00f8detatene er p\u00e5 vei til Skudeneshavn etter melding om sammenst\u00f8t mellom sparkesykkel og bil. Personen p\u00e5 sparkesykkel er v\u00e5ken, men skadeomfanget er ukjent. Trafikk: Utrykning til Karm\u00f8y N\u00f8detatene rykket ut til Skudeneshavn etter melding om et sammenst\u00f8t mellom en sparkesykkel og en bil. Politiet opplyser at skadeomfanget forel\u00f8pig er uklart. V\u00e5ken etter ulykken Den involverte [&hellip;]<\/p>","protected":false},"author":1,"featured_media":4931,"comment_status":"","ping_status":"","sticky":false,"template":"","format":"standard","meta":{"footnotes":""},"categories":[107],"tags":[],"tmauthors":[],"class_list":["post-18229","post","type-post","status-publish","format-standard","has-post-thumbnail","category-nyheter"],"_links":{"self":[{"href":"https:\/\/radiostavanger.no\/index.php?rest_route=\/wp\/v2\/posts\/18229","targetHints":{"allow":["GET"]}}],"collection":[{"href":"https:\/\/radiostavanger.no\/index.php?rest_route=\/wp\/v2\/posts"}],"about":[{"href":"https:\/\/radiostavanger.no\/index.php?rest_route=\/wp\/v2\/types\/post"}],"author":[{"embeddable":true,"href":"https:\/\/radiostavanger.no\/index.php?rest_route=\/wp\/v2\/users\/1"}],"replies":[{"embeddable":true,"href":"https:\/\/radiostavanger.no\/index.php?rest_route=%2Fwp%2Fv2%2Fcomments&post=18229"}],"version-history":[{"count":0,"href":"https:\/\/radiostavanger.no\/index.php?rest_route=\/wp\/v2\/posts\/18229\/revisions"}],"wp:featuredmedia":[{"embeddable":true,"href":"https:\/\/radiostavanger.no\/index.php?rest_route=\/wp\/v2\/media\/4931"}],"wp:attachment":[{"href":"https:\/\/radiostavanger.no\/index.php?rest_route=%2Fwp%2Fv2%2Fmedia&parent=18229"}],"wp:term":[{"taxonomy":"category","embeddable":true,"href":"https:\/\/radiostavanger.no\/index.php?rest_route=%2Fwp%2Fv2%2Fcategories&post=18229"},{"taxonomy":"post_tag","embeddable":true,"href":"https:\/\/radiostavanger.no\/index.php?rest_route=%2Fwp%2Fv2%2Ftags&post=18229"},{"taxonomy":"tmauthors","embeddable":true,"href":"https:\/\/radiostavanger.no\/index.php?rest_route=%2Fwp%2Fv2%2Ftmauthors&post=18229"}],"curies":[{"name":"wp","href":"https:\/\/api.w.org\/{rel}","templated":true}]}}