{"id":18273,"date":"2026-08-21T20:22:03","date_gmt":"2026-08-21T20:22:03","guid":{"rendered":"https:\/\/radiostavanger.no\/?p=18273"},"modified":"2026-08-21T20:22:03","modified_gmt":"2026-08-21T20:22:03","slug":"en-person-dod-etter-sverdangrepet-i-sverige-radio-stavanger","status":"publish","type":"post","link":"https:\/\/radiostavanger.no\/?p=18273","title":{"rendered":"\u00c9n person d\u00f8d etter sverdangrepet i Sverige \u2013 Radio Stavanger"},"content":{"rendered":"<p><br \/>\n<\/p>\n<div id=\"mvp-content-main\">\n<p class=\"radioh-ingress\"><strong>\u00c9n person er d\u00f8d og to alvorlig skadet etter sverdangrepet p\u00e5 en skole i Fagersta i Sverige.<\/strong>\n<\/p>\n<p><strong>Utenriks<\/strong>: Politiet var raskt p\u00e5 \u00e5stedet etter at de fikk melding om hendelsen klokken 14.06.\n<\/p>\n<p>Etter f\u00e5 minutter hadde de p\u00e5grepet en gjerningsperson. Han ble skutt i foten av politiet under p\u00e5gripelsen.\n<\/p>\n<p>Etter at gjerningspersonen var p\u00e5grepet, fortsatte politiet inn p\u00e5 skolen for \u00e5 sikre lokalene.\n<\/p>\n<p>\u2013 Der fant patruljene en avd\u00f8d person, sier lokal politisjef i nordre V\u00e4stmanland, Tommy Alriksson, under pressekonferansen.<\/p>\n<p>To gutter mellom 12 og 17 er alvorlig skadet og ble sendt til sykehus. Ytterligere \u00e9n person er skadet.\n<\/p>\n<h2>18 \u00e5r gammel gjerningsmann<\/h2>\n<p>\nGjerningspersonen er en 18 \u00e5r gammel mann som tidligere hadde v\u00e6rt elev ved skolen. Han ble p\u00e5grepet av politiet etter kort tid.\n<\/p>\n<p>Under pressekonferansen sier politiet at de kan knytte to adresser til gjerningsmannen. Politiet har aksjonert ved begge adressene.\n<\/p>\n<p>If\u00f8lge flere svenske medier er 18-\u00e5ringen tidligere d\u00f8mt for lovbrudd ved en annen skole og har en historikk hos sosialtjenesten.\n<\/p>\n<p>Aftonbladet skriver at det i l\u00f8pet av ettermiddagen ble delt bilder av en sverdlignende gjenstand p\u00e5 en Tiktok-konto. Den samme kontoen hadde en rekke klipp og bilder som hyller tidligere voldshendelser.<\/p>\n<p>Politiet sier til avisen at de etterforsker kontoen, som n\u00e5 er stengt ned.\n<\/p>\n<h2>Har satt krisestab<\/h2>\n<p>\nFlere skoler i omr\u00e5det var under lockdown i en periode etter hendelsen.\n<\/p>\n<p>Like f\u00f8r klokken 18 fikk elevene forlate skolene. Svenske medier har snakket med fortvilte foreldre som pr\u00f8vde \u00e5 f\u00e5 tak i barna sine.\n<\/p>\n<p>Fagersta kommune har satt krisestab og opprettet et krisesenter for dem som trenger noen \u00e5 g\u00e5 til etter hendelsen.\n<\/p>\n<p>Flere svenske politikere viste sin sympati mens politiet enn\u00e5 aksjonerte, blant annet statsminister Ulf Kristersson:<\/p>\n<p>\u2013 En alvorlig hendelse har skjedd i dag p\u00e5 en skole i Fagersta, rett etter sommerferien. Det er meldinger om skadede personer. Vi vet forel\u00f8pig ikke hva som ligger bak handlingen, men vi vet at politiet jobber sv\u00e6rt intensivt. Jeg vil be alle om \u00e5 la politiet og n\u00f8detatene jobbe uforstyrret. V\u00e5re tanker g\u00e5r til alle de ber\u00f8rte, skrev han p\u00e5 X.\n<\/p>\n<p>(\u00a9NTB)\n<\/p>\n<\/p><\/div>\n<p><script async defer crossorigin=\"anonymous\" data-lazy=\"w3tc\" data-src=\"https:\/\/connect.facebook.net\/nb_NO\/sdk.js#xfbml=1&#038;version=v18.0\"><\/script><br \/>\n<br \/><br \/>\n<br \/><a href=\"https:\/\/radioh.no\/en-person-dod-etter-sverdangrepet-i-sverige\/\">Kilde <\/a><\/p>","protected":false},"excerpt":{"rendered":"<p>\u00c9n person er d\u00f8d og to alvorlig skadet etter sverdangrepet p\u00e5 en skole i Fagersta i Sverige. Utenriks: Politiet var raskt p\u00e5 \u00e5stedet etter at de fikk melding om hendelsen klokken 14.06. Etter f\u00e5 minutter hadde de p\u00e5grepet en gjerningsperson. Han ble skutt i foten av politiet under p\u00e5gripelsen. Etter at gjerningspersonen var p\u00e5grepet, fortsatte [&hellip;]<\/p>","protected":false},"author":1,"featured_media":18274,"comment_status":"","ping_status":"","sticky":false,"template":"","format":"standard","meta":{"footnotes":""},"categories":[107],"tags":[],"tmauthors":[],"class_list":["post-18273","post","type-post","status-publish","format-standard","has-post-thumbnail","category-nyheter"],"_links":{"self":[{"href":"https:\/\/radiostavanger.no\/index.php?rest_route=\/wp\/v2\/posts\/18273","targetHints":{"allow":["GET"]}}],"collection":[{"href":"https:\/\/radiostavanger.no\/index.php?rest_route=\/wp\/v2\/posts"}],"about":[{"href":"https:\/\/radiostavanger.no\/index.php?rest_route=\/wp\/v2\/types\/post"}],"author":[{"embeddable":true,"href":"https:\/\/radiostavanger.no\/index.php?rest_route=\/wp\/v2\/users\/1"}],"replies":[{"embeddable":true,"href":"https:\/\/radiostavanger.no\/index.php?rest_route=%2Fwp%2Fv2%2Fcomments&post=18273"}],"version-history":[{"count":0,"href":"https:\/\/radiostavanger.no\/index.php?rest_route=\/wp\/v2\/posts\/18273\/revisions"}],"wp:featuredmedia":[{"embeddable":true,"href":"https:\/\/radiostavanger.no\/index.php?rest_route=\/wp\/v2\/media\/18274"}],"wp:attachment":[{"href":"https:\/\/radiostavanger.no\/index.php?rest_route=%2Fwp%2Fv2%2Fmedia&parent=18273"}],"wp:term":[{"taxonomy":"category","embeddable":true,"href":"https:\/\/radiostavanger.no\/index.php?rest_route=%2Fwp%2Fv2%2Fcategories&post=18273"},{"taxonomy":"post_tag","embeddable":true,"href":"https:\/\/radiostavanger.no\/index.php?rest_route=%2Fwp%2Fv2%2Ftags&post=18273"},{"taxonomy":"tmauthors","embeddable":true,"href":"https:\/\/radiostavanger.no\/index.php?rest_route=%2Fwp%2Fv2%2Ftmauthors&post=18273"}],"curies":[{"name":"wp","href":"https:\/\/api.w.org\/{rel}","templated":true}]}}