{"id":18540,"date":"2026-08-23T17:57:01","date_gmt":"2026-08-23T17:57:01","guid":{"rendered":"https:\/\/radiostavanger.no\/?p=18540"},"modified":"2026-08-23T17:57:01","modified_gmt":"2026-08-23T17:57:01","slug":"riksadvokaten-sa-nei-i-mars-na-anmeldes-sor-vest-politidistrikt-pa-nytt-radio-stavanger","status":"publish","type":"post","link":"https:\/\/radiostavanger.no\/?p=18540","title":{"rendered":"Riksadvokaten sa nei i mars \u2013 n\u00e5 anmeldes S\u00f8r-Vest politidistrikt p\u00e5 nytt \u2013 Radio Stavanger"},"content":{"rendered":"<p><br \/>\n<\/p>\n<div id=\"mvp-content-main\">\n<p class=\"radioh-ingress\"><strong>Riksadvokaten opprettholdt i mars henleggelsen av en tidligere anmeldelse mot politi og p\u00e5talemyndighet i S\u00f8r-Vest. Fem m\u00e5neder senere er politidistriktet anmeldt til Spesialenheten p\u00e5 nytt. Den nye anmeldelsen viser til flere senere hendelser og krever blant annet sikring av elektroniske logger.<\/strong>\n<\/p>\n<p><b>BARNEVERNSAKEN:<\/b> Den omfattende konflikten rundt politiets og barnevernets behandling av flere saker i Haugesund har allerede v\u00e6rt vurdert av b\u00e5de Spesialenheten for politisaker og Riksadvokaten.\n<\/p>\n<p>Dokumentasjon Radio Stavanger har f\u00e5tt tilgang til viser at Riksadvokaten 20. mars 2026 behandlet en klage over Spesialenhetens tidligere p\u00e5talevedtak.\n<\/p>\n<p>Konklusjonen var klar: Spesialenhetens henleggelse ble st\u00e5ende.\n<\/p>\n<p>Riksadvokaten skrev senere at saken var \u00abhenlagt med rette fordi vilk\u00e5rene for \u00e5 iverksette etterforsking ikke er oppfylt\u00bb.<\/p>\n<p>N\u00e5 er S\u00f8r-Vest politidistrikt anmeldt p\u00e5 nytt.\n<\/p>\n<h4>Fant ikke grunnlag for etterforskning<\/h4>\n<p>Den tidligere saken hadde referanse <strong>14204806<\/strong>.\n<\/p>\n<p>Spesialenheten traff sitt p\u00e5talevedtak 16. mars 2026. Fire dager senere behandlet Riksadvokaten klagen og sluttet seg til avgj\u00f8relsen.\n<\/p>\n<p>Riksadvokaten viste til straffeprosessloven \u00a7 224, som krever \u00abrimelig grunn\u00bb til \u00e5 unders\u00f8ke om det foreligger et straffbart forhold.\n<\/p>\n<p>I vurderingen inng\u00e5r blant annet sannsynlighet, proporsjonalitet og saklighet.<\/p>\n<p>\u2013 Sannsynligheten for at det er beg\u00e5tt en straffbar handling er sentralt, skriver Riksadvokaten.\n<\/p>\n<p>Embete understreket ogs\u00e5 at p\u00e5talemyndigheten ikke \u00e5pner etterforskning bare for \u00e5 unders\u00f8ke om det har v\u00e6rt rutinesvikt eller om det finnes grunnlag for kritikk.\n<\/p>\n<h4>Gjaldt blant annet utlevering til barnevernet<\/h4>\n<p>Et av sp\u00f8rsm\u00e5lene kvinnen \u00f8nsket pr\u00f8vd, gjaldt politiets utlevering av straffesaksopplysninger til Haugesund barneverntjeneste.\n<\/p>\n<p>If\u00f8lge den senere anmeldelsen skal politiet 7. februar 2025 ha sendt to komplette straffesaker p\u00e5 til sammen rundt **215 sider** til barneverntjenesten.\n<\/p>\n<p>Det er reist sp\u00f8rsm\u00e5l om blant annet n\u00f8dvendigheten av \u00e5 utlevere hele materialet, omfanget av personopplysninger og hvilke vurderinger som ble gjort f\u00f8r oversendelsen.<\/p>\n<p>Etter at Riksadvokaten hadde opprettholdt henleggelsen, ba kvinnen om innsyn i eller bekreftelse p\u00e5 om det fantes konkrete dokumenterte vurderinger av blant annet n\u00f8dvendighet, proporsjonalitet og habilitet.\n<\/p>\n<h4>Riksadvokaten hadde ingen ytterligere notater<\/h4>\n<p>I svaret datert 28. mars opplyste Riksadvokaten at klagebehandlingen var foretatt p\u00e5 grunnlag av straffesakens samlede dokumenter.\n<\/p>\n<p>Embete opplyste samtidig at det ikke fantes ytterligere egne \u00abdokumenter, notater, vurderinger eller korrespondanse\u00bb utover det som fremgikk av vedtaket og straffesaken for \u00f8vrig.\n<\/p>\n<p>Riksadvokaten understreket at alle kvinnens anf\u00f8rsler hadde inng\u00e5tt i beslutningsgrunnlaget.\n<\/p>\n<p>Det betyr ikke at n\u00f8dvendighets- eller habilitetsvurderinger ikke kan finnes i materialet hos Spesialenheten eller politiet.<\/p>\n<p>Riksadvokaten viste uttrykkelig til at krav om innsyn i straffesakens dokumenter m\u00e5tte rettes til Spesialenheten.\n<\/p>\n<h4>Saken var endelig avgjort<\/h4>\n<p>Riksadvokaten gjorde det ogs\u00e5 klart at avgj\u00f8relsen ikke kunne p\u00e5klages videre innen p\u00e5talemyndigheten.\n<\/p>\n<p>\u2013 Saken er n\u00e5 endelig avgjort av p\u00e5talemyndigheten, skrev statsadvokat Sarah Rytterager.\n<\/p>\n<p>Det avsluttet den tidligere anmeldelsen.\n<\/p>\n<p>Men hendelsesforl\u00f8pet stanset ikke der.<\/p>\n<h4>Ny anmeldelse fem m\u00e5neder senere<\/h4>\n<p>14. august 2026 sendte advokat <strong>Arvid Sj\u00f8din<\/strong> og sosionom <strong>Svein Olav Nordlien<\/strong>\u00a0en ny anmeldelse til Spesialenheten p\u00e5 vegne av kvinnen.\n<\/p>\n<p>Denne gangen ber de om at mulig straffbar tjenestehandling og tjenesteunnlatelse i S\u00f8r-Vest politidistrikt unders\u00f8kes.\n<\/p>\n<p>De understreker at de ikke ber Spesialenheten p\u00e5 forh\u00e5nd konkludere med at bestemte personer har straffansvar.\n<\/p>\n<p>\u2013 Det avgj\u00f8rende er at hendelsesforl\u00f8pet unders\u00f8kes av et organ som st\u00e5r utenfor det ber\u00f8rte politidistriktet, heter det i anmeldelsen.\n<\/p>\n<h4>Viser til hendelser etter den tidligere avgj\u00f8relsen<\/h4>\n<p>Den nye anmeldelsen omfatter ogs\u00e5 forhold som ikke var en del av Riksadvokatens avgj\u00f8relse i mars.<\/p>\n<p>Et sentralt punkt er en anmeldelse mot fire ansatte i Haugesund barneverntjeneste som if\u00f8lge dokumentasjonen ble registrert som egen straffesak 1. desember 2025.\n<\/p>\n<p>Saken fikk nummer <strong>17021167 \/ 29957\/25-206<\/strong>.\n<\/p>\n<p>Sommeren 2026 skal saken ikke lenger ha v\u00e6rt mulig \u00e5 finne ved ordin\u00e6re s\u00f8k.\n<\/p>\n<p>Etter en samtale med Statsadvokatene i Vest 13. august skal kvinnen ha f\u00e5tt muntlig opplyst at saken var slettet eller behandlet som et duplikat av en annen sak.\n<\/p>\n<p>Sj\u00f8din og Nordlien understreker selv at denne opplysningen forel\u00f8pig bygger p\u00e5 en muntlig beskjed og m\u00e5 verifiseres mot politiets systemer og dokumentasjon.<\/p>\n<h4>Krever at logger sikres<\/h4>\n<p>Det er blant \u00e5rsakene til at den nye anmeldelsen inneholder en begj\u00e6ring om umiddelbar bevissikring.\n<\/p>\n<p>Spesialenheten blir bedt om \u00e5 sikre blant annet registrerings-, endrings-, tilgangs-, koblings- og slettelogger.\n<\/p>\n<p>Anmelderne \u00f8nsker svar p\u00e5 hvem som eventuelt har opprettet, endret, koblet, avregistrert eller slettet opplysninger i saken, og om den opprinnelige straffesaken kan rekonstrueres.\n<\/p>\n<h4>Politiet bekrefter den nye anmeldelsen<\/h4>\n<p>S\u00f8r-Vest politidistrikt bekrefter overfor Radio Stavanger at de er kjent med den nye anmeldelsen.\n<\/p>\n<p>\u2013 Vi er kjent med anmeldelsen. Sp\u00f8rsm\u00e5let om det er grunnlag for videre behandling eller unders\u00f8kelser, er det Spesialenheten som skal ta stilling til, sier p\u00e5taleleder <strong>P\u00e5l J\u00e6ger-Pedersen<\/strong>.<\/p>\n<p>Politidistriktet vil forel\u00f8pig ikke g\u00e5 inn i de konkrete anklagene.\n<\/p>\n<p>\u2013 Vi \u00f8nsker derfor ikke \u00e5 g\u00e5 inn i en offentlig diskusjon om forhold som eventuelt skal vurderes av dem, sier J\u00e6ger-Pedersen.\n<\/p>\n<h4>To forskjellige vurderinger<\/h4>\n<p>Det er derfor viktig \u00e5 skille mellom den tidligere og den nye saken.\n<\/p>\n<p><strong>Riksadvokaten har allerede konkludert med at den tidligere anmeldelsen ikke ga grunnlag for etterforskning.<\/strong>\n<\/p>\n<p>Den nye anmeldelsen inneholder imidlertid b\u00e5de en bredere kritikk av politiets samlede behandling og flere hendelser som skal ha funnet sted etter at den tidligere saken var behandlet.<\/p>\n<p>Sp\u00f8rsm\u00e5let n\u00e5 er om Spesialenheten mener de nye opplysningene gir \u00abrimelig grunn\u00bb til \u00e5 \u00e5pne etterforskning.\n<\/p>\n<p>Det er forel\u00f8pig ikke kjent om Spesialenheten har tatt stilling til dette.\n<\/p>\n<p><strong>Radio Stavanger f\u00f8lger saken videre.<\/strong>\n<\/p>\n<\/p><\/div>\n<p><script async defer crossorigin=\"anonymous\" data-lazy=\"w3tc\" data-src=\"https:\/\/connect.facebook.net\/nb_NO\/sdk.js#xfbml=1&#038;version=v18.0\"><\/script><br \/>\n<br \/><br \/>\n<br \/><a href=\"https:\/\/radioh.no\/riksadvokaten-sa-nei-i-mars-na-anmeldes-sor-vest-politidistrikt-pa-nytt\/\">Kilde <\/a><\/p>","protected":false},"excerpt":{"rendered":"<p>Riksadvokaten opprettholdt i mars henleggelsen av en tidligere anmeldelse mot politi og p\u00e5talemyndighet i S\u00f8r-Vest. Fem m\u00e5neder senere er politidistriktet anmeldt til Spesialenheten p\u00e5 nytt. Den nye anmeldelsen viser til flere senere hendelser og krever blant annet sikring av elektroniske logger. BARNEVERNSAKEN: Den omfattende konflikten rundt politiets og barnevernets behandling av flere saker i Haugesund [&hellip;]<\/p>","protected":false},"author":1,"featured_media":18541,"comment_status":"","ping_status":"","sticky":false,"template":"","format":"standard","meta":{"footnotes":""},"categories":[107],"tags":[],"tmauthors":[],"class_list":["post-18540","post","type-post","status-publish","format-standard","has-post-thumbnail","category-nyheter"],"_links":{"self":[{"href":"https:\/\/radiostavanger.no\/index.php?rest_route=\/wp\/v2\/posts\/18540","targetHints":{"allow":["GET"]}}],"collection":[{"href":"https:\/\/radiostavanger.no\/index.php?rest_route=\/wp\/v2\/posts"}],"about":[{"href":"https:\/\/radiostavanger.no\/index.php?rest_route=\/wp\/v2\/types\/post"}],"author":[{"embeddable":true,"href":"https:\/\/radiostavanger.no\/index.php?rest_route=\/wp\/v2\/users\/1"}],"replies":[{"embeddable":true,"href":"https:\/\/radiostavanger.no\/index.php?rest_route=%2Fwp%2Fv2%2Fcomments&post=18540"}],"version-history":[{"count":0,"href":"https:\/\/radiostavanger.no\/index.php?rest_route=\/wp\/v2\/posts\/18540\/revisions"}],"wp:featuredmedia":[{"embeddable":true,"href":"https:\/\/radiostavanger.no\/index.php?rest_route=\/wp\/v2\/media\/18541"}],"wp:attachment":[{"href":"https:\/\/radiostavanger.no\/index.php?rest_route=%2Fwp%2Fv2%2Fmedia&parent=18540"}],"wp:term":[{"taxonomy":"category","embeddable":true,"href":"https:\/\/radiostavanger.no\/index.php?rest_route=%2Fwp%2Fv2%2Fcategories&post=18540"},{"taxonomy":"post_tag","embeddable":true,"href":"https:\/\/radiostavanger.no\/index.php?rest_route=%2Fwp%2Fv2%2Ftags&post=18540"},{"taxonomy":"tmauthors","embeddable":true,"href":"https:\/\/radiostavanger.no\/index.php?rest_route=%2Fwp%2Fv2%2Ftmauthors&post=18540"}],"curies":[{"name":"wp","href":"https:\/\/api.w.org\/{rel}","templated":true}]}}