{"id":18614,"date":"2026-08-24T09:21:51","date_gmt":"2026-08-24T09:21:51","guid":{"rendered":"https:\/\/radiostavanger.no\/?p=18614"},"modified":"2026-08-24T09:21:51","modified_gmt":"2026-08-24T09:21:51","slug":"dronning-sonja-uteblir-fra-drilloppvisning-pa-slottsplassen-radio-stavanger","status":"publish","type":"post","link":"https:\/\/radiostavanger.no\/?p=18614","title":{"rendered":"Dronning Sonja uteblir fra drilloppvisning p\u00e5 Slottsplassen \u2013 Radio Stavanger"},"content":{"rendered":"<p><br \/>\n<\/p>\n<div id=\"mvp-content-main\">\n<p class=\"radioh-ingress\"><strong>Dronning Sonja uteblir fra Gardens drilloppvisning p\u00e5 Slottsplassen denne uken, fremg\u00e5r det av kongehusets offisielle program.<\/strong>\n<\/p>\n<p><strong>Innenriks<\/strong>: Dermed er det kun kronprins Haakon som skal overv\u00e6re oppvisningen, if\u00f8lge programmet.\n<\/p>\n<p>Dronningen er ikke lenger oppf\u00f8rt i Slottets offisielle program i forbindelse med oppvisningen. Opprinnelig skulle den funnet sted tirsdag 25. august, men datoen er n\u00e5 endret til onsdag 26. august.\n<\/p>\n<p>Slottet \u00f8nsker ikke \u00e5 si noe om hvorfor drilloppvisningen ble flyttet eller hvorfor dronningen ikke skal overv\u00e6re den. Flyttingen skal ikke skyldes kongens helsetilstand.\n<\/p>\n<p>\u2013 Det var tilfeldig, sier senior kommunikasjonsr\u00e5dgiver Simen L\u00f8vberg Sund ved Det kongelige hoff til NTB mandag formiddag.<\/p>\n<p>Kong Harald var ogs\u00e5 ventet \u00e5 overv\u00e6re oppvisningen, men siden han nylig ble sykmeldt, har han m\u00e5ttet avlyse flere kommende oppdrag p\u00e5 vegne av kongehuset.\n<\/p>\n<p>Dronningen er derimot fortsatt oppf\u00f8rt til \u00e5 ha audiens og motta representanter for Oslo-filharmonien 25. august.\n<\/p>\n<p>(\u00a9NTB)\n<\/p>\n<\/p><\/div>\n<p><script async defer crossorigin=\"anonymous\" data-lazy=\"w3tc\" data-src=\"https:\/\/connect.facebook.net\/nb_NO\/sdk.js#xfbml=1&#038;version=v18.0\"><\/script><br \/>\n<br \/><br \/>\n<br \/><a href=\"https:\/\/radioh.no\/dronning-sonja-uteblir-fra-drilloppvisning-pa-slottsplassen\/\">Kilde <\/a><\/p>","protected":false},"excerpt":{"rendered":"<p>Dronning Sonja uteblir fra Gardens drilloppvisning p\u00e5 Slottsplassen denne uken, fremg\u00e5r det av kongehusets offisielle program. Innenriks: Dermed er det kun kronprins Haakon som skal overv\u00e6re oppvisningen, if\u00f8lge programmet. Dronningen er ikke lenger oppf\u00f8rt i Slottets offisielle program i forbindelse med oppvisningen. Opprinnelig skulle den funnet sted tirsdag 25. august, men datoen er n\u00e5 endret [&hellip;]<\/p>","protected":false},"author":1,"featured_media":18615,"comment_status":"","ping_status":"","sticky":false,"template":"","format":"standard","meta":{"footnotes":""},"categories":[107],"tags":[],"tmauthors":[],"class_list":["post-18614","post","type-post","status-publish","format-standard","has-post-thumbnail","category-nyheter"],"_links":{"self":[{"href":"https:\/\/radiostavanger.no\/index.php?rest_route=\/wp\/v2\/posts\/18614","targetHints":{"allow":["GET"]}}],"collection":[{"href":"https:\/\/radiostavanger.no\/index.php?rest_route=\/wp\/v2\/posts"}],"about":[{"href":"https:\/\/radiostavanger.no\/index.php?rest_route=\/wp\/v2\/types\/post"}],"author":[{"embeddable":true,"href":"https:\/\/radiostavanger.no\/index.php?rest_route=\/wp\/v2\/users\/1"}],"replies":[{"embeddable":true,"href":"https:\/\/radiostavanger.no\/index.php?rest_route=%2Fwp%2Fv2%2Fcomments&post=18614"}],"version-history":[{"count":0,"href":"https:\/\/radiostavanger.no\/index.php?rest_route=\/wp\/v2\/posts\/18614\/revisions"}],"wp:featuredmedia":[{"embeddable":true,"href":"https:\/\/radiostavanger.no\/index.php?rest_route=\/wp\/v2\/media\/18615"}],"wp:attachment":[{"href":"https:\/\/radiostavanger.no\/index.php?rest_route=%2Fwp%2Fv2%2Fmedia&parent=18614"}],"wp:term":[{"taxonomy":"category","embeddable":true,"href":"https:\/\/radiostavanger.no\/index.php?rest_route=%2Fwp%2Fv2%2Fcategories&post=18614"},{"taxonomy":"post_tag","embeddable":true,"href":"https:\/\/radiostavanger.no\/index.php?rest_route=%2Fwp%2Fv2%2Ftags&post=18614"},{"taxonomy":"tmauthors","embeddable":true,"href":"https:\/\/radiostavanger.no\/index.php?rest_route=%2Fwp%2Fv2%2Ftmauthors&post=18614"}],"curies":[{"name":"wp","href":"https:\/\/api.w.org\/{rel}","templated":true}]}}