{"id":18760,"date":"2026-08-25T02:09:10","date_gmt":"2026-08-25T02:09:10","guid":{"rendered":"https:\/\/radiostavanger.no\/?p=18760"},"modified":"2026-08-25T02:09:10","modified_gmt":"2026-08-25T02:09:10","slug":"rettssak-mot-libysk-offiser-utsatt-i-usa-radio-stavanger","status":"publish","type":"post","link":"https:\/\/radiostavanger.no\/?p=18760","title":{"rendered":"Rettssak mot libysk offiser utsatt i USA \u2013 Radio Stavanger"},"content":{"rendered":"<p><br \/>\n<\/p>\n<div id=\"mvp-content-main\">\n<p class=\"radioh-ingress\"><strong>Rettssaken mot den tidligere libyske etterretningsoffiseren som er tiltalt etter Pan Am-bombingen over Lockerbie i 1988, er utsatt. Den skulle ha startet onsdag denne uka.<\/strong>\n<\/p>\n<p><strong>Utenriks<\/strong>: Rettssaken i Washington er utsatt fordi forsvarerne har f\u00e5tt tilgang til nye bevis i den snart 40 \u00e5r gamle saken, melder nyhetsbyr\u00e5et AP.\n<\/p>\n<p>I kjennelsen g\u00e5r dommer Dabney Friedrich ikke n\u00e6rmere inn p\u00e5 hva slags bevis det er snakk om.\n<\/p>\n<p>Rettssaken er den f\u00f8rste i USA knyttet til bomben om bord i Pan Ams rute 103, som 21. desember 1988 eksploderte over Lockerbie i Skottland. 270 mennesker d\u00f8de \u2013 mange av dem amerikanere. Tallet omfatter ogs\u00e5 elleve personer p\u00e5 bakken.\n<\/p>\n<p>P\u00e5talemyndigheten hevder at Abu Agila Masud, som n\u00e5 er i midten av 70-\u00e5rene, laget bomben som fikk flyet til \u00e5 styrte.<\/p>\n<p>To andre libyske etterretningsagenter ble stilt for retten av et panel med skotske dommere p\u00e5 en tidligere amerikansk milit\u00e6rbase i Nederland i 2000. Tribunalet d\u00f8mte \u00e9n av dem og frifant den andre, men bombemakerens mulige identitet forble et mysterium i mange \u00e5r.\n<\/p>\n<p>Bombingen skal ha blitt gjennomf\u00f8rt p\u00e5 ordre fra den libyske lederen Muammar Gaddafi, som ble styrtet og drept under borgerkrigen i 2011.\n<\/p>\n<p>Hvis Masud blir funnet skyldig, risikerer han livsvarig fengsel.\n<\/p>\n<p>(\u00a9NTB)\n<\/p>\n<\/p><\/div>\n<p><script async defer crossorigin=\"anonymous\" data-lazy=\"w3tc\" data-src=\"https:\/\/connect.facebook.net\/nb_NO\/sdk.js#xfbml=1&#038;version=v18.0\"><\/script><br \/>\n<br \/><br \/>\n<br \/><a href=\"https:\/\/radioh.no\/lockerbie-saken-rettssak-mot-libysk-offiser-utsatt-i-usa\/\">Kilde <\/a><\/p>","protected":false},"excerpt":{"rendered":"<p>Rettssaken mot den tidligere libyske etterretningsoffiseren som er tiltalt etter Pan Am-bombingen over Lockerbie i 1988, er utsatt. Den skulle ha startet onsdag denne uka. Utenriks: Rettssaken i Washington er utsatt fordi forsvarerne har f\u00e5tt tilgang til nye bevis i den snart 40 \u00e5r gamle saken, melder nyhetsbyr\u00e5et AP. I kjennelsen g\u00e5r dommer Dabney Friedrich [&hellip;]<\/p>","protected":false},"author":1,"featured_media":18761,"comment_status":"","ping_status":"","sticky":false,"template":"","format":"standard","meta":{"footnotes":""},"categories":[107],"tags":[],"tmauthors":[],"class_list":["post-18760","post","type-post","status-publish","format-standard","has-post-thumbnail","category-nyheter"],"_links":{"self":[{"href":"https:\/\/radiostavanger.no\/index.php?rest_route=\/wp\/v2\/posts\/18760","targetHints":{"allow":["GET"]}}],"collection":[{"href":"https:\/\/radiostavanger.no\/index.php?rest_route=\/wp\/v2\/posts"}],"about":[{"href":"https:\/\/radiostavanger.no\/index.php?rest_route=\/wp\/v2\/types\/post"}],"author":[{"embeddable":true,"href":"https:\/\/radiostavanger.no\/index.php?rest_route=\/wp\/v2\/users\/1"}],"replies":[{"embeddable":true,"href":"https:\/\/radiostavanger.no\/index.php?rest_route=%2Fwp%2Fv2%2Fcomments&post=18760"}],"version-history":[{"count":0,"href":"https:\/\/radiostavanger.no\/index.php?rest_route=\/wp\/v2\/posts\/18760\/revisions"}],"wp:featuredmedia":[{"embeddable":true,"href":"https:\/\/radiostavanger.no\/index.php?rest_route=\/wp\/v2\/media\/18761"}],"wp:attachment":[{"href":"https:\/\/radiostavanger.no\/index.php?rest_route=%2Fwp%2Fv2%2Fmedia&parent=18760"}],"wp:term":[{"taxonomy":"category","embeddable":true,"href":"https:\/\/radiostavanger.no\/index.php?rest_route=%2Fwp%2Fv2%2Fcategories&post=18760"},{"taxonomy":"post_tag","embeddable":true,"href":"https:\/\/radiostavanger.no\/index.php?rest_route=%2Fwp%2Fv2%2Ftags&post=18760"},{"taxonomy":"tmauthors","embeddable":true,"href":"https:\/\/radiostavanger.no\/index.php?rest_route=%2Fwp%2Fv2%2Ftmauthors&post=18760"}],"curies":[{"name":"wp","href":"https:\/\/api.w.org\/{rel}","templated":true}]}}