{"id":18796,"date":"2026-08-25T06:45:01","date_gmt":"2026-08-25T06:45:01","guid":{"rendered":"https:\/\/radiostavanger.no\/?p=18796"},"modified":"2026-08-25T06:45:01","modified_gmt":"2026-08-25T06:45:01","slug":"kronprinsparet-deler-nytt-bilde-pa-solvbryllupsdagen-radio-stavanger","status":"publish","type":"post","link":"https:\/\/radiostavanger.no\/?p=18796","title":{"rendered":"Kronprinsparet deler nytt bilde p\u00e5 s\u00f8lvbryllupsdagen \u2013 Radio Stavanger"},"content":{"rendered":"<p><br \/>\n<\/p>\n<div id=\"mvp-content-main\">\n<p class=\"radioh-ingress\"><strong>25 \u00e5r etter at de ble viet i Oslo domkirke, markerer kronprins Haakon og kronprinsesse Mette-Marit bryllupsdagen privat med familien. Inntil videre f\u00e5r folket klare seg med et bilde av dem.<\/strong>\n<\/p>\n<p><strong>Innenriks<\/strong>: Bildet ble tatt ute p\u00e5 Skaugum i forrige uke. Allerede da var det klart at kronprinsparet ser seg n\u00f8dt til \u00e5 utsette den store feiringen.\n<\/p>\n<p>\u2013 Gratulerer med s\u00f8lvbryllupsdagen til kronprinsparet! I dag er det 25 \u00e5r siden kronprins Haakon og Kronprinsesse Mette-Marit ga hverandre sitt ja i Oslo domkirke, 25. august 2001. 25 \u00e5r med kj\u00e6rlighet, familie og et liv sammen, st\u00e5r det i innlegget p\u00e5 Instagram.\n<\/p>\n<p>\u2013 De gleder seg til \u00e5 feire anledningen p\u00e5 et senere tidspunkt, n\u00e5r kronprinsessens helse tillater det, sier senior kommunikasjonsr\u00e5dgiver Simen L\u00f8vberg Sund ved Det kongelige hoff til NTB.\n<\/p>\n<p>Ved \u00e5 utsette feiringen til senere, er det dessuten h\u00e5p om at kong Harald kan f\u00e5 den med seg. Han er for \u00f8yeblikket innlagt p\u00e5 Rikshospitalet for behandling. Det er forel\u00f8pig ikke kjent hvor lenge kongen vil v\u00e6re sykmeldt. Kronprins Haakon fungerer som regent i farens frav\u00e6r.<\/p>\n<h2>Gode og onde dager<\/h2>\n<p>\nDa kronprinsparet stilte til intervju om kontakten med Jeffrey Epstein i mars i \u00e5r, kom de inn p\u00e5 forholdet sitt og framtiden sammen.\n<\/p>\n<p>\u2013 Jeg lever med en alvorlig sykdom, og det er den som preger mine hverdager n\u00e5. Det er den som avgj\u00f8r om jeg kan st\u00e5 i rollen min eller ikke, sa kronprinsessen, bare m\u00e5neder f\u00f8r hun m\u00e5tte gjennomg\u00e5 lungetransplantasjon. Hun understreket at hun har stor tro p\u00e5 monarkiets betydning i Norge, og p\u00e5 ektemannen.\n<\/p>\n<p>\u2013 Jeg har lyst til \u00e5 st\u00e5 ved siden av ham. Hvis jeg har mulighet til det med helsa mi.\n<\/p>\n<p>Kronprinsen fulgte opp med \u00e5 si at de to har bygget et fundament, en grunnmur sammen over 25 \u00e5r, s\u00e5 de st\u00e5r st\u00f8tt sammen.\n<\/p>\n<p>\u2013 N\u00e5r man gifter seg, s\u00e5 er det for gode og onde dager. N\u00e5r det er gode dager, s\u00e5 er det jo greit. Da er ting fint. Det er jo n\u00e5r det er skikkelig motbakke og utfordringer \u2026 Det er da det er s\u00e5 viktig \u00e5 ha det fundamentet \u00e5 st\u00e5 sammen p\u00e5.<\/p>\n<h2>Utstilling viet jubileet<\/h2>\n<p>\nS\u00f8lvbryllupsfeiringen senere i h\u00f8st vil trolig inkludere kronprinsparets felles barn, ettersom prinsesse Ingrid Alexandra er p\u00e5 utveksling til Universitetet i Oslo i h\u00f8st, og prins Sverre Magnus skal studere i Europa og kommer hjem ved behov.\n<\/p>\n<p>Det er for \u00f8vrig mange som har f\u00e5tt med seg at dette er jubileums\u00e5r for paret, ettersom kronprinsparets s\u00f8lvbryllup var utgangspunktet for utstillingen p\u00e5 \u00c5pent slott i sommer. Denne sesongen var over 51.000 bes\u00f8kende innom utstillingen, ny rekord, f\u00e5r NTB opplyst.\n<\/p>\n<p>(\u00a9NTB)\n<\/p>\n<\/p><\/div>\n<p><script async defer crossorigin=\"anonymous\" data-lazy=\"w3tc\" data-src=\"https:\/\/connect.facebook.net\/nb_NO\/sdk.js#xfbml=1&#038;version=v18.0\"><\/script><script async src=\"\/\/www.instagram.com\/embed.js\"><\/script><br \/>\n<br \/><br \/>\n<br \/><a href=\"https:\/\/radioh.no\/kronprinsparet-deler-nytt-bilde-pa-solvbryllupsdagen\/\">Kilde <\/a><\/p>","protected":false},"excerpt":{"rendered":"<p>25 \u00e5r etter at de ble viet i Oslo domkirke, markerer kronprins Haakon og kronprinsesse Mette-Marit bryllupsdagen privat med familien. Inntil videre f\u00e5r folket klare seg med et bilde av dem. Innenriks: Bildet ble tatt ute p\u00e5 Skaugum i forrige uke. Allerede da var det klart at kronprinsparet ser seg n\u00f8dt til \u00e5 utsette den [&hellip;]<\/p>","protected":false},"author":1,"featured_media":18797,"comment_status":"","ping_status":"","sticky":false,"template":"","format":"standard","meta":{"footnotes":""},"categories":[107],"tags":[],"tmauthors":[],"class_list":["post-18796","post","type-post","status-publish","format-standard","has-post-thumbnail","category-nyheter"],"_links":{"self":[{"href":"https:\/\/radiostavanger.no\/index.php?rest_route=\/wp\/v2\/posts\/18796","targetHints":{"allow":["GET"]}}],"collection":[{"href":"https:\/\/radiostavanger.no\/index.php?rest_route=\/wp\/v2\/posts"}],"about":[{"href":"https:\/\/radiostavanger.no\/index.php?rest_route=\/wp\/v2\/types\/post"}],"author":[{"embeddable":true,"href":"https:\/\/radiostavanger.no\/index.php?rest_route=\/wp\/v2\/users\/1"}],"replies":[{"embeddable":true,"href":"https:\/\/radiostavanger.no\/index.php?rest_route=%2Fwp%2Fv2%2Fcomments&post=18796"}],"version-history":[{"count":0,"href":"https:\/\/radiostavanger.no\/index.php?rest_route=\/wp\/v2\/posts\/18796\/revisions"}],"wp:featuredmedia":[{"embeddable":true,"href":"https:\/\/radiostavanger.no\/index.php?rest_route=\/wp\/v2\/media\/18797"}],"wp:attachment":[{"href":"https:\/\/radiostavanger.no\/index.php?rest_route=%2Fwp%2Fv2%2Fmedia&parent=18796"}],"wp:term":[{"taxonomy":"category","embeddable":true,"href":"https:\/\/radiostavanger.no\/index.php?rest_route=%2Fwp%2Fv2%2Fcategories&post=18796"},{"taxonomy":"post_tag","embeddable":true,"href":"https:\/\/radiostavanger.no\/index.php?rest_route=%2Fwp%2Fv2%2Ftags&post=18796"},{"taxonomy":"tmauthors","embeddable":true,"href":"https:\/\/radiostavanger.no\/index.php?rest_route=%2Fwp%2Fv2%2Ftmauthors&post=18796"}],"curies":[{"name":"wp","href":"https:\/\/api.w.org\/{rel}","templated":true}]}}