{"id":18929,"date":"2026-08-25T16:42:01","date_gmt":"2026-08-25T16:42:01","guid":{"rendered":"https:\/\/radiostavanger.no\/?p=18929"},"modified":"2026-08-25T16:42:01","modified_gmt":"2026-08-25T16:42:01","slug":"lokal-mann-tiltalt-for-seksuell-omgang-med-14-aring-tidligere-domt-radio-stavanger","status":"publish","type":"post","link":"https:\/\/radiostavanger.no\/?p=18929","title":{"rendered":"Lokal mann tiltalt for seksuell omgang med 14-\u00e5ring, tidligere d\u00f8mt \u2013 Radio Stavanger"},"content":{"rendered":"<p><br \/>\n<\/p>\n<div id=\"mvp-content-main\">\n<p class=\"radioh-ingress\"><strong>En tidligere overgrepsd\u00f8mt 33-\u00e5ring fra Haugalandet m\u00f8ter p\u00e5 nytt i retten, tiltalt for seksuell omgang med en 14 \u00e5r gammel gutt og for \u00e5 ha sendt seksuelt materiale til ham p\u00e5 Snapchat.<\/strong>\n<\/p>\n<p><strong>Haugesund:<\/strong> En 33 \u00e5r gammel mann fra Haugalandet m\u00f8tte tirsdag i Haugaland og Sunnhordland tingrett, tiltalt for seksuell omgang med en 14 \u00e5r gammel gutt og seksuelt krenkende atferd. Mannen erkjenner straffskyld for \u00e9n av de to tiltalepostene.\n<\/p>\n<p>Hovedforhandlingen startet tirsdag 25. august i tinghuset i Haugesund. Det er satt av to dager til saken, som fortsetter onsdag.\n<\/p>\n<p>Tingrettsdommer Sigrid Anderssen Cabot leder retten. Politiadvokat Emma Moore f\u00f8rer saken for p\u00e5talemyndigheten.\n<\/p>\n<p>Advokatene Jonas K\u00e5re Wohlgemuth Wergeland og Ben Einar Grindhaug er oppf\u00f8rt som forsvarere. Sigurd J\u00f8rgen Kloms\u00e6t er bistandsadvokat for den forn\u00e6rmede.<\/p>\n<p><strong>Nekter for seksuell omgang<\/strong>\n<\/p>\n<p>Tiltalens f\u00f8rste post gjelder overtredelse av straffeloven \u00a7 302, som omfatter seksuell omgang med barn mellom 14 og 16 \u00e5r. Strafferammen er fengsel i inntil seks \u00e5r.\n<\/p>\n<p>P\u00e5talemyndigheten mener mannen hadde seksuell omgang med gutten i en bil p\u00e5 en parkeringsplass i Aksdal i Tysv\u00e6r i mars 2022.\n<\/p>\n<p>Den forn\u00e6rmede hadde fylt 14 \u00e5r \u00e9n uke tidligere. Tiltalte var 29 \u00e5r da det p\u00e5st\u00e5tte forholdet skal ha skjedd.\n<\/p>\n<p>33-\u00e5ringen nekter straffskyld for denne delen av tiltalen. Tiltalen er p\u00e5talemyndighetens beskrivelse av hva den mener har skjedd. Det er retten som skal avgj\u00f8re om forholdet er bevist.<\/p>\n<p><strong>Erkjenner \u00e5 ha sendt seksuelt materiale<\/strong>\n<\/p>\n<p>Tiltalens andre post gjelder straffeloven \u00a7 305 bokstav a. Bestemmelsen rammer seksuelt krenkende eller annen uanstendig atferd overfor barn under 16 \u00e5r.\n<\/p>\n<p>If\u00f8lge tiltalebeslutningen skal mannen ved flere anledninger ha sendt seksuelt eksplisitte bilder og videoer av seg selv til gutten gjennom Snapchat.\n<\/p>\n<p>Perioden ble i retten oppgitt til november 2021 til sommeren 2023. Den forn\u00e6rmede var 13 \u00e5r da interaksjonen startet.\n<\/p>\n<p>Mannen erkjenner straffskyld for denne tiltaleposten.<\/p>\n<p>Tiltalen viser ogs\u00e5 til straffeloven \u00a7 79 bokstav a, som gjelder straffutm\u00e5lingen n\u00e5r flere lovbrudd skal vurderes samlet. Eventuelle krav om erstatning eller oppreisning blir fremmet gjennom bistandsadvokaten.\n<\/p>\n<p><strong>D\u00f8mt for lignende forhold i 2012<\/strong>\n<\/p>\n<p>Den tiltalte mannen er tidligere d\u00f8mt for seksuallovbrudd mot et barn.\n<\/p>\n<p>I august 2012 ble han d\u00f8mt i dav\u00e6rende Haugaland tingrett for seksuell omgang med en gutt under 14 \u00e5r og seksuelt krenkende atferd overfor et barn under 16 \u00e5r.\n<\/p>\n<p>Forholdene skjedde h\u00f8sten 2011. Den forn\u00e6rmede var 13 \u00e5r, mens den n\u00e5 tiltalte mannen var 18 \u00e5r.<\/p>\n<p>If\u00f8lge dommen hadde mannen og gutten kontakt gjennom Facebook og andre sosiale medier. Mannen sendte seksuelt ladede meldinger til gutten. De to m\u00f8ttes senere, og mannen hadde seksuell omgang med ham i en parkert bil.\n<\/p>\n<p>Mannen erkjente den gangen straffskyld for begge forholdene.\n<\/p>\n<p>Han ble d\u00f8mt til fengsel i ett \u00e5r og seks m\u00e5neder. Av straffen ble 120 dager gjort ubetinget. Resten ble gjort betinget med en pr\u00f8vetid p\u00e5 to \u00e5r. Han ble ogs\u00e5 d\u00f8mt til \u00e5 betale 60.000 kroner i oppreisning.\n<\/p>\n<p>Ved straffutm\u00e5lingen la retten blant annet vekt p\u00e5 mannens unge alder og at han tilsto da han ble konfrontert med anmeldelsen. Retten understreket samtidig at voksne har ansvaret for at barn ikke trekkes inn i seksuell kontakt.\n<\/p>\n<p><strong>Del av et st\u00f8rre sakskompleks<\/strong><\/p>\n<p>Den nye straffesaken er knyttet til et st\u00f8rre sakskompleks der \u00abKristoffer\u00bb anmeldte en rekke voksne menn for seksuelle overgrep.\n<\/p>\n<p>Flere personer er allerede d\u00f8mt. Bistandsadvokat Sigurd Kloms\u00e6t har tidligere rettet sterk kritikk mot politiets arbeid og den lange tiden det har tatt \u00e5 behandle sakene.\n<\/p>\n<p>Politiadvokat Emma Moore har erkjent at etterforskningen har hatt d\u00e5rlig fremdrift, som omtalt i Radio Stavanger tidligere. Lang saksbehandlingstid kan f\u00e5 betydning for straffen dersom tiltalte blir d\u00f8mt.\n<\/p>\n<p>Hovedforhandlingen avsluttes etter planen onsdag 26. august. Dommen vil bli avsagt p\u00e5 et senere tidspunkt.\n<\/p>\n<h3>Status for sakskomplekset<\/h3>\n<table style=\"width: 100%;border-collapse: collapse;margin: 20px 0;font-size: 15px\">\n<thead>\n<tr>\n<th style=\"border: 1px solid #ccc;padding: 10px;text-align: left;background: #f5f5f5\">Status<\/th>\n<th style=\"border: 1px solid #ccc;padding: 10px;text-align: left;background: #f5f5f5\">Navn \/ alder<\/th>\n<th style=\"border: 1px solid #ccc;padding: 10px;text-align: left;background: #f5f5f5\">Beskrivelse<\/th>\n<th style=\"border: 1px solid #ccc;padding: 10px;text-align: left;background: #f5f5f5\">Straff \/ status<\/th>\n<\/tr>\n<\/thead>\n<tbody>\n<tr>\n<td style=\"border: 1px solid #ccc;padding: 10px\">D\u00f8mt<\/td>\n<td style=\"border: 1px solid #ccc;padding: 10px\">Mann (51)<\/td>\n<td style=\"border: 1px solid #ccc;padding: 10px\">Tidligere lokalpolitiker for Arbeiderpartiet og advokat<\/td>\n<td style=\"border: 1px solid #ccc;padding: 10px\">6 mnd fengsel + 60.000 kr i oppreisning<\/td>\n<\/tr>\n<tr>\n<td style=\"border: 1px solid #ccc;padding: 10px\">D\u00f8mt<\/td>\n<td style=\"border: 1px solid #ccc;padding: 10px\">Mann (65)<\/td>\n<td style=\"border: 1px solid #ccc;padding: 10px\">\u2013<\/td>\n<td style=\"border: 1px solid #ccc;padding: 10px\">11 mnd fengsel + 80.000 kr i oppreisning<\/td>\n<\/tr>\n<tr>\n<td style=\"border: 1px solid #ccc;padding: 10px\">D\u00f8mt<\/td>\n<td style=\"border: 1px solid #ccc;padding: 10px\">Mann (32)<\/td>\n<td style=\"border: 1px solid #ccc;padding: 10px\">Tidligere milj\u00f8arbeider ved en barneskole<\/td>\n<td style=\"border: 1px solid #ccc;padding: 10px\">7 mnd fengsel + 60.000 kr i oppreisning<\/td>\n<\/tr>\n<tr>\n<td style=\"border: 1px solid #ccc;padding: 10px\">D\u00f8mt<\/td>\n<td style=\"border: 1px solid #ccc;padding: 10px\">Mann (38)<\/td>\n<td style=\"border: 1px solid #ccc;padding: 10px\">\u2013<\/td>\n<td style=\"border: 1px solid #ccc;padding: 10px\">8 mnd fengsel + 80.000 kr i oppreisning<\/td>\n<\/tr>\n<tr>\n<td style=\"border: 1px solid #ccc;padding: 10px\">D\u00f8mt<\/td>\n<td style=\"border: 1px solid #ccc;padding: 10px\">Mann (34)<\/td>\n<td style=\"border: 1px solid #ccc;padding: 10px\">\u2013<\/td>\n<td style=\"border: 1px solid #ccc;padding: 10px\">11 mnd fengsel + 90.000 kr i oppreisning<\/td>\n<\/tr>\n<tr>\n<td style=\"border: 1px solid #ccc;padding: 10px\">D\u00f8mt<\/td>\n<td style=\"border: 1px solid #ccc;padding: 10px\">Mann (66)<\/td>\n<td style=\"border: 1px solid #ccc;padding: 10px\">\u2013<\/td>\n<td style=\"border: 1px solid #ccc;padding: 10px\">11 mnd fengsel + 80.000 kr i oppreisning<\/td>\n<\/tr>\n<tr>\n<td style=\"border: 1px solid #ccc;padding: 10px\">D\u00f8mt<\/td>\n<td style=\"border: 1px solid #ccc;padding: 10px\">Mann (44)<\/td>\n<td style=\"border: 1px solid #ccc;padding: 10px\">Tidligere skoleansatt ved en h\u00f8yskole i Bergen og tidligere ansatt ved Haugaland og Sunnhordland tingrett<\/td>\n<td style=\"border: 1px solid #ccc;padding: 10px\">7 mnd fengsel + 80.000 kr i oppreisning<\/td>\n<\/tr>\n<tr>\n<td style=\"border: 1px solid #ccc;padding: 10px\">D\u00f8mt<\/td>\n<td style=\"border: 1px solid #ccc;padding: 10px\">Mann (33)<\/td>\n<td style=\"border: 1px solid #ccc;padding: 10px\">Tidligere l\u00e6rer, sv\u00f8mmel\u00e6rer og ansatt i Mediehuset Haugesunds Avis<\/td>\n<td style=\"border: 1px solid #ccc;padding: 10px\">5 mnd fengsel + 50.000 kr i oppreisning<\/td>\n<\/tr>\n<tr>\n<td style=\"border: 1px solid #ccc;padding: 10px\">D\u00f8mt<\/td>\n<td style=\"border: 1px solid #ccc;padding: 10px\">Mann (38)<\/td>\n<td style=\"border: 1px solid #ccc;padding: 10px\">\u2013<\/td>\n<td style=\"border: 1px solid #ccc;padding: 10px\">To \u00e5r og ti mnd i fengsel + 290.000 kr i oppreisning.<\/td>\n<\/tr>\n<tr>\n<td style=\"border: 1px solid #ccc;padding: 10px\">Siktet<\/td>\n<td style=\"border: 1px solid #ccc;padding: 10px\">Mann (27)<\/td>\n<td style=\"border: 1px solid #ccc;padding: 10px\">Tidligere d\u00f8mt flere ganger for nettovergrep mot unge gutter, soner fengselsstraff<\/td>\n<td style=\"border: 1px solid #ccc;padding: 10px\">Ny siktelse, detaljer ukjent<\/td>\n<\/tr>\n<tr>\n<td style=\"border: 1px solid #ccc;padding: 10px\">Tiltalt<\/td>\n<td style=\"border: 1px solid #ccc;padding: 10px\">Mann (33)<\/td>\n<td style=\"border: 1px solid #ccc;padding: 10px\">Denne saken. Tidligere d\u00f8mt<\/td>\n<td style=\"border: 1px solid #ccc;padding: 10px\">Tiltalt<\/td>\n<\/tr>\n<tr>\n<td style=\"border: 1px solid #ccc;padding: 10px\">Siktet<\/td>\n<td style=\"border: 1px solid #ccc;padding: 10px\">Mann (30)<\/td>\n<td style=\"border: 1px solid #ccc;padding: 10px\">Har v\u00e6rt p\u00e5grepet og avh\u00f8rt<\/td>\n<td style=\"border: 1px solid #ccc;padding: 10px\">Siktet, detaljer ukjent<\/td>\n<\/tr>\n<\/tbody>\n<\/table><\/div>\n<p><script async defer crossorigin=\"anonymous\" data-lazy=\"w3tc\" data-src=\"https:\/\/connect.facebook.net\/nb_NO\/sdk.js#xfbml=1&#038;version=v18.0\"><\/script><br \/>\n<br \/><br \/>\n<br \/><a href=\"https:\/\/radioh.no\/lokal-mann-tiltalt-for-seksuell-omgang-med-14-aring-tidligere-domt\/\">Kilde <\/a><\/p>","protected":false},"excerpt":{"rendered":"<p>En tidligere overgrepsd\u00f8mt 33-\u00e5ring fra Haugalandet m\u00f8ter p\u00e5 nytt i retten, tiltalt for seksuell omgang med en 14 \u00e5r gammel gutt og for \u00e5 ha sendt seksuelt materiale til ham p\u00e5 Snapchat. Haugesund: En 33 \u00e5r gammel mann fra Haugalandet m\u00f8tte tirsdag i Haugaland og Sunnhordland tingrett, tiltalt for seksuell omgang med en 14 \u00e5r [&hellip;]<\/p>","protected":false},"author":1,"featured_media":0,"comment_status":"","ping_status":"","sticky":false,"template":"","format":"standard","meta":{"footnotes":""},"categories":[107],"tags":[],"tmauthors":[],"class_list":["post-18929","post","type-post","status-publish","format-standard","category-nyheter"],"_links":{"self":[{"href":"https:\/\/radiostavanger.no\/index.php?rest_route=\/wp\/v2\/posts\/18929","targetHints":{"allow":["GET"]}}],"collection":[{"href":"https:\/\/radiostavanger.no\/index.php?rest_route=\/wp\/v2\/posts"}],"about":[{"href":"https:\/\/radiostavanger.no\/index.php?rest_route=\/wp\/v2\/types\/post"}],"author":[{"embeddable":true,"href":"https:\/\/radiostavanger.no\/index.php?rest_route=\/wp\/v2\/users\/1"}],"replies":[{"embeddable":true,"href":"https:\/\/radiostavanger.no\/index.php?rest_route=%2Fwp%2Fv2%2Fcomments&post=18929"}],"version-history":[{"count":0,"href":"https:\/\/radiostavanger.no\/index.php?rest_route=\/wp\/v2\/posts\/18929\/revisions"}],"wp:attachment":[{"href":"https:\/\/radiostavanger.no\/index.php?rest_route=%2Fwp%2Fv2%2Fmedia&parent=18929"}],"wp:term":[{"taxonomy":"category","embeddable":true,"href":"https:\/\/radiostavanger.no\/index.php?rest_route=%2Fwp%2Fv2%2Fcategories&post=18929"},{"taxonomy":"post_tag","embeddable":true,"href":"https:\/\/radiostavanger.no\/index.php?rest_route=%2Fwp%2Fv2%2Ftags&post=18929"},{"taxonomy":"tmauthors","embeddable":true,"href":"https:\/\/radiostavanger.no\/index.php?rest_route=%2Fwp%2Fv2%2Ftmauthors&post=18929"}],"curies":[{"name":"wp","href":"https:\/\/api.w.org\/{rel}","templated":true}]}}