{"id":18982,"date":"2026-08-26T00:25:01","date_gmt":"2026-08-26T00:25:01","guid":{"rendered":"https:\/\/radiostavanger.no\/?p=18982"},"modified":"2026-08-26T00:25:01","modified_gmt":"2026-08-26T00:25:01","slug":"nesten-halvparten-kjorer-for-fort-na-kommer-fotobokser-radio-stavanger","status":"publish","type":"post","link":"https:\/\/radiostavanger.no\/?p=18982","title":{"rendered":"Nesten halvparten kj\u00f8rer for fort \u2013 n\u00e5 kommer fotobokser \u2013 Radio Stavanger"},"content":{"rendered":"<p><br \/>\n<\/p>\n<div id=\"mvp-content-main\">\n<p class=\"radioh-ingress\"><strong>Nesten annenhver bilist kj\u00f8rer for fort i Lyshorntunnelen p\u00e5 E39 mellom Os og Bergen. N\u00e5 har Statens vegvesen bestemt at det skal innf\u00f8res automatisk fartskontroll i tunnelen.<\/strong>\n<\/p>\n<p><b>Fotobokser:<\/b> Statens vegvesen har besluttet \u00e5 etablere fotobokser i den over ni kilometer lange Lyshorntunnelen mellom Os og Bergen.\n<\/p>\n<p>Bakgrunnen er fartsm\u00e5linger som viser at en sv\u00e6rt stor andel av bilistene kj\u00f8rer over fartsgrensen p\u00e5 100 kilometer i timen.\n<\/p>\n<p>I l\u00f8pet av \u00e9n uke tidligere i sommer kj\u00f8rte 45 prosent for fort i retning Bergen, mens 49 prosent kj\u00f8rte over fartsgrensen mot Bj\u00f8rnafjorden, skriver Stord24 med Bergens Tidende som kilde.\n<\/p>\n<h4>F\u00f8rste 100-sone med automatisk kontroll<\/h4>\n<p>Anlegget skal bli det f\u00f8rste i Norge med automatisk trafikkontroll i en 100-sone.<\/p>\n<p>Fotoboksene skal ikke bare registrere farten p\u00e5 ett punkt, men m\u00e5le gjennomsnittsfarten gjennom tunnelen.\n<\/p>\n<p>Teknologien som kreves finnes imidlertid ikke ferdig utviklet i dag.\n<\/p>\n<p>\u2013 Det blir helt nyutviklet og banebrytende ATK-teknologi med tokameral\u00f8sning, sier Hilde Hal\u00e5s, sjef for ATK-seksjonen i Statens vegvesen, til BT.\n<\/p>\n<p>Det er derfor forel\u00f8pig uklart n\u00e5r systemet kan tas i bruk.\n<\/p>\n<h4>Krever sv\u00e6rt presise m\u00e5linger<\/h4>\n<p>Vegvesenet understreker at teknologien m\u00e5 v\u00e6re sv\u00e6rt n\u00f8yaktig f\u00f8r den kan tas i bruk.<\/p>\n<p>Fartsovertredelser kan f\u00f8re til b\u00e5de tap av f\u00f8rerkort og i alvorlige tilfeller fengselsstraff, og m\u00e5lingene m\u00e5 derfor v\u00e6re p\u00e5litelige i alle ledd.\n<\/p>\n<p>Lyshorntunnelen er lang og rett, og Vegvesenet mener konsekvensene av ulykker kan bli s\u00e6rlig alvorlige inne i tunnelen.\n<\/p>\n<h4>Har m\u00e5lt 278 kilometer i timen<\/h4>\n<p>Tunnelen har tidligere f\u00e5tt oppmerksomhet etter flere tilfeller av ekstrem r\u00e5kj\u00f8ring.\n<\/p>\n<p>Det er registrert hastigheter p\u00e5 opptil 278 kilometer i timen.\n<\/p>\n<p>I en 100-sone g\u00e5r grensen for f\u00f8rerkortbeslag ved 141 kilometer i timen.<\/p>\n<p><i>Kilder: Bergens Tidende<\/i>\n<\/p>\n<\/p><\/div>\n<p><script async defer crossorigin=\"anonymous\" data-lazy=\"w3tc\" data-src=\"https:\/\/connect.facebook.net\/nb_NO\/sdk.js#xfbml=1&#038;version=v18.0\"><\/script><br \/>\n<br \/><br \/>\n<br \/><a href=\"https:\/\/radioh.no\/nesten-halvparten-kjorer-for-fort-na-kommer-fotobokser\/\">Kilde <\/a><\/p>","protected":false},"excerpt":{"rendered":"<p>Nesten annenhver bilist kj\u00f8rer for fort i Lyshorntunnelen p\u00e5 E39 mellom Os og Bergen. N\u00e5 har Statens vegvesen bestemt at det skal innf\u00f8res automatisk fartskontroll i tunnelen. Fotobokser: Statens vegvesen har besluttet \u00e5 etablere fotobokser i den over ni kilometer lange Lyshorntunnelen mellom Os og Bergen. Bakgrunnen er fartsm\u00e5linger som viser at en sv\u00e6rt stor [&hellip;]<\/p>","protected":false},"author":1,"featured_media":18983,"comment_status":"","ping_status":"","sticky":false,"template":"","format":"standard","meta":{"footnotes":""},"categories":[107],"tags":[],"tmauthors":[],"class_list":["post-18982","post","type-post","status-publish","format-standard","has-post-thumbnail","category-nyheter"],"_links":{"self":[{"href":"https:\/\/radiostavanger.no\/index.php?rest_route=\/wp\/v2\/posts\/18982","targetHints":{"allow":["GET"]}}],"collection":[{"href":"https:\/\/radiostavanger.no\/index.php?rest_route=\/wp\/v2\/posts"}],"about":[{"href":"https:\/\/radiostavanger.no\/index.php?rest_route=\/wp\/v2\/types\/post"}],"author":[{"embeddable":true,"href":"https:\/\/radiostavanger.no\/index.php?rest_route=\/wp\/v2\/users\/1"}],"replies":[{"embeddable":true,"href":"https:\/\/radiostavanger.no\/index.php?rest_route=%2Fwp%2Fv2%2Fcomments&post=18982"}],"version-history":[{"count":0,"href":"https:\/\/radiostavanger.no\/index.php?rest_route=\/wp\/v2\/posts\/18982\/revisions"}],"wp:featuredmedia":[{"embeddable":true,"href":"https:\/\/radiostavanger.no\/index.php?rest_route=\/wp\/v2\/media\/18983"}],"wp:attachment":[{"href":"https:\/\/radiostavanger.no\/index.php?rest_route=%2Fwp%2Fv2%2Fmedia&parent=18982"}],"wp:term":[{"taxonomy":"category","embeddable":true,"href":"https:\/\/radiostavanger.no\/index.php?rest_route=%2Fwp%2Fv2%2Fcategories&post=18982"},{"taxonomy":"post_tag","embeddable":true,"href":"https:\/\/radiostavanger.no\/index.php?rest_route=%2Fwp%2Fv2%2Ftags&post=18982"},{"taxonomy":"tmauthors","embeddable":true,"href":"https:\/\/radiostavanger.no\/index.php?rest_route=%2Fwp%2Fv2%2Ftmauthors&post=18982"}],"curies":[{"name":"wp","href":"https:\/\/api.w.org\/{rel}","templated":true}]}}