{"id":19080,"date":"2026-08-26T11:44:33","date_gmt":"2026-08-26T11:44:33","guid":{"rendered":"https:\/\/radiostavanger.no\/?p=19080"},"modified":"2026-08-26T11:44:33","modified_gmt":"2026-08-26T11:44:33","slug":"god-kontakt-mellom-slottet-og-smk-radio-stavanger","status":"publish","type":"post","link":"https:\/\/radiostavanger.no\/?p=19080","title":{"rendered":"\u2013 God kontakt mellom Slottet og SMK \u2013 Radio Stavanger"},"content":{"rendered":"<p><br \/>\n<\/p>\n<div id=\"mvp-content-main\">\n<p class=\"radioh-ingress\"><strong>Statsministeren \u00f8nsker kong Harald god bedring og sier hans kontor har god kontakt med Slottet.<\/strong>\n<\/p>\n<p><strong>Innenriks<\/strong>: \u2013 Det er god kontakt mellom Slottet og Statsministerens kontor, sier statsminister Jonas Gahr St\u00f8re til NRK.\n<\/p>\n<p>Han understreker imidlertid at han f\u00e5r de samme oppdateringene om kongens helsesituasjon som resten av folket f\u00e5r.\n<\/p>\n<p>Kong Harald (89) ble lagt inn p\u00e5 Rikshospitalet 17. august. Han hadde f\u00e5tt kortisonbehandling for hemolytisk anemi, en tilstand som f\u00f8rte til v\u00e6skeansamling som m\u00e5tte behandles p\u00e5 sykehus. Kongehuset opplyste at kongens helse forverret seg i helgen, men at tilstanden forblir stabil.\n<\/p>\n<p>\u2013 Det er en situasjon om at kongen blir tatt godt vare p\u00e5. Han f\u00e5r god behandling. Det er en alvorlig situasjon \u00e5 v\u00e6re p\u00e5 sykehus, og vi f\u00f8lger med p\u00e5 det, sier St\u00f8re og legger til:<\/p>\n<p>\u2013 Vi \u00f8nsker av hele v\u00e5rt hjerte kongen god bedring og all mulig fremgang i situasjonen han er i.\n<\/p>\n<p>(\u00a9NTB)\n<\/p>\n<\/p><\/div>\n<p><script async defer crossorigin=\"anonymous\" data-lazy=\"w3tc\" data-src=\"https:\/\/connect.facebook.net\/nb_NO\/sdk.js#xfbml=1&#038;version=v18.0\"><\/script><br \/>\n<br \/><br \/>\n<br \/><a href=\"https:\/\/radioh.no\/store-fordommer-russlands-angrep-mot-ukraina-i-natt-totalt-fravaer-av-vilje-til-fred\/\">Kilde <\/a><\/p>","protected":false},"excerpt":{"rendered":"<p>Statsministeren \u00f8nsker kong Harald god bedring og sier hans kontor har god kontakt med Slottet. Innenriks: \u2013 Det er god kontakt mellom Slottet og Statsministerens kontor, sier statsminister Jonas Gahr St\u00f8re til NRK. Han understreker imidlertid at han f\u00e5r de samme oppdateringene om kongens helsesituasjon som resten av folket f\u00e5r. Kong Harald (89) ble lagt [&hellip;]<\/p>","protected":false},"author":1,"featured_media":19081,"comment_status":"","ping_status":"","sticky":false,"template":"","format":"standard","meta":{"footnotes":""},"categories":[107],"tags":[],"tmauthors":[],"class_list":["post-19080","post","type-post","status-publish","format-standard","has-post-thumbnail","category-nyheter"],"_links":{"self":[{"href":"https:\/\/radiostavanger.no\/index.php?rest_route=\/wp\/v2\/posts\/19080","targetHints":{"allow":["GET"]}}],"collection":[{"href":"https:\/\/radiostavanger.no\/index.php?rest_route=\/wp\/v2\/posts"}],"about":[{"href":"https:\/\/radiostavanger.no\/index.php?rest_route=\/wp\/v2\/types\/post"}],"author":[{"embeddable":true,"href":"https:\/\/radiostavanger.no\/index.php?rest_route=\/wp\/v2\/users\/1"}],"replies":[{"embeddable":true,"href":"https:\/\/radiostavanger.no\/index.php?rest_route=%2Fwp%2Fv2%2Fcomments&post=19080"}],"version-history":[{"count":0,"href":"https:\/\/radiostavanger.no\/index.php?rest_route=\/wp\/v2\/posts\/19080\/revisions"}],"wp:featuredmedia":[{"embeddable":true,"href":"https:\/\/radiostavanger.no\/index.php?rest_route=\/wp\/v2\/media\/19081"}],"wp:attachment":[{"href":"https:\/\/radiostavanger.no\/index.php?rest_route=%2Fwp%2Fv2%2Fmedia&parent=19080"}],"wp:term":[{"taxonomy":"category","embeddable":true,"href":"https:\/\/radiostavanger.no\/index.php?rest_route=%2Fwp%2Fv2%2Fcategories&post=19080"},{"taxonomy":"post_tag","embeddable":true,"href":"https:\/\/radiostavanger.no\/index.php?rest_route=%2Fwp%2Fv2%2Ftags&post=19080"},{"taxonomy":"tmauthors","embeddable":true,"href":"https:\/\/radiostavanger.no\/index.php?rest_route=%2Fwp%2Fv2%2Ftmauthors&post=19080"}],"curies":[{"name":"wp","href":"https:\/\/api.w.org\/{rel}","templated":true}]}}