{"id":19082,"date":"2026-08-26T11:50:07","date_gmt":"2026-08-26T11:50:07","guid":{"rendered":"https:\/\/radiostavanger.no\/?p=19082"},"modified":"2026-08-26T11:50:07","modified_gmt":"2026-08-26T11:50:07","slug":"netanyahu-lover-flere-bosetninger-pa-den-okkuperte-vestbredden-radio-stavanger","status":"publish","type":"post","link":"https:\/\/radiostavanger.no\/?p=19082","title":{"rendered":"Netanyahu lover flere bosetninger p\u00e5 den okkuperte Vestbredden \u2013 Radio Stavanger"},"content":{"rendered":"<p><br \/>\n<\/p>\n<div id=\"mvp-content-main\">\n<p class=\"radioh-ingress\"><strong>Israels statsminister Benjamin Netanyahu fastholder at det skal bygges flere bosetninger p\u00e5 den okkuperte Vestbredden, trass i \u00f8kende internasjonalt press.<\/strong>\n<\/p>\n<p><strong>Israel<\/strong>: \u2013 Dere innfrir visjonen om landet Israel, og dette er v\u00e5rt land, sa Netanyahu i et m\u00f8te tirsdag kveld med j\u00f8diske bosettere og lovet kraftig \u00f8kt innvandring til Vestbredden.\n<\/p>\n<p>Netanyahu, som st\u00e5r foran et vanskelig valg i oktober, leder en av de mest h\u00f8yreorienterte regjeringer i Israels historie. Den har godkjent bygging av stadig flere bosetninger p\u00e5 Vestbredden, som er ulovlige i henhold til folkeretten.\n<\/p>\n<p>Israel er m\u00f8tt med \u00f8kende raseri internasjonalt p\u00e5 grunn av de nye bosetningene, samtidig med at vold ut\u00f8vd av bosettere mot lokale palestinere \u00f8ker. Senest i forrige uke ford\u00f8mte europeiske toppledere et nytt st\u00f8rre bosetningsprosjekt med over 1200 hus.\n<\/p>\n<p>(\u00a9NTB)<\/p>\n<\/p><\/div>\n<p><script async defer crossorigin=\"anonymous\" data-lazy=\"w3tc\" data-src=\"https:\/\/connect.facebook.net\/nb_NO\/sdk.js#xfbml=1&#038;version=v18.0\"><\/script><br \/>\n<br \/><br \/>\n<br \/><a href=\"https:\/\/radioh.no\/netanyahu-lover-flere-bosetninger-pa-den-okkuperte-vestbredden\/\">Kilde <\/a><\/p>","protected":false},"excerpt":{"rendered":"<p>Israels statsminister Benjamin Netanyahu fastholder at det skal bygges flere bosetninger p\u00e5 den okkuperte Vestbredden, trass i \u00f8kende internasjonalt press. Israel: \u2013 Dere innfrir visjonen om landet Israel, og dette er v\u00e5rt land, sa Netanyahu i et m\u00f8te tirsdag kveld med j\u00f8diske bosettere og lovet kraftig \u00f8kt innvandring til Vestbredden. Netanyahu, som st\u00e5r foran et [&hellip;]<\/p>","protected":false},"author":1,"featured_media":19083,"comment_status":"","ping_status":"","sticky":false,"template":"","format":"standard","meta":{"footnotes":""},"categories":[107],"tags":[],"tmauthors":[],"class_list":["post-19082","post","type-post","status-publish","format-standard","has-post-thumbnail","category-nyheter"],"_links":{"self":[{"href":"https:\/\/radiostavanger.no\/index.php?rest_route=\/wp\/v2\/posts\/19082","targetHints":{"allow":["GET"]}}],"collection":[{"href":"https:\/\/radiostavanger.no\/index.php?rest_route=\/wp\/v2\/posts"}],"about":[{"href":"https:\/\/radiostavanger.no\/index.php?rest_route=\/wp\/v2\/types\/post"}],"author":[{"embeddable":true,"href":"https:\/\/radiostavanger.no\/index.php?rest_route=\/wp\/v2\/users\/1"}],"replies":[{"embeddable":true,"href":"https:\/\/radiostavanger.no\/index.php?rest_route=%2Fwp%2Fv2%2Fcomments&post=19082"}],"version-history":[{"count":0,"href":"https:\/\/radiostavanger.no\/index.php?rest_route=\/wp\/v2\/posts\/19082\/revisions"}],"wp:featuredmedia":[{"embeddable":true,"href":"https:\/\/radiostavanger.no\/index.php?rest_route=\/wp\/v2\/media\/19083"}],"wp:attachment":[{"href":"https:\/\/radiostavanger.no\/index.php?rest_route=%2Fwp%2Fv2%2Fmedia&parent=19082"}],"wp:term":[{"taxonomy":"category","embeddable":true,"href":"https:\/\/radiostavanger.no\/index.php?rest_route=%2Fwp%2Fv2%2Fcategories&post=19082"},{"taxonomy":"post_tag","embeddable":true,"href":"https:\/\/radiostavanger.no\/index.php?rest_route=%2Fwp%2Fv2%2Ftags&post=19082"},{"taxonomy":"tmauthors","embeddable":true,"href":"https:\/\/radiostavanger.no\/index.php?rest_route=%2Fwp%2Fv2%2Ftmauthors&post=19082"}],"curies":[{"name":"wp","href":"https:\/\/api.w.org\/{rel}","templated":true}]}}