{"id":19281,"date":"2026-08-27T09:46:00","date_gmt":"2026-08-27T09:46:00","guid":{"rendered":"https:\/\/radiostavanger.no\/?p=19281"},"modified":"2026-08-27T09:46:00","modified_gmt":"2026-08-27T09:46:00","slug":"gult-farevarsel-for-kraftige-vindkast-i-rogaland-og-hordaland-radio-stavanger","status":"publish","type":"post","link":"https:\/\/radiostavanger.no\/?p=19281","title":{"rendered":"Gult farevarsel for kraftige vindkast i Rogaland og Hordaland \u2013 Radio Stavanger"},"content":{"rendered":"<p><br \/>\n<\/p>\n<div id=\"mvp-content-main\">\n<p class=\"radioh-ingress\"><strong>Meteorologisk institutt har sendt ut gult farevarsel for kraftige vindkast i deler av Rogaland og Hordaland. Lokalt kan vinden komme opp i 25\u201327 meter per sekund.<\/strong>\n<\/p>\n<p><b>V\u00e6r:<\/b> Farevarselet gjelder torsdag 27. august fra klokken 10 og fram til klokken 23.\n<\/p>\n<p>Vinden vil \u00f8ke f\u00f8rst i Rogaland og avta sist i Hordaland. I fjellet ventes det liten, og enkelte steder kanskje full storm fra \u00f8st.\n<\/p>\n<h4>Kan gi problemer i trafikken<\/h4>\n<p>Meteorologisk institutt advarer om at l\u00f8se gjenstander kan bl\u00e5se av g\u00e5rde, og at tr\u00e6r eller andre objekter kan havne i veibanen.\n<\/p>\n<p>Det kan f\u00f8re til stengte veier, lengre reisetid og problemer p\u00e5 broer og andre utsatte veistrekninger.<\/p>\n<p>Ogs\u00e5 str\u00f8mforsyningen kan bli p\u00e5virket dersom tr\u00e6r knekker eller kommer i kontakt med str\u00f8mnettet.\n<\/p>\n<h4>Ber folk sikre l\u00f8se gjenstander<\/h4>\n<p>Meteorologene anbefaler folk \u00e5 sikre l\u00f8se gjenstander og unng\u00e5 un\u00f8dvendig ferdsel p\u00e5 utsatte steder.\n<\/p>\n<p>Reisende b\u00f8r ogs\u00e5 f\u00f8lge med p\u00e5 trafikkmeldinger og sjekke status hos transportakt\u00f8rene dersom de skal ut p\u00e5 veiene torsdag.\n<\/p>\n<\/p><\/div>\n<p><script async defer crossorigin=\"anonymous\" data-lazy=\"w3tc\" data-src=\"https:\/\/connect.facebook.net\/nb_NO\/sdk.js#xfbml=1&#038;version=v18.0\"><\/script><br \/>\n<br \/><br \/>\n<br \/><a href=\"https:\/\/radioh.no\/gult-farevarsel-for-kraftige-vindkast-i-rogaland-og-hordaland\/\">Kilde <\/a><\/p>","protected":false},"excerpt":{"rendered":"<p>Meteorologisk institutt har sendt ut gult farevarsel for kraftige vindkast i deler av Rogaland og Hordaland. Lokalt kan vinden komme opp i 25\u201327 meter per sekund. V\u00e6r: Farevarselet gjelder torsdag 27. august fra klokken 10 og fram til klokken 23. Vinden vil \u00f8ke f\u00f8rst i Rogaland og avta sist i Hordaland. I fjellet ventes det [&hellip;]<\/p>","protected":false},"author":1,"featured_media":19282,"comment_status":"","ping_status":"","sticky":false,"template":"","format":"standard","meta":{"footnotes":""},"categories":[107],"tags":[],"tmauthors":[],"class_list":["post-19281","post","type-post","status-publish","format-standard","has-post-thumbnail","category-nyheter"],"_links":{"self":[{"href":"https:\/\/radiostavanger.no\/index.php?rest_route=\/wp\/v2\/posts\/19281","targetHints":{"allow":["GET"]}}],"collection":[{"href":"https:\/\/radiostavanger.no\/index.php?rest_route=\/wp\/v2\/posts"}],"about":[{"href":"https:\/\/radiostavanger.no\/index.php?rest_route=\/wp\/v2\/types\/post"}],"author":[{"embeddable":true,"href":"https:\/\/radiostavanger.no\/index.php?rest_route=\/wp\/v2\/users\/1"}],"replies":[{"embeddable":true,"href":"https:\/\/radiostavanger.no\/index.php?rest_route=%2Fwp%2Fv2%2Fcomments&post=19281"}],"version-history":[{"count":0,"href":"https:\/\/radiostavanger.no\/index.php?rest_route=\/wp\/v2\/posts\/19281\/revisions"}],"wp:featuredmedia":[{"embeddable":true,"href":"https:\/\/radiostavanger.no\/index.php?rest_route=\/wp\/v2\/media\/19282"}],"wp:attachment":[{"href":"https:\/\/radiostavanger.no\/index.php?rest_route=%2Fwp%2Fv2%2Fmedia&parent=19281"}],"wp:term":[{"taxonomy":"category","embeddable":true,"href":"https:\/\/radiostavanger.no\/index.php?rest_route=%2Fwp%2Fv2%2Fcategories&post=19281"},{"taxonomy":"post_tag","embeddable":true,"href":"https:\/\/radiostavanger.no\/index.php?rest_route=%2Fwp%2Fv2%2Ftags&post=19281"},{"taxonomy":"tmauthors","embeddable":true,"href":"https:\/\/radiostavanger.no\/index.php?rest_route=%2Fwp%2Fv2%2Ftmauthors&post=19281"}],"curies":[{"name":"wp","href":"https:\/\/api.w.org\/{rel}","templated":true}]}}