{"id":19315,"date":"2026-08-27T13:25:56","date_gmt":"2026-08-27T13:25:56","guid":{"rendered":"https:\/\/radiostavanger.no\/?p=19315"},"modified":"2026-08-27T13:25:56","modified_gmt":"2026-08-27T13:25:56","slug":"viking-folger-opp-mulig-rasisme-mot-spiller-nrk-rogaland-lokale-nyheter-tv-og-radio","status":"publish","type":"post","link":"https:\/\/radiostavanger.no\/?p=19315","title":{"rendered":"Viking f\u00f8lger opp mulig rasisme mot spiller \u2013 NRK Rogaland \u2013 Lokale nyheter, TV og radio"},"content":{"rendered":"<p><br \/>\n<br \/><img decoding=\"async\" src=\"https:\/\/gfx.nrk.no\/IgNadLdvwEASrdLZrK7gnARFolkP0rFZK3rl6cW4RjVA.jpg\" \/><\/p>\n<div>\n<p>Under kampen i g\u00e5r kveld mellom Viking FK og Dinamo Zagreb oppstod det en alvorlig hendelse knyttet til rasisme mot spiller Tobias Moi (20), skriver klubben p\u00e5 deres sider.<\/p>\n<p>UEFAs representanter ble gjort oppmerksom p\u00e5 hendelsen etter kampen, og det ble deretter gjennomf\u00f8rt et m\u00f8te med Moi hvor hendelsesforl\u00f8pet ble kartlagt.<\/p>\n<p>Moi stod for ett av m\u00e5lene etter g\u00e5rsdagens 3\u20131 seier i kvalifiseringen til Champions League.<\/p>\n<p>Klubben f\u00f8lger n\u00e5 opp saken gjennom de formelle kanalene i UEFA og vil bidra med den informasjonen som er n\u00f8dvendig i den videre behandlingen.<\/p>\n<p>\u2013 Viking Fotball tar sterkt avstand fra alle former for rasisme og diskriminering. Det skal ikke ha noen plass i fotballen, og vi tar det Moi har opplevd p\u00e5 st\u00f8rste alvor, skriver klubben p\u00e5 deres sider.<\/p>\n<p>Av hensyn til den videre behandlingen kommer verken klubben eller Moi til \u00e5 kommentere hendelsen ytterligere f\u00f8r saken er ferdig behandlet.<\/p>\n<\/div>\n<p><br \/>\n<br \/><a href=\"https:\/\/www.nrk.no\/rogaland\/viking-folger-opp-mulig-rasisme-mot-spiller-1.18004029\">Kildelink <\/a><\/p>","protected":false},"excerpt":{"rendered":"<p>Under kampen i g\u00e5r kveld mellom Viking FK og Dinamo Zagreb oppstod det en alvorlig hendelse knyttet til rasisme mot spiller Tobias Moi (20), skriver klubben p\u00e5 deres sider. UEFAs representanter ble gjort oppmerksom p\u00e5 hendelsen etter kampen, og det ble deretter gjennomf\u00f8rt et m\u00f8te med Moi hvor hendelsesforl\u00f8pet ble kartlagt. Moi stod for ett [&hellip;]<\/p>","protected":false},"author":1,"featured_media":19316,"comment_status":"","ping_status":"","sticky":false,"template":"","format":"standard","meta":{"footnotes":""},"categories":[108],"tags":[],"tmauthors":[],"class_list":["post-19315","post","type-post","status-publish","format-standard","has-post-thumbnail","category-lokalnyheter"],"_links":{"self":[{"href":"https:\/\/radiostavanger.no\/index.php?rest_route=\/wp\/v2\/posts\/19315","targetHints":{"allow":["GET"]}}],"collection":[{"href":"https:\/\/radiostavanger.no\/index.php?rest_route=\/wp\/v2\/posts"}],"about":[{"href":"https:\/\/radiostavanger.no\/index.php?rest_route=\/wp\/v2\/types\/post"}],"author":[{"embeddable":true,"href":"https:\/\/radiostavanger.no\/index.php?rest_route=\/wp\/v2\/users\/1"}],"replies":[{"embeddable":true,"href":"https:\/\/radiostavanger.no\/index.php?rest_route=%2Fwp%2Fv2%2Fcomments&post=19315"}],"version-history":[{"count":0,"href":"https:\/\/radiostavanger.no\/index.php?rest_route=\/wp\/v2\/posts\/19315\/revisions"}],"wp:featuredmedia":[{"embeddable":true,"href":"https:\/\/radiostavanger.no\/index.php?rest_route=\/wp\/v2\/media\/19316"}],"wp:attachment":[{"href":"https:\/\/radiostavanger.no\/index.php?rest_route=%2Fwp%2Fv2%2Fmedia&parent=19315"}],"wp:term":[{"taxonomy":"category","embeddable":true,"href":"https:\/\/radiostavanger.no\/index.php?rest_route=%2Fwp%2Fv2%2Fcategories&post=19315"},{"taxonomy":"post_tag","embeddable":true,"href":"https:\/\/radiostavanger.no\/index.php?rest_route=%2Fwp%2Fv2%2Ftags&post=19315"},{"taxonomy":"tmauthors","embeddable":true,"href":"https:\/\/radiostavanger.no\/index.php?rest_route=%2Fwp%2Fv2%2Ftmauthors&post=19315"}],"curies":[{"name":"wp","href":"https:\/\/api.w.org\/{rel}","templated":true}]}}