{"id":19369,"date":"2026-08-27T18:31:03","date_gmt":"2026-08-27T18:31:03","guid":{"rendered":"https:\/\/radiostavanger.no\/?p=19369"},"modified":"2026-08-27T18:31:03","modified_gmt":"2026-08-27T18:31:03","slug":"formel-1-stjerne-forlenget-kontrakten-radio-stavanger","status":"publish","type":"post","link":"https:\/\/radiostavanger.no\/?p=19369","title":{"rendered":"Formel 1-stjerne forlenget kontrakten \u2013 Radio Stavanger"},"content":{"rendered":"<p><br \/>\n<\/p>\n<div id=\"mvp-content-main\">\n<p class=\"radioh-ingress\"><strong>Argentinske Franco Colapinto skal ogs\u00e5 neste sesong representere Alpine-laget i Formel 1-VM.<\/strong>\n<\/p>\n<p><strong>Sport<\/strong>: Det bekrefter teamet i en uttalelse torsdag. Der heter det at \u00e5rets f\u00f8rerduo, Colapinto og Pierre Gasly, ogs\u00e5 fortsetter i 2027.\n<\/p>\n<p>Den argentinske 23-\u00e5ringen debuterte i VM-sirkuset for Williams i 2024, f\u00f8r han ble hentet til Alpine som reservef\u00f8rer foran 2025-sesongen.\n<\/p>\n<p>Forrige sesong ble 11.-plassen i Nederlands Grand Prix beste resultat. Colapinto fikk dermed ikke et eneste VM-poeng.\n<\/p>\n<p>Denne sesongen har det imidlertid allerede blitt 19 poeng fordelt p\u00e5 de 12 Grand Prix-l\u00f8pene som s\u00e5 langt er kj\u00f8rt. Sjuendeplassen i Miami og sjetteplassen i Canada topper listen.<\/p>\n<p>\u2013 Vi har virkelig sett Franco vokse og modnes til en flott f\u00f8rer i \u00e5r, sier teamsjef Flavio Briatore.\n<\/p>\n<p>\u2013 S\u00e6rlig bekreftet resultatene hans i Miami og Montreal det jeg allerede visste: Franco h\u00f8rer hjemme i Formel 1, og han h\u00f8rer hjemme i dette teamet, legger han til.\n<\/p>\n<p>(\u00a9NTB)\n<\/p>\n<\/p><\/div>\n<p><script async defer crossorigin=\"anonymous\" data-lazy=\"w3tc\" data-src=\"https:\/\/connect.facebook.net\/nb_NO\/sdk.js#xfbml=1&#038;version=v18.0\"><\/script><br \/>\n<br \/><br \/>\n<br \/><a href=\"https:\/\/radioh.no\/formel-1-stjerne-forlenget-kontrakten\/\">Kilde <\/a><\/p>","protected":false},"excerpt":{"rendered":"<p>Argentinske Franco Colapinto skal ogs\u00e5 neste sesong representere Alpine-laget i Formel 1-VM. Sport: Det bekrefter teamet i en uttalelse torsdag. Der heter det at \u00e5rets f\u00f8rerduo, Colapinto og Pierre Gasly, ogs\u00e5 fortsetter i 2027. Den argentinske 23-\u00e5ringen debuterte i VM-sirkuset for Williams i 2024, f\u00f8r han ble hentet til Alpine som reservef\u00f8rer foran 2025-sesongen. Forrige [&hellip;]<\/p>","protected":false},"author":1,"featured_media":19370,"comment_status":"","ping_status":"","sticky":false,"template":"","format":"standard","meta":{"footnotes":""},"categories":[107],"tags":[],"tmauthors":[],"class_list":["post-19369","post","type-post","status-publish","format-standard","has-post-thumbnail","category-nyheter"],"_links":{"self":[{"href":"https:\/\/radiostavanger.no\/index.php?rest_route=\/wp\/v2\/posts\/19369","targetHints":{"allow":["GET"]}}],"collection":[{"href":"https:\/\/radiostavanger.no\/index.php?rest_route=\/wp\/v2\/posts"}],"about":[{"href":"https:\/\/radiostavanger.no\/index.php?rest_route=\/wp\/v2\/types\/post"}],"author":[{"embeddable":true,"href":"https:\/\/radiostavanger.no\/index.php?rest_route=\/wp\/v2\/users\/1"}],"replies":[{"embeddable":true,"href":"https:\/\/radiostavanger.no\/index.php?rest_route=%2Fwp%2Fv2%2Fcomments&post=19369"}],"version-history":[{"count":0,"href":"https:\/\/radiostavanger.no\/index.php?rest_route=\/wp\/v2\/posts\/19369\/revisions"}],"wp:featuredmedia":[{"embeddable":true,"href":"https:\/\/radiostavanger.no\/index.php?rest_route=\/wp\/v2\/media\/19370"}],"wp:attachment":[{"href":"https:\/\/radiostavanger.no\/index.php?rest_route=%2Fwp%2Fv2%2Fmedia&parent=19369"}],"wp:term":[{"taxonomy":"category","embeddable":true,"href":"https:\/\/radiostavanger.no\/index.php?rest_route=%2Fwp%2Fv2%2Fcategories&post=19369"},{"taxonomy":"post_tag","embeddable":true,"href":"https:\/\/radiostavanger.no\/index.php?rest_route=%2Fwp%2Fv2%2Ftags&post=19369"},{"taxonomy":"tmauthors","embeddable":true,"href":"https:\/\/radiostavanger.no\/index.php?rest_route=%2Fwp%2Fv2%2Ftmauthors&post=19369"}],"curies":[{"name":"wp","href":"https:\/\/api.w.org\/{rel}","templated":true}]}}