{"id":19447,"date":"2026-08-28T07:37:12","date_gmt":"2026-08-28T07:37:12","guid":{"rendered":"https:\/\/radiostavanger.no\/?p=19447"},"modified":"2026-08-28T07:37:12","modified_gmt":"2026-08-28T07:37:12","slug":"leve-kong-haakon-radio-stavanger","status":"publish","type":"post","link":"https:\/\/radiostavanger.no\/?p=19447","title":{"rendered":"\u2013 Leve kong Haakon \u2013 Radio Stavanger"},"content":{"rendered":"<p><br \/>\n<\/p>\n<div id=\"mvp-content-main\">\n<p class=\"radioh-ingress\"><strong>Kong Harald var et varmt og godt menneske, skriver finansminister og tidligere statsminister Jens Stoltenberg (Ap) i en melding i sosiale medier.<\/strong>\n<\/p>\n<p><strong>Innenriks<\/strong>: \u2013 Gjennom tre ti\u00e5r hadde jeg gleden av \u00e5 samarbeide med kongen. Spennet i v\u00e5re samtaler var stort. Krig og kj\u00e6rlighet, storpolitikk og sm\u00e5viltjakt, heter det i meldingen.\n<\/p>\n<p>Stoltenberg trekker s\u00e6rlig fram terroren 22. juli 2011.\n<\/p>\n<p>\u2013 Kongen sto der sammen med oss. P\u00e5 Sundvollen med tr\u00f8st og klemmer til de etterlatte og overlevende. Da alle ord var brukt opp, fant han dem likevel.\n<\/p>\n<p>Han sender ogs\u00e5 sine tanker til dronning Sonja, det nye kongeparet, prinsesse M\u00e4rtha Louise og deres familier.<\/p>\n<p>\u2013 Et helt folk deler deres sorg, heter det videre.\n<\/p>\n<p>Til slutt skriver Stoltenberg:\n<\/p>\n<p>\u2013 Kongen er d\u00f8d, leve kongen. Leve kong Haakon.\n<\/p>\n<p>(\u00a9NTB)\n<\/p>\n<\/p><\/div>\n<p><script async defer crossorigin=\"anonymous\" data-lazy=\"w3tc\" data-src=\"https:\/\/connect.facebook.net\/nb_NO\/sdk.js#xfbml=1&#038;version=v18.0\"><\/script><br \/>\n<br \/><br \/>\n<br \/><a href=\"https:\/\/radioh.no\/jens-stoltenberg-leve-kong-haakon\/\">Kilde <\/a><\/p>","protected":false},"excerpt":{"rendered":"<p>Kong Harald var et varmt og godt menneske, skriver finansminister og tidligere statsminister Jens Stoltenberg (Ap) i en melding i sosiale medier. Innenriks: \u2013 Gjennom tre ti\u00e5r hadde jeg gleden av \u00e5 samarbeide med kongen. Spennet i v\u00e5re samtaler var stort. Krig og kj\u00e6rlighet, storpolitikk og sm\u00e5viltjakt, heter det i meldingen. Stoltenberg trekker s\u00e6rlig fram [&hellip;]<\/p>","protected":false},"author":1,"featured_media":19448,"comment_status":"","ping_status":"","sticky":false,"template":"","format":"standard","meta":{"footnotes":""},"categories":[107],"tags":[],"tmauthors":[],"class_list":["post-19447","post","type-post","status-publish","format-standard","has-post-thumbnail","category-nyheter"],"_links":{"self":[{"href":"https:\/\/radiostavanger.no\/index.php?rest_route=\/wp\/v2\/posts\/19447","targetHints":{"allow":["GET"]}}],"collection":[{"href":"https:\/\/radiostavanger.no\/index.php?rest_route=\/wp\/v2\/posts"}],"about":[{"href":"https:\/\/radiostavanger.no\/index.php?rest_route=\/wp\/v2\/types\/post"}],"author":[{"embeddable":true,"href":"https:\/\/radiostavanger.no\/index.php?rest_route=\/wp\/v2\/users\/1"}],"replies":[{"embeddable":true,"href":"https:\/\/radiostavanger.no\/index.php?rest_route=%2Fwp%2Fv2%2Fcomments&post=19447"}],"version-history":[{"count":0,"href":"https:\/\/radiostavanger.no\/index.php?rest_route=\/wp\/v2\/posts\/19447\/revisions"}],"wp:featuredmedia":[{"embeddable":true,"href":"https:\/\/radiostavanger.no\/index.php?rest_route=\/wp\/v2\/media\/19448"}],"wp:attachment":[{"href":"https:\/\/radiostavanger.no\/index.php?rest_route=%2Fwp%2Fv2%2Fmedia&parent=19447"}],"wp:term":[{"taxonomy":"category","embeddable":true,"href":"https:\/\/radiostavanger.no\/index.php?rest_route=%2Fwp%2Fv2%2Fcategories&post=19447"},{"taxonomy":"post_tag","embeddable":true,"href":"https:\/\/radiostavanger.no\/index.php?rest_route=%2Fwp%2Fv2%2Ftags&post=19447"},{"taxonomy":"tmauthors","embeddable":true,"href":"https:\/\/radiostavanger.no\/index.php?rest_route=%2Fwp%2Fv2%2Ftmauthors&post=19447"}],"curies":[{"name":"wp","href":"https:\/\/api.w.org\/{rel}","templated":true}]}}