{"id":19449,"date":"2026-08-28T07:42:57","date_gmt":"2026-08-28T07:42:57","guid":{"rendered":"https:\/\/radiostavanger.no\/?p=19449"},"modified":"2026-08-28T07:42:57","modified_gmt":"2026-08-28T07:42:57","slug":"kongens-siste-oppdrag-i-offentligheten-radio-stavanger","status":"publish","type":"post","link":"https:\/\/radiostavanger.no\/?p=19449","title":{"rendered":"Kongens siste oppdrag i offentligheten \u2013 Radio Stavanger"},"content":{"rendered":"<p><br \/>\n<\/p>\n<div id=\"mvp-content-main\">\n<p class=\"radioh-ingress\"><strong>Minnegudstjenesten for 22. juli i Oslo domkirke, mottakelsen p\u00e5 Slottet for fotballandslaget etter VM og det svenske kongeparets gullbryllup var kong Haralds siste opptredener i offentligheten.<\/strong>\n<\/p>\n<p><strong>Innenriks<\/strong>: If\u00f8lge kongehusets programarkiv hadde kong Harald de faste oppgavene sine, som audienser p\u00e5 Slottet, statsr\u00e5d p\u00e5 fredagene og tilstedev\u00e6relser p\u00e5 merkedager, helt fram til 7. august. Da m\u00f8tte han forsvarsministeren i audiens f\u00f8r han og kronprinsen var til stede ved statsr\u00e5d.\n<\/p>\n<p>De siste m\u00e5nedene fulgte kong Harald sitt oppsatte program, tross helseutfordringer. Han viste seg p\u00e5 slottsbalkongen 17. mai og hilste barnetoget, reiste p\u00e5 fylkestur til Vestland i slutten av mai og stilte som dommer under regattaen H.M. Kongens serieseilaser uka etter. Deretter var det reise til Beiarn i Nordland, en kommune kongeparet ikke hadde bes\u00f8kt tidligere.\n<\/p>\n<p>Kongen og dronning Sonja var senere i juni til stede ved markeringen av det svenske kongeparets 50-\u00e5rs bryllupsdag i Stockholm, med galla og konsert inkludert.\n<\/p>\n<p>Da herrelandslaget kom tilbake fra VM, inviterte kongen til mottakelse p\u00e5 Slottet 13. juli sammen med kronprinsen, prinsesse Ingrid Alexandra og prins Sverre Magnus. Lyden av tusener som sang \u00abAlt for Norge\u00bb p\u00e5 Slottsplassen, l\u00f8d gjennom den \u00e5pne d\u00f8ren til Slottsbalkongen.<\/p>\n<p>Ved minnegudstjeneste etter 22. juli, p\u00e5 samme dato som tragedien i 2011, var kongeparet til stede i Oslo domkirke. Det skulle bli siste offentlige opptreden for kong Harald.\n<\/p>\n<p>(\u00a9NTB)\n<\/p>\n<\/p><\/div>\n<p><script async defer crossorigin=\"anonymous\" data-lazy=\"w3tc\" data-src=\"https:\/\/connect.facebook.net\/nb_NO\/sdk.js#xfbml=1&#038;version=v18.0\"><\/script><br \/>\n<br \/><br \/>\n<br \/><a href=\"https:\/\/radioh.no\/kongens-siste-oppdrag-i-offentligheten\/\">Kilde <\/a><\/p>","protected":false},"excerpt":{"rendered":"<p>Minnegudstjenesten for 22. juli i Oslo domkirke, mottakelsen p\u00e5 Slottet for fotballandslaget etter VM og det svenske kongeparets gullbryllup var kong Haralds siste opptredener i offentligheten. Innenriks: If\u00f8lge kongehusets programarkiv hadde kong Harald de faste oppgavene sine, som audienser p\u00e5 Slottet, statsr\u00e5d p\u00e5 fredagene og tilstedev\u00e6relser p\u00e5 merkedager, helt fram til 7. august. Da m\u00f8tte [&hellip;]<\/p>","protected":false},"author":1,"featured_media":19450,"comment_status":"","ping_status":"","sticky":false,"template":"","format":"standard","meta":{"footnotes":""},"categories":[107],"tags":[],"tmauthors":[],"class_list":["post-19449","post","type-post","status-publish","format-standard","has-post-thumbnail","category-nyheter"],"_links":{"self":[{"href":"https:\/\/radiostavanger.no\/index.php?rest_route=\/wp\/v2\/posts\/19449","targetHints":{"allow":["GET"]}}],"collection":[{"href":"https:\/\/radiostavanger.no\/index.php?rest_route=\/wp\/v2\/posts"}],"about":[{"href":"https:\/\/radiostavanger.no\/index.php?rest_route=\/wp\/v2\/types\/post"}],"author":[{"embeddable":true,"href":"https:\/\/radiostavanger.no\/index.php?rest_route=\/wp\/v2\/users\/1"}],"replies":[{"embeddable":true,"href":"https:\/\/radiostavanger.no\/index.php?rest_route=%2Fwp%2Fv2%2Fcomments&post=19449"}],"version-history":[{"count":0,"href":"https:\/\/radiostavanger.no\/index.php?rest_route=\/wp\/v2\/posts\/19449\/revisions"}],"wp:featuredmedia":[{"embeddable":true,"href":"https:\/\/radiostavanger.no\/index.php?rest_route=\/wp\/v2\/media\/19450"}],"wp:attachment":[{"href":"https:\/\/radiostavanger.no\/index.php?rest_route=%2Fwp%2Fv2%2Fmedia&parent=19449"}],"wp:term":[{"taxonomy":"category","embeddable":true,"href":"https:\/\/radiostavanger.no\/index.php?rest_route=%2Fwp%2Fv2%2Fcategories&post=19449"},{"taxonomy":"post_tag","embeddable":true,"href":"https:\/\/radiostavanger.no\/index.php?rest_route=%2Fwp%2Fv2%2Ftags&post=19449"},{"taxonomy":"tmauthors","embeddable":true,"href":"https:\/\/radiostavanger.no\/index.php?rest_route=%2Fwp%2Fv2%2Ftmauthors&post=19449"}],"curies":[{"name":"wp","href":"https:\/\/api.w.org\/{rel}","templated":true}]}}