{"id":19459,"date":"2026-08-28T08:11:37","date_gmt":"2026-08-28T08:11:37","guid":{"rendered":"https:\/\/radiostavanger.no\/?p=19459"},"modified":"2026-08-28T08:11:37","modified_gmt":"2026-08-28T08:11:37","slug":"ud-beordrer-flagging-pa-halv-stang-ved-statlige-virksomheter-fram-til-kong-haralds-gravferd-radio-stavanger","status":"publish","type":"post","link":"https:\/\/radiostavanger.no\/?p=19459","title":{"rendered":"UD beordrer flagging p\u00e5 halv stang ved statlige virksomheter fram til kong Haralds gravferd \u2013 Radio Stavanger"},"content":{"rendered":"<p><br \/>\n<\/p>\n<div id=\"mvp-content-main\">\n<p class=\"radioh-ingress\"><strong>Det skal flagges p\u00e5 halv stang ved alle statlige virksomheter fra og med fredag og til etter kong Haralds gravferd, meddeler Utenriksdepartementet.<\/strong>\n<\/p>\n<p><strong>Innenriks<\/strong>: N\u00e5r gravferden har funnet sted, heises flaggene p\u00e5 hel stang, skriver UD i en pressemelding.\n<\/p>\n<p>Ogs\u00e5 kommunale og fylkeskommunale virksomheter oppfordres til \u00e5 slutte seg til flagging p\u00e5 halv stang.\n<\/p>\n<p>Departementet viser til flaggloven, som oppgir tider for n\u00e5r flaggene skal heises og hales.\n<\/p>\n<p>\u2013 Ved haling av flagget skal det f\u00f8rst heises p\u00e5 hel stang og s\u00e5 fires helt ned, heter det.<\/p>\n<p>Kong Harald gikk bort fredag morgen.\n<\/p>\n<p>(\u00a9NTB)\n<\/p>\n<\/p><\/div>\n<p><script async defer crossorigin=\"anonymous\" data-lazy=\"w3tc\" data-src=\"https:\/\/connect.facebook.net\/nb_NO\/sdk.js#xfbml=1&#038;version=v18.0\"><\/script><br \/>\n<br \/><br \/>\n<br \/><a href=\"https:\/\/radioh.no\/ud-beordrer-flagging-pa-halv-stang-ved-statlige-virksomheter-fram-til-kong-haralds-gravferd\/\">Kilde <\/a><\/p>","protected":false},"excerpt":{"rendered":"<p>Det skal flagges p\u00e5 halv stang ved alle statlige virksomheter fra og med fredag og til etter kong Haralds gravferd, meddeler Utenriksdepartementet. Innenriks: N\u00e5r gravferden har funnet sted, heises flaggene p\u00e5 hel stang, skriver UD i en pressemelding. Ogs\u00e5 kommunale og fylkeskommunale virksomheter oppfordres til \u00e5 slutte seg til flagging p\u00e5 halv stang. Departementet viser [&hellip;]<\/p>","protected":false},"author":1,"featured_media":19460,"comment_status":"","ping_status":"","sticky":false,"template":"","format":"standard","meta":{"footnotes":""},"categories":[107],"tags":[],"tmauthors":[],"class_list":["post-19459","post","type-post","status-publish","format-standard","has-post-thumbnail","category-nyheter"],"_links":{"self":[{"href":"https:\/\/radiostavanger.no\/index.php?rest_route=\/wp\/v2\/posts\/19459","targetHints":{"allow":["GET"]}}],"collection":[{"href":"https:\/\/radiostavanger.no\/index.php?rest_route=\/wp\/v2\/posts"}],"about":[{"href":"https:\/\/radiostavanger.no\/index.php?rest_route=\/wp\/v2\/types\/post"}],"author":[{"embeddable":true,"href":"https:\/\/radiostavanger.no\/index.php?rest_route=\/wp\/v2\/users\/1"}],"replies":[{"embeddable":true,"href":"https:\/\/radiostavanger.no\/index.php?rest_route=%2Fwp%2Fv2%2Fcomments&post=19459"}],"version-history":[{"count":0,"href":"https:\/\/radiostavanger.no\/index.php?rest_route=\/wp\/v2\/posts\/19459\/revisions"}],"wp:featuredmedia":[{"embeddable":true,"href":"https:\/\/radiostavanger.no\/index.php?rest_route=\/wp\/v2\/media\/19460"}],"wp:attachment":[{"href":"https:\/\/radiostavanger.no\/index.php?rest_route=%2Fwp%2Fv2%2Fmedia&parent=19459"}],"wp:term":[{"taxonomy":"category","embeddable":true,"href":"https:\/\/radiostavanger.no\/index.php?rest_route=%2Fwp%2Fv2%2Fcategories&post=19459"},{"taxonomy":"post_tag","embeddable":true,"href":"https:\/\/radiostavanger.no\/index.php?rest_route=%2Fwp%2Fv2%2Ftags&post=19459"},{"taxonomy":"tmauthors","embeddable":true,"href":"https:\/\/radiostavanger.no\/index.php?rest_route=%2Fwp%2Fv2%2Ftmauthors&post=19459"}],"curies":[{"name":"wp","href":"https:\/\/api.w.org\/{rel}","templated":true}]}}