{"id":19463,"date":"2026-08-28T08:23:32","date_gmt":"2026-08-28T08:23:32","guid":{"rendered":"https:\/\/radiostavanger.no\/?p=19463"},"modified":"2026-08-28T08:23:32","modified_gmt":"2026-08-28T08:23:32","slug":"ratko-mladic-far-statsbegravelse-i-serbia-radio-stavanger","status":"publish","type":"post","link":"https:\/\/radiostavanger.no\/?p=19463","title":{"rendered":"Ratko Mladi\u0107 f\u00e5r statsbegravelse i Serbia \u2013 Radio Stavanger"},"content":{"rendered":"<p><br \/>\n<\/p>\n<div id=\"mvp-content-main\">\n<p class=\"radioh-ingress\"><strong>Ratko Mladi\u0107, som ble d\u00f8mt til livsvarig fengsel for krigsforbrytelser under krigen i Bosnia-Hercegovina, skal begraves p\u00e5 statens regning i Serbia.<\/strong><\/p>\n<p><strong>Utenriks<\/strong>: Det opplyser det serbiske justisdepartementet fredag.<\/p>\n<p>Mladic d\u00f8de torsdag, 84 \u00e5r gammel, mens han sonet dommen for folkemord og forbrytelser mot menneskeheten i Haag. Han tilbrakte sine 15 siste \u00e5r i fengsel.<\/p>\n<p>(\u00a9NTB)<\/p>\n<\/p><\/div>\n<p><script async defer crossorigin=\"anonymous\" data-lazy=\"w3tc\" data-src=\"https:\/\/connect.facebook.net\/nb_NO\/sdk.js#xfbml=1&#038;version=v18.0\"><\/script><br \/>\n<br \/><br \/>\n<br \/><a href=\"https:\/\/radioh.no\/ratko-mladic-far-statsbegravelse-i-serbia\/\">Kilde <\/a><\/p>","protected":false},"excerpt":{"rendered":"<p>Ratko Mladi\u0107, som ble d\u00f8mt til livsvarig fengsel for krigsforbrytelser under krigen i Bosnia-Hercegovina, skal begraves p\u00e5 statens regning i Serbia. Utenriks: Det opplyser det serbiske justisdepartementet fredag. Mladic d\u00f8de torsdag, 84 \u00e5r gammel, mens han sonet dommen for folkemord og forbrytelser mot menneskeheten i Haag. Han tilbrakte sine 15 siste \u00e5r i fengsel. (\u00a9NTB) [&hellip;]<\/p>","protected":false},"author":1,"featured_media":19464,"comment_status":"","ping_status":"","sticky":false,"template":"","format":"standard","meta":{"footnotes":""},"categories":[107],"tags":[],"tmauthors":[],"class_list":["post-19463","post","type-post","status-publish","format-standard","has-post-thumbnail","category-nyheter"],"_links":{"self":[{"href":"https:\/\/radiostavanger.no\/index.php?rest_route=\/wp\/v2\/posts\/19463","targetHints":{"allow":["GET"]}}],"collection":[{"href":"https:\/\/radiostavanger.no\/index.php?rest_route=\/wp\/v2\/posts"}],"about":[{"href":"https:\/\/radiostavanger.no\/index.php?rest_route=\/wp\/v2\/types\/post"}],"author":[{"embeddable":true,"href":"https:\/\/radiostavanger.no\/index.php?rest_route=\/wp\/v2\/users\/1"}],"replies":[{"embeddable":true,"href":"https:\/\/radiostavanger.no\/index.php?rest_route=%2Fwp%2Fv2%2Fcomments&post=19463"}],"version-history":[{"count":0,"href":"https:\/\/radiostavanger.no\/index.php?rest_route=\/wp\/v2\/posts\/19463\/revisions"}],"wp:featuredmedia":[{"embeddable":true,"href":"https:\/\/radiostavanger.no\/index.php?rest_route=\/wp\/v2\/media\/19464"}],"wp:attachment":[{"href":"https:\/\/radiostavanger.no\/index.php?rest_route=%2Fwp%2Fv2%2Fmedia&parent=19463"}],"wp:term":[{"taxonomy":"category","embeddable":true,"href":"https:\/\/radiostavanger.no\/index.php?rest_route=%2Fwp%2Fv2%2Fcategories&post=19463"},{"taxonomy":"post_tag","embeddable":true,"href":"https:\/\/radiostavanger.no\/index.php?rest_route=%2Fwp%2Fv2%2Ftags&post=19463"},{"taxonomy":"tmauthors","embeddable":true,"href":"https:\/\/radiostavanger.no\/index.php?rest_route=%2Fwp%2Fv2%2Ftmauthors&post=19463"}],"curies":[{"name":"wp","href":"https:\/\/api.w.org\/{rel}","templated":true}]}}