{"id":19488,"date":"2026-08-28T09:30:00","date_gmt":"2026-08-28T09:30:00","guid":{"rendered":"https:\/\/radiostavanger.no\/?p=19488"},"modified":"2026-08-28T09:30:00","modified_gmt":"2026-08-28T09:30:00","slug":"sorg-og-takknemlighet-etter-kong-haralds-dod-radio-stavanger","status":"publish","type":"post","link":"https:\/\/radiostavanger.no\/?p=19488","title":{"rendered":"Sorg og takknemlighet etter kong Haralds d\u00f8d \u2013 Radio Stavanger"},"content":{"rendered":"<p><br \/>\n<\/p>\n<div id=\"mvp-content-main\">\n<p class=\"radioh-ingress\"><strong>Folk str\u00f8mmer til Slottsplassen for \u00e5 legge ned blomster og vise kong Harald en siste hilsen. Mange er preget, feller t\u00e5rer og holder rundt hverandre.<\/strong>\n<\/p>\n<p><strong>Innenriks<\/strong>: Hundrevis var allerede til stede i de tidlige formiddagstimene, og flere og flere kom til utover dagen. Blant de fremm\u00f8tte, er det ogs\u00e5 mange barn.\n<\/p>\n<p>Stemningen er dempet og alvorlig. Da flagget ble senket p\u00e5 halv stang like etter klokken 8.30, var det stille p\u00e5 Slottsplassen. Mange gr\u00e5t og klemte hverandre.\n<\/p>\n<p>\u2013 Hele nasjonen er i sorg, sier stortingspresident Masud Gharahkhani.\n<\/p>\n<h2>Blomsterhavet vokser<\/h2>\n<p>\nMange av dem som tar turen til Slottsplassen, har med blomster, og blomsterhavet vokser time for time. Allerede torsdag, da kong Harald l\u00e5 innlagt p\u00e5 sykehuset, str\u00f8mmet folk til med blomster en varm sensommerkveld, sang for kongen eller sto i stillhet i en dempet stemning.<\/p>\n<p>Utenfor Slottet rigges det til med s\u00f8rgeb\u00e5nd, og mange er tydelig ber\u00f8rt av d\u00f8dsfallet.\n<\/p>\n<p>\u2013 Vi har mistet v\u00e5r folkekj\u00e6re konge, og hele nasjonen er i sorg. Kong Harald regjerte i tr\u00e5d med valgspr\u00e5ket \u00abAlt for Norge\u00bb, sier stortingspresidenten.\n<\/p>\n<p>Ogs\u00e5 flere politikere gikk til Slottsplassen for \u00e5 legge ned blomster.\n<\/p>\n<h2>Sorg og takknemlighet<\/h2>\n<p>\nGharahkhani, statsminister Jonas Gahr St\u00f8re (Ap) og h\u00f8yesterettsjustitiarius Toril Marie \u00d8ie var blant dem, utenom kongefamilien, som fikk beskjeden f\u00f8rst om at kong Harald sovnet inn klokken 6.35 fredag morgen.\n<\/p>\n<p>\u2013 En hel nasjon s\u00f8rger og st\u00e5r samtidig igjen i sterk takknemlighet for et langt liv viet til Norge. Gjennom mer enn tre ti\u00e5r som konge viste Harald V en urokkelig tro p\u00e5 det norske folk. Han hjalp oss til \u00e5 se det beste i oss selv \u2013 og i hverandre, sier St\u00f8re.<\/p>\n<p>Tidligere statsminister Gro Harlem Brundtland (Ap) sier hun f\u00f8ler dyp sorg og stor takknemlighet.\n<\/p>\n<p>\u2013 Han har tjent land og folk med n\u00e6rhet og varme og vil alltid bli husket som en konge som f\u00f8ltes s\u00e5 n\u00e6r og som var elsket av sitt folk, sier Brundtland i en uttalelse.\n<\/p>\n<h2>Genuint opptatt av alle<\/h2>\n<p>\nOgs\u00e5 organisasjonene i arbeidslivet s\u00f8rger over kong Haralds bortgang.\n<\/p>\n<p>\u2013 En lang arbeidsdag i folkets tjeneste er over, skriver LO i sin pressemelding.\n<\/p>\n<p>LO skriver at kong Harald var oppriktig engasjert og interessert i land og folk.<\/p>\n<p>\u2013 F\u00e5 kunne som ham forst\u00e5 vanlige folks dagligliv og dele sorger og gleder med oss. Tilbake fikk han en varm og ekte hengivenhet som neppe noen andre monarker i verden har opplevd.\n<\/p>\n<p>Administrerende direkt\u00f8r Ole Erik Almlid i NHO skriver i sin melding at kongen var en viktig d\u00f8r\u00e5pner og god ambassad\u00f8r for norsk n\u00e6ringsliv.\n<\/p>\n<p>\u2013 Han var genuint opptatt av bedriftenes bidrag til \u00e5 skape arbeidsplasser og gode levevilk\u00e5r i hele landet. Vi er dypt takknemlige for kongens livslange tjeneste for landet. V\u00e5re tanker g\u00e5r til kongens familie \u2013 og hele det norske folk, skriver Almlid.\n<\/p>\n<h2>Kirker og moskeer markerer<\/h2>\n<p>\nKirkeklokkene vil fra klokken 12 til 13 ringe i kirker landet rundt for \u00e5 minnes kong Harald.\n<\/p>\n<p>\u2013 Sorgen er ogs\u00e5 fylt med en dyp og inderlig takk over alt kong Harald har v\u00e6rt for oss alle gjennom hele sitt liv. Vi ber om Guds n\u00e6rv\u00e6r og omsorg for alle som n\u00e5 s\u00f8rger, sier preses Olav Fykse Tveit, som er ledende biskop i Den norske kirke.<\/p>\n<p>Moskeer over hele Norge markerer ogs\u00e5 kongens bortgang. If\u00f8lge Muslimsk Dialognettverk vil imamer i flere moskeer ved fredagsb\u00f8nnen omtale kongens bortgang og be for dronning Sonja og kongefamilien.\n<\/p>\n<p>\u2013 Kong Harald var hele Norges konge. Sorgen vil merkes i moskeer over hele landet. Han viste at det er fullt mulig \u00e5 h\u00f8re til i Norge, selv om vi har ulik tro, bakgrunn og livserfaring, sier imam Faruk Terzic, styreleder i Muslimsk Dialognettverk.\n<\/p>\n<p>(\u00a9NTB)\n<\/p>\n<\/p><\/div>\n<p><script async defer crossorigin=\"anonymous\" data-lazy=\"w3tc\" data-src=\"https:\/\/connect.facebook.net\/nb_NO\/sdk.js#xfbml=1&#038;version=v18.0\"><\/script><br \/>\n<br \/><br \/>\n<br \/><a href=\"https:\/\/radioh.no\/sorg-og-takknemlighet-etter-kong-haralds-dod\/\">Kilde <\/a><\/p>","protected":false},"excerpt":{"rendered":"<p>Folk str\u00f8mmer til Slottsplassen for \u00e5 legge ned blomster og vise kong Harald en siste hilsen. Mange er preget, feller t\u00e5rer og holder rundt hverandre. Innenriks: Hundrevis var allerede til stede i de tidlige formiddagstimene, og flere og flere kom til utover dagen. Blant de fremm\u00f8tte, er det ogs\u00e5 mange barn. Stemningen er dempet og [&hellip;]<\/p>","protected":false},"author":1,"featured_media":19489,"comment_status":"","ping_status":"","sticky":false,"template":"","format":"standard","meta":{"footnotes":""},"categories":[107],"tags":[],"tmauthors":[],"class_list":["post-19488","post","type-post","status-publish","format-standard","has-post-thumbnail","category-nyheter"],"_links":{"self":[{"href":"https:\/\/radiostavanger.no\/index.php?rest_route=\/wp\/v2\/posts\/19488","targetHints":{"allow":["GET"]}}],"collection":[{"href":"https:\/\/radiostavanger.no\/index.php?rest_route=\/wp\/v2\/posts"}],"about":[{"href":"https:\/\/radiostavanger.no\/index.php?rest_route=\/wp\/v2\/types\/post"}],"author":[{"embeddable":true,"href":"https:\/\/radiostavanger.no\/index.php?rest_route=\/wp\/v2\/users\/1"}],"replies":[{"embeddable":true,"href":"https:\/\/radiostavanger.no\/index.php?rest_route=%2Fwp%2Fv2%2Fcomments&post=19488"}],"version-history":[{"count":0,"href":"https:\/\/radiostavanger.no\/index.php?rest_route=\/wp\/v2\/posts\/19488\/revisions"}],"wp:featuredmedia":[{"embeddable":true,"href":"https:\/\/radiostavanger.no\/index.php?rest_route=\/wp\/v2\/media\/19489"}],"wp:attachment":[{"href":"https:\/\/radiostavanger.no\/index.php?rest_route=%2Fwp%2Fv2%2Fmedia&parent=19488"}],"wp:term":[{"taxonomy":"category","embeddable":true,"href":"https:\/\/radiostavanger.no\/index.php?rest_route=%2Fwp%2Fv2%2Fcategories&post=19488"},{"taxonomy":"post_tag","embeddable":true,"href":"https:\/\/radiostavanger.no\/index.php?rest_route=%2Fwp%2Fv2%2Ftags&post=19488"},{"taxonomy":"tmauthors","embeddable":true,"href":"https:\/\/radiostavanger.no\/index.php?rest_route=%2Fwp%2Fv2%2Ftmauthors&post=19488"}],"curies":[{"name":"wp","href":"https:\/\/api.w.org\/{rel}","templated":true}]}}