{"id":19504,"date":"2026-08-28T10:33:07","date_gmt":"2026-08-28T10:33:07","guid":{"rendered":"https:\/\/radiostavanger.no\/?p=19504"},"modified":"2026-08-28T10:33:07","modified_gmt":"2026-08-28T10:33:07","slug":"kongeflagget-til-topps-pa-slottet-flagger-med-sorgeflor-fra-balkongen-radio-stavanger","status":"publish","type":"post","link":"https:\/\/radiostavanger.no\/?p=19504","title":{"rendered":"Kongeflagget til topps p\u00e5 Slottet \u2013 flagger med s\u00f8rgeflor fra balkongen \u2013 Radio Stavanger"},"content":{"rendered":"<p><br \/>\n<\/p>\n<div id=\"mvp-content-main\">\n<p class=\"radioh-ingress\"><strong>Det flagges fra slottsbalkongen etter kong Haralds d\u00f8d.<\/strong>\n<\/p>\n<p><strong>Innenriks<\/strong>: Kongeflagget ble heist fra balkongen med s\u00f8rgeflor og firt til halv stang like etter at den nye kongen og regjeringen m\u00f8ttes til ekstraordin\u00e6rt statsr\u00e5d p\u00e5 Slottet.\n<\/p>\n<p>Samtidig ble kongeflagget p\u00e5 Slottets tak heist til topps. Det ble firt p\u00e5 halv stang da kong Haralds d\u00f8d ble kunngjort.\n<\/p>\n<p>Dermed er det ekstraordin\u00e6re statsr\u00e5det over.\n<\/p>\n<p>(\u00a9NTB)<\/p>\n<\/p><\/div>\n<p><script async defer crossorigin=\"anonymous\" data-lazy=\"w3tc\" data-src=\"https:\/\/connect.facebook.net\/nb_NO\/sdk.js#xfbml=1&#038;version=v18.0\"><\/script><br \/>\n<br \/><br \/>\n<br \/><a href=\"https:\/\/radioh.no\/kongeflagget-til-topps-pa-slottet-flagger-med-sorgeflor-fra-balkongen\/\">Kilde <\/a><\/p>","protected":false},"excerpt":{"rendered":"<p>Det flagges fra slottsbalkongen etter kong Haralds d\u00f8d. Innenriks: Kongeflagget ble heist fra balkongen med s\u00f8rgeflor og firt til halv stang like etter at den nye kongen og regjeringen m\u00f8ttes til ekstraordin\u00e6rt statsr\u00e5d p\u00e5 Slottet. Samtidig ble kongeflagget p\u00e5 Slottets tak heist til topps. Det ble firt p\u00e5 halv stang da kong Haralds d\u00f8d ble [&hellip;]<\/p>","protected":false},"author":1,"featured_media":19505,"comment_status":"","ping_status":"","sticky":false,"template":"","format":"standard","meta":{"footnotes":""},"categories":[107],"tags":[],"tmauthors":[],"class_list":["post-19504","post","type-post","status-publish","format-standard","has-post-thumbnail","category-nyheter"],"_links":{"self":[{"href":"https:\/\/radiostavanger.no\/index.php?rest_route=\/wp\/v2\/posts\/19504","targetHints":{"allow":["GET"]}}],"collection":[{"href":"https:\/\/radiostavanger.no\/index.php?rest_route=\/wp\/v2\/posts"}],"about":[{"href":"https:\/\/radiostavanger.no\/index.php?rest_route=\/wp\/v2\/types\/post"}],"author":[{"embeddable":true,"href":"https:\/\/radiostavanger.no\/index.php?rest_route=\/wp\/v2\/users\/1"}],"replies":[{"embeddable":true,"href":"https:\/\/radiostavanger.no\/index.php?rest_route=%2Fwp%2Fv2%2Fcomments&post=19504"}],"version-history":[{"count":0,"href":"https:\/\/radiostavanger.no\/index.php?rest_route=\/wp\/v2\/posts\/19504\/revisions"}],"wp:featuredmedia":[{"embeddable":true,"href":"https:\/\/radiostavanger.no\/index.php?rest_route=\/wp\/v2\/media\/19505"}],"wp:attachment":[{"href":"https:\/\/radiostavanger.no\/index.php?rest_route=%2Fwp%2Fv2%2Fmedia&parent=19504"}],"wp:term":[{"taxonomy":"category","embeddable":true,"href":"https:\/\/radiostavanger.no\/index.php?rest_route=%2Fwp%2Fv2%2Fcategories&post=19504"},{"taxonomy":"post_tag","embeddable":true,"href":"https:\/\/radiostavanger.no\/index.php?rest_route=%2Fwp%2Fv2%2Ftags&post=19504"},{"taxonomy":"tmauthors","embeddable":true,"href":"https:\/\/radiostavanger.no\/index.php?rest_route=%2Fwp%2Fv2%2Ftmauthors&post=19504"}],"curies":[{"name":"wp","href":"https:\/\/api.w.org\/{rel}","templated":true}]}}