{"id":19526,"date":"2026-08-28T11:47:09","date_gmt":"2026-08-28T11:47:09","guid":{"rendered":"https:\/\/radiostavanger.no\/?p=19526"},"modified":"2026-08-28T11:47:09","modified_gmt":"2026-08-28T11:47:09","slug":"de-vant-til-slutt-radio-stavanger","status":"publish","type":"post","link":"https:\/\/radiostavanger.no\/?p=19526","title":{"rendered":"\u2013 De vant til slutt \u2013 Radio Stavanger"},"content":{"rendered":"<p><br \/>\n<\/p>\n<div id=\"mvp-content-main\">\n<p class=\"radioh-ingress\"><strong>I sin minnetale hedret statsminister Jonas Gahr St\u00f8re en konge som var modig i m\u00f8tet med tradisjonen, og som turte \u00e5 kjempe for kj\u00e6rligheten.<\/strong>\n<\/p>\n<p><strong>Innenriks<\/strong>: \u2013 En hel nasjon er i sorg, og et folk st\u00e5r igjen i dyp takknemlighet. Vi vil huske kong Harald for hans kj\u00e6rlighet til sitt folk, for hans humor og varme, og for hans urokkelige tro p\u00e5 oss. Med den troen hjalp han folk til \u00e5 se det beste i oss selv og i hverandre, innledet St\u00f8re sin tale.\n<\/p>\n<p>Statsministeren mener kj\u00e6rlighetshistorien mellom kong Harald og dronning Sonja tegner et bilde av en konge som v\u00e5get \u00e5 bryte med tradisjonen.\n<\/p>\n<p>\u2013 Allerede som kronprins viste Harald at han ville m\u00f8te oppgaven som konge som seg selv. Det s\u00e5 vi aller tydeligst i kj\u00e6rligheten til Sonja. I ni \u00e5r ventet han og kjempet han for \u00e5 f\u00e5 gifte seg med kvinnen han elsket. De vant til slutt en stor seier for kj\u00e6rligheten, sa St\u00f8re f\u00f8r han understreket poenget:\n<\/p>\n<p>\u2013 Det fortalte mye om den kongen Harald skulle bli: En mann med respekt for tradisjon, men med mot for \u00e5 f\u00f8re den inn i en ny tid.<\/p>\n<p>(\u00a9NTB)\n<\/p>\n<\/p><\/div>\n<p><script async defer crossorigin=\"anonymous\" data-lazy=\"w3tc\" data-src=\"https:\/\/connect.facebook.net\/nb_NO\/sdk.js#xfbml=1&#038;version=v18.0\"><\/script><br \/>\n<br \/><br \/>\n<br \/><a href=\"https:\/\/radioh.no\/store-hedret-kjaerligheten-mellom-sonja-og-harald-i-minnetalen-de-vant-til-slutt\/\">Kilde <\/a><\/p>","protected":false},"excerpt":{"rendered":"<p>I sin minnetale hedret statsminister Jonas Gahr St\u00f8re en konge som var modig i m\u00f8tet med tradisjonen, og som turte \u00e5 kjempe for kj\u00e6rligheten. Innenriks: \u2013 En hel nasjon er i sorg, og et folk st\u00e5r igjen i dyp takknemlighet. Vi vil huske kong Harald for hans kj\u00e6rlighet til sitt folk, for hans humor og [&hellip;]<\/p>","protected":false},"author":1,"featured_media":19527,"comment_status":"","ping_status":"","sticky":false,"template":"","format":"standard","meta":{"footnotes":""},"categories":[107],"tags":[],"tmauthors":[],"class_list":["post-19526","post","type-post","status-publish","format-standard","has-post-thumbnail","category-nyheter"],"_links":{"self":[{"href":"https:\/\/radiostavanger.no\/index.php?rest_route=\/wp\/v2\/posts\/19526","targetHints":{"allow":["GET"]}}],"collection":[{"href":"https:\/\/radiostavanger.no\/index.php?rest_route=\/wp\/v2\/posts"}],"about":[{"href":"https:\/\/radiostavanger.no\/index.php?rest_route=\/wp\/v2\/types\/post"}],"author":[{"embeddable":true,"href":"https:\/\/radiostavanger.no\/index.php?rest_route=\/wp\/v2\/users\/1"}],"replies":[{"embeddable":true,"href":"https:\/\/radiostavanger.no\/index.php?rest_route=%2Fwp%2Fv2%2Fcomments&post=19526"}],"version-history":[{"count":0,"href":"https:\/\/radiostavanger.no\/index.php?rest_route=\/wp\/v2\/posts\/19526\/revisions"}],"wp:featuredmedia":[{"embeddable":true,"href":"https:\/\/radiostavanger.no\/index.php?rest_route=\/wp\/v2\/media\/19527"}],"wp:attachment":[{"href":"https:\/\/radiostavanger.no\/index.php?rest_route=%2Fwp%2Fv2%2Fmedia&parent=19526"}],"wp:term":[{"taxonomy":"category","embeddable":true,"href":"https:\/\/radiostavanger.no\/index.php?rest_route=%2Fwp%2Fv2%2Fcategories&post=19526"},{"taxonomy":"post_tag","embeddable":true,"href":"https:\/\/radiostavanger.no\/index.php?rest_route=%2Fwp%2Fv2%2Ftags&post=19526"},{"taxonomy":"tmauthors","embeddable":true,"href":"https:\/\/radiostavanger.no\/index.php?rest_route=%2Fwp%2Fv2%2Ftmauthors&post=19526"}],"curies":[{"name":"wp","href":"https:\/\/api.w.org\/{rel}","templated":true}]}}