{"id":19563,"date":"2026-08-28T14:23:55","date_gmt":"2026-08-28T14:23:55","guid":{"rendered":"https:\/\/radiostavanger.no\/?p=19563"},"modified":"2026-08-28T14:23:55","modified_gmt":"2026-08-28T14:23:55","slug":"uvurderlig-radio-stavanger","status":"publish","type":"post","link":"https:\/\/radiostavanger.no\/?p=19563","title":{"rendered":"\u2013 Uvurderlig \u2013 Radio Stavanger"},"content":{"rendered":"<p><br \/>\n<\/p>\n<div id=\"mvp-content-main\">\n<p class=\"radioh-ingress\"><strong>Sametingspresident Silje Karine Muotka minnes en konge som forsto situasjonen til samene.<\/strong>\n<\/p>\n<p><strong>Innenriks<\/strong>: \u2013 Det samiske folket er i sorg. Kong Harald har v\u00e6rt en samlende kraft som har bidratt til \u00e5 opprettholde kongehusets sterke posisjon blant samer, sa Muotka i starten av sin minnetale fredag.\n<\/p>\n<p>Hun legger vekt p\u00e5 kongens rolle som en bindende kraft gjennom mange \u00e5r.\n<\/p>\n<p>\u2013 Kongens ord om at Norge er grunnlagt p\u00e5 territoriet til to folk, har hatt uvurderlig betydning for samene og for utvikling av samisk politikk, fortsatte hun.\n<\/p>\n<p>\u2013 Vi er glade i kongehuset, og vi har alltid v\u00e6rt glade i kong Harald. Vi opplever at det var gjensidig. Han var et inkluderende menneske, og han forsto samenes situasjon.<\/p>\n<p>P\u00e5 tomannsh\u00e5nd opplevde Muotka et omsorgsfullt menneske.\n<\/p>\n<p>\u2013 Kongen har gjennom alle disse \u00e5rene vist seg som en lun og varm person med mye humor. Vi hadde en flott konge som ga mye av seg selv, og han hadde en egen evne til \u00e5 vise omsorg for dem han m\u00f8tte rundt i landet.\n<\/p>\n<p>\u2013 P\u00e5 vegne av det samiske folk \u00f8nsker jeg \u00e5 uttrykke mine varmeste kondolanser til kongefamilien. Vi tar del i sorgen deres, avsluttet Muotka.\n<\/p>\n<p>(\u00a9NTB)\n<\/p>\n<\/p><\/div>\n<p><script async defer crossorigin=\"anonymous\" data-lazy=\"w3tc\" data-src=\"https:\/\/connect.facebook.net\/nb_NO\/sdk.js#xfbml=1&#038;version=v18.0\"><\/script><br \/>\n<br \/><br \/>\n<br \/><a href=\"https:\/\/radioh.no\/sametingspresidenten-minnes-en-inkluderende-konge-uvurderlig\/\">Kilde <\/a><\/p>","protected":false},"excerpt":{"rendered":"<p>Sametingspresident Silje Karine Muotka minnes en konge som forsto situasjonen til samene. Innenriks: \u2013 Det samiske folket er i sorg. Kong Harald har v\u00e6rt en samlende kraft som har bidratt til \u00e5 opprettholde kongehusets sterke posisjon blant samer, sa Muotka i starten av sin minnetale fredag. Hun legger vekt p\u00e5 kongens rolle som en bindende [&hellip;]<\/p>","protected":false},"author":1,"featured_media":19564,"comment_status":"","ping_status":"","sticky":false,"template":"","format":"standard","meta":{"footnotes":""},"categories":[107],"tags":[],"tmauthors":[],"class_list":["post-19563","post","type-post","status-publish","format-standard","has-post-thumbnail","category-nyheter"],"_links":{"self":[{"href":"https:\/\/radiostavanger.no\/index.php?rest_route=\/wp\/v2\/posts\/19563","targetHints":{"allow":["GET"]}}],"collection":[{"href":"https:\/\/radiostavanger.no\/index.php?rest_route=\/wp\/v2\/posts"}],"about":[{"href":"https:\/\/radiostavanger.no\/index.php?rest_route=\/wp\/v2\/types\/post"}],"author":[{"embeddable":true,"href":"https:\/\/radiostavanger.no\/index.php?rest_route=\/wp\/v2\/users\/1"}],"replies":[{"embeddable":true,"href":"https:\/\/radiostavanger.no\/index.php?rest_route=%2Fwp%2Fv2%2Fcomments&post=19563"}],"version-history":[{"count":0,"href":"https:\/\/radiostavanger.no\/index.php?rest_route=\/wp\/v2\/posts\/19563\/revisions"}],"wp:featuredmedia":[{"embeddable":true,"href":"https:\/\/radiostavanger.no\/index.php?rest_route=\/wp\/v2\/media\/19564"}],"wp:attachment":[{"href":"https:\/\/radiostavanger.no\/index.php?rest_route=%2Fwp%2Fv2%2Fmedia&parent=19563"}],"wp:term":[{"taxonomy":"category","embeddable":true,"href":"https:\/\/radiostavanger.no\/index.php?rest_route=%2Fwp%2Fv2%2Fcategories&post=19563"},{"taxonomy":"post_tag","embeddable":true,"href":"https:\/\/radiostavanger.no\/index.php?rest_route=%2Fwp%2Fv2%2Ftags&post=19563"},{"taxonomy":"tmauthors","embeddable":true,"href":"https:\/\/radiostavanger.no\/index.php?rest_route=%2Fwp%2Fv2%2Ftmauthors&post=19563"}],"curies":[{"name":"wp","href":"https:\/\/api.w.org\/{rel}","templated":true}]}}