{"id":19611,"date":"2026-08-28T23:40:55","date_gmt":"2026-08-28T23:40:55","guid":{"rendered":"https:\/\/radiostavanger.no\/?p=19611"},"modified":"2026-08-28T23:40:55","modified_gmt":"2026-08-28T23:40:55","slug":"knapp-ledelse-til-ja-siden-pa-island-radio-stavanger","status":"publish","type":"post","link":"https:\/\/radiostavanger.no\/?p=19611","title":{"rendered":"Knapp ledelse til ja-siden p\u00e5 Island \u2013 Radio Stavanger"},"content":{"rendered":"<p><br \/>\n<\/p>\n<div id=\"mvp-content-main\">\n<p class=\"radioh-ingress\"><strong>Ja-siden har tatt en knapp ledelse i forkant av EU-avstemningen p\u00e5 Island l\u00f8rdag, viser en fersk meningsm\u00e5ling.<\/strong>\n<\/p>\n<p><strong>Utenriks<\/strong>: If\u00f8lge m\u00e5lingen fra Mask\u00edna vil 50,4 prosent si ja til \u00e5 gjenoppta medlemskapsforhandlingene med EU, mens 49,6 prosent vil si nei.\n<\/p>\n<p>Unders\u00f8kelsen ble gjennomf\u00f8rt fredag og hadde 3.274 respondenter.\n<\/p>\n<p>En m\u00e5ling fra Gallup, gjennomf\u00f8rt noen dager tidligere, pekte i motsatt retning: Der svarte 51,6 prosent av de spurte at de vil si nei, mens 48,4 prosent vil si ja.\n<\/p>\n<p>Valgdeltakelsen ligger an til \u00e5 bli skyh\u00f8y, if\u00f8lge den islandske kringkasteren RUV. Fredag hadde over 60.000 velgere forh\u00e5ndsstemt, if\u00f8lge en representant for Islands valgkommisjon.<\/p>\n<p>(\u00a9NTB)\n<\/p>\n<\/p><\/div>\n<p><script async defer crossorigin=\"anonymous\" data-lazy=\"w3tc\" data-src=\"https:\/\/connect.facebook.net\/nb_NO\/sdk.js#xfbml=1&#038;version=v18.0\"><\/script><br \/>\n<br \/><br \/>\n<br \/><a href=\"https:\/\/radioh.no\/ny-maling-knapp-ledelse-til-ja-siden-pa-island\/\">Kilde <\/a><\/p>","protected":false},"excerpt":{"rendered":"<p>Ja-siden har tatt en knapp ledelse i forkant av EU-avstemningen p\u00e5 Island l\u00f8rdag, viser en fersk meningsm\u00e5ling. Utenriks: If\u00f8lge m\u00e5lingen fra Mask\u00edna vil 50,4 prosent si ja til \u00e5 gjenoppta medlemskapsforhandlingene med EU, mens 49,6 prosent vil si nei. Unders\u00f8kelsen ble gjennomf\u00f8rt fredag og hadde 3.274 respondenter. En m\u00e5ling fra Gallup, gjennomf\u00f8rt noen dager tidligere, [&hellip;]<\/p>","protected":false},"author":1,"featured_media":19612,"comment_status":"","ping_status":"","sticky":false,"template":"","format":"standard","meta":{"footnotes":""},"categories":[107],"tags":[],"tmauthors":[],"class_list":["post-19611","post","type-post","status-publish","format-standard","has-post-thumbnail","category-nyheter"],"_links":{"self":[{"href":"https:\/\/radiostavanger.no\/index.php?rest_route=\/wp\/v2\/posts\/19611","targetHints":{"allow":["GET"]}}],"collection":[{"href":"https:\/\/radiostavanger.no\/index.php?rest_route=\/wp\/v2\/posts"}],"about":[{"href":"https:\/\/radiostavanger.no\/index.php?rest_route=\/wp\/v2\/types\/post"}],"author":[{"embeddable":true,"href":"https:\/\/radiostavanger.no\/index.php?rest_route=\/wp\/v2\/users\/1"}],"replies":[{"embeddable":true,"href":"https:\/\/radiostavanger.no\/index.php?rest_route=%2Fwp%2Fv2%2Fcomments&post=19611"}],"version-history":[{"count":0,"href":"https:\/\/radiostavanger.no\/index.php?rest_route=\/wp\/v2\/posts\/19611\/revisions"}],"wp:featuredmedia":[{"embeddable":true,"href":"https:\/\/radiostavanger.no\/index.php?rest_route=\/wp\/v2\/media\/19612"}],"wp:attachment":[{"href":"https:\/\/radiostavanger.no\/index.php?rest_route=%2Fwp%2Fv2%2Fmedia&parent=19611"}],"wp:term":[{"taxonomy":"category","embeddable":true,"href":"https:\/\/radiostavanger.no\/index.php?rest_route=%2Fwp%2Fv2%2Fcategories&post=19611"},{"taxonomy":"post_tag","embeddable":true,"href":"https:\/\/radiostavanger.no\/index.php?rest_route=%2Fwp%2Fv2%2Ftags&post=19611"},{"taxonomy":"tmauthors","embeddable":true,"href":"https:\/\/radiostavanger.no\/index.php?rest_route=%2Fwp%2Fv2%2Ftmauthors&post=19611"}],"curies":[{"name":"wp","href":"https:\/\/api.w.org\/{rel}","templated":true}]}}