{"id":19674,"date":"2026-08-29T12:58:04","date_gmt":"2026-08-29T12:58:04","guid":{"rendered":"https:\/\/radiostavanger.no\/?p=19674"},"modified":"2026-08-29T12:58:04","modified_gmt":"2026-08-29T12:58:04","slug":"tyder-pa-funn-som-er-enda-mer-alvorlige-radio-stavanger","status":"publish","type":"post","link":"https:\/\/radiostavanger.no\/?p=19674","title":{"rendered":"\u2013 Tyder p\u00e5 funn som er enda mer alvorlige \u2013 Radio Stavanger"},"content":{"rendered":"<p><br \/>\n<\/p>\n<div id=\"mvp-content-main\">\n<p class=\"radioh-ingress\"><strong>Lise Klaveness tror granskingen av Fifa-sjef Gianni Infantinos VM-planer kan avsl\u00f8re langt mer enn det som er kjent.<\/strong>\n<\/p>\n<p><strong>Sport<\/strong>: Det sier hun i et intervju med TV 2. Tidligere i uken viste rettsdokumenter i USA at Det europeiske fotballforbundet (Uefa) vurderer rettslige skritt mot Infantino.\n<\/p>\n<p>\u2013 Uefa har brukt advokat i flere land og vil f\u00e5 dokumentasjon. Vi har ikke innsyn i dokumentasjonen n\u00e5. Det har ikke Uefa enn\u00e5 heller. Men det er ting som tyder p\u00e5 at det vil v\u00e6re funn der som er enda mer alvorlige enn det vi vet, sier Klaveness.\n<\/p>\n<p>Presidenten i Norges Fotballforbund understreker at hun ikke vil forskuttere noe.\n<\/p>\n<p>\u2013 Jeg h\u00f8rer bare det som blir sagt, og g\u00e5r inn i det. Jeg er veldig opptatt av at folk er uskyldige i straffesaker f\u00f8r noe annet ligger p\u00e5 bordet. Vi har ikke sett noe i den retning. Men det er likevel det vi m\u00e5 finne ut av, og det er ting som tyder p\u00e5 at det er mer her.<\/p>\n<p>Bakgrunnen for Uefas grep er Infantinos havarerte prosjekt med \u00e5 slippe til private investorer i Fifas turneringer, deriblant VM-sluttspillet for menn.\n<\/p>\n<p>Klaveness ba nylig Infantino om \u00e5 g\u00e5 av som f\u00f8lge av saken. Fifa-presidentens lederstil og avgj\u00f8relser har v\u00e6rt omstridt i lang tid.\n<\/p>\n<p>(\u00a9NTB)\n<\/p>\n<\/p><\/div>\n<p><script async defer crossorigin=\"anonymous\" data-lazy=\"w3tc\" data-src=\"https:\/\/connect.facebook.net\/nb_NO\/sdk.js#xfbml=1&#038;version=v18.0\"><\/script><br \/>\n<br \/><br \/>\n<br \/><a href=\"https:\/\/radioh.no\/klaveness-om-uefas-grep-mot-infantino-tyder-pa-funn-som-er-enda-mer-alvorlige\/\">Kilde <\/a><\/p>","protected":false},"excerpt":{"rendered":"<p>Lise Klaveness tror granskingen av Fifa-sjef Gianni Infantinos VM-planer kan avsl\u00f8re langt mer enn det som er kjent. Sport: Det sier hun i et intervju med TV 2. Tidligere i uken viste rettsdokumenter i USA at Det europeiske fotballforbundet (Uefa) vurderer rettslige skritt mot Infantino. \u2013 Uefa har brukt advokat i flere land og vil [&hellip;]<\/p>","protected":false},"author":1,"featured_media":19675,"comment_status":"","ping_status":"","sticky":false,"template":"","format":"standard","meta":{"footnotes":""},"categories":[107],"tags":[],"tmauthors":[],"class_list":["post-19674","post","type-post","status-publish","format-standard","has-post-thumbnail","category-nyheter"],"_links":{"self":[{"href":"https:\/\/radiostavanger.no\/index.php?rest_route=\/wp\/v2\/posts\/19674","targetHints":{"allow":["GET"]}}],"collection":[{"href":"https:\/\/radiostavanger.no\/index.php?rest_route=\/wp\/v2\/posts"}],"about":[{"href":"https:\/\/radiostavanger.no\/index.php?rest_route=\/wp\/v2\/types\/post"}],"author":[{"embeddable":true,"href":"https:\/\/radiostavanger.no\/index.php?rest_route=\/wp\/v2\/users\/1"}],"replies":[{"embeddable":true,"href":"https:\/\/radiostavanger.no\/index.php?rest_route=%2Fwp%2Fv2%2Fcomments&post=19674"}],"version-history":[{"count":0,"href":"https:\/\/radiostavanger.no\/index.php?rest_route=\/wp\/v2\/posts\/19674\/revisions"}],"wp:featuredmedia":[{"embeddable":true,"href":"https:\/\/radiostavanger.no\/index.php?rest_route=\/wp\/v2\/media\/19675"}],"wp:attachment":[{"href":"https:\/\/radiostavanger.no\/index.php?rest_route=%2Fwp%2Fv2%2Fmedia&parent=19674"}],"wp:term":[{"taxonomy":"category","embeddable":true,"href":"https:\/\/radiostavanger.no\/index.php?rest_route=%2Fwp%2Fv2%2Fcategories&post=19674"},{"taxonomy":"post_tag","embeddable":true,"href":"https:\/\/radiostavanger.no\/index.php?rest_route=%2Fwp%2Fv2%2Ftags&post=19674"},{"taxonomy":"tmauthors","embeddable":true,"href":"https:\/\/radiostavanger.no\/index.php?rest_route=%2Fwp%2Fv2%2Ftmauthors&post=19674"}],"curies":[{"name":"wp","href":"https:\/\/api.w.org\/{rel}","templated":true}]}}