{"id":19683,"date":"2026-08-29T13:42:24","date_gmt":"2026-08-29T13:42:24","guid":{"rendered":"https:\/\/radiostavanger.no\/?p=19683"},"modified":"2026-08-29T13:42:24","modified_gmt":"2026-08-29T13:42:24","slug":"han-har-holdt-oss-sammen-radio-stavanger","status":"publish","type":"post","link":"https:\/\/radiostavanger.no\/?p=19683","title":{"rendered":"\u2013 Han har holdt oss sammen \u2013 Radio Stavanger"},"content":{"rendered":"<p><br \/>\n<\/p>\n<div id=\"mvp-content-main\">\n<p class=\"radioh-ingress\"><strong>Jens Stoltenberg satt ti \u00e5r som statsminister under kong Harald. Han minnes en mann han kunne snakke om alt med \u2013 fra krig og kj\u00e6rlighet til storpolitikk og sm\u00e5viltjakt.<\/strong>\n<\/p>\n<p><strong>Innenriks<\/strong>: \u2013 Han har v\u00e6rt en person som har skapt trygghet i en omskiftelig tid for landet v\u00e5rt, og dermed ogs\u00e5 for meg, sier finansminister Jens Stoltenberg (Ap) til NTB, dagen etter at kong Harald gikk bort.\n<\/p>\n<p>Inne p\u00e5 finansministerkontoret har Stoltenberg satt opp et bilde av kong Harald.\n<\/p>\n<p>Han minnes en samlende konge, og trekker paralleller helt tilbake til Harald H\u00e5rfagre p\u00e5 900-tallet.\n<\/p>\n<p>\u2013 Det var jo en helt annen kong Harald som samlet Norge. Men det er v\u00e5r kong Harald som har holdt oss sammen i en veldig omskiftelig tid. Det er det samlingsmerket som er borte, og som vil bli savnet, sier Stoltenberg.<\/p>\n<h2>\u2013 Lett \u00e5 bli glad i<\/h2>\n<p>\nStoltenberg ser tilbake p\u00e5 tre ti\u00e5r der han jevnlig har m\u00f8tt kong Harald.\n<\/p>\n<p>F\u00f8rst som statsr\u00e5d p\u00e5 nittitallet, deretter i ti \u00e5r som statsminister. Siden ogs\u00e5 som generalsekret\u00e6r i Nato og fra i fjor av igjen som finansminister.\n<\/p>\n<p>\u2013 Det har v\u00e6rt en \u00e6re og en glede \u00e5 jobbe med ham. Han var en helt enest\u00e5ende kombinasjon av varm og n\u00e6r, men ogs\u00e5 opph\u00f8yd og kongelig. Han kunne v\u00e6re uformell og ha humor, men han var alltid verdig, sier Stoltenberg.\n<\/p>\n<p>\u2013 Det var det som gjorde ham til den store kongen han ble. For han hadde denne evnen til \u00e5 kombinere det veldig folkelige med ogs\u00e5 det verdige, det opph\u00f8yde og det kongelige. Derfor var det lett \u00e5 bli glad i ham.\n<\/p>\n<h2>\u2013 Blir mellom oss to<\/h2>\n<p>\nFinansministeren forteller om en konge som var en god samtalepartner, og ogs\u00e5 usedvanlig kunnskapsrik.<\/p>\n<p>\u2013 Du vet at n\u00e5r du snakker med kongen, s\u00e5 forblir det mellom oss to. Jeg kunne snakke med ham om alt fra krig og kj\u00e6rlighet til storpolitikk og sm\u00e5viltjakt, og kunne vite at det blir mellom oss, sier han.\n<\/p>\n<p>Stoltenberg er den statsministeren som satt lengst under kong Haralds tid ved tronen.\n<\/p>\n<p>Av spesielle minner, trekker han fram tiden etter terrorangrepet 22. juli 2011, da de begge fikk en viktig rolle i \u00e5 lede landet gjennom sorgen.\n<\/p>\n<p>\u2013 22. juli var han til stede og st\u00f8ttet det norske folk. Jeg opplevde ham som den varme folkekongen han var. Han var et samlingsmerke.\n<\/p>\n<h2>\u2013 Trygg p\u00e5 at Haakon blir en sv\u00e6rt god konge<\/h2>\n<p>\n7. august m\u00f8tte Stoltenberg og resten av regjeringen kong Harald i det siste statsr\u00e5det han gjennomf\u00f8rte. Fredag var de tilbake p\u00e5 Slottet \u2013 for det f\u00f8rste statsr\u00e5det ledet av nye kong H\u00e5kon.<\/p>\n<p>Stoltenberg opplever at den nye kongen er sv\u00e6rt godt forberedt p\u00e5 jobben som venter.\n<\/p>\n<p>\u2013 Han har jo v\u00e6rt kronprins i mange \u00e5r, deltatt i statsr\u00e5d og representert Norge. Han har vist en klokskap, en styrke og en varme som gj\u00f8r at jeg er trygg p\u00e5 at han kommer til \u00e5 bli en sv\u00e6rt god konge for Norge, sier finansministeren.\n<\/p>\n<p>Han sl\u00e5r samtidig et slag for monarkiet som styreform:\n<\/p>\n<p>\u2013 Paradokset er jo at det selvf\u00f8lgelig er ulike meninger om vi skal ha et monarki. Og det finnes selvf\u00f8lgelig prinsipielle betenkninger til at posisjoner g\u00e5r i arv. Men det fungerer bra for Norge.\n<\/p>\n<p>\u2013 Selv om det er teoretisk betenkelig, s\u00e5 er det i praksis en statsform som fungerer godt for Norge.<\/p>\n<p>(\u00a9NTB)\n<\/p>\n<\/p><\/div>\n<p><script async defer crossorigin=\"anonymous\" data-lazy=\"w3tc\" data-src=\"https:\/\/connect.facebook.net\/nb_NO\/sdk.js#xfbml=1&#038;version=v18.0\"><\/script><br \/>\n<br \/><br \/>\n<br \/><a href=\"https:\/\/radioh.no\/stoltenberg-minnes-kong-harald-han-har-holdt-oss-sammen\/\">Kilde <\/a><\/p>","protected":false},"excerpt":{"rendered":"<p>Jens Stoltenberg satt ti \u00e5r som statsminister under kong Harald. Han minnes en mann han kunne snakke om alt med \u2013 fra krig og kj\u00e6rlighet til storpolitikk og sm\u00e5viltjakt. Innenriks: \u2013 Han har v\u00e6rt en person som har skapt trygghet i en omskiftelig tid for landet v\u00e5rt, og dermed ogs\u00e5 for meg, sier finansminister Jens [&hellip;]<\/p>","protected":false},"author":1,"featured_media":19684,"comment_status":"","ping_status":"","sticky":false,"template":"","format":"standard","meta":{"footnotes":""},"categories":[107],"tags":[],"tmauthors":[],"class_list":["post-19683","post","type-post","status-publish","format-standard","has-post-thumbnail","category-nyheter"],"_links":{"self":[{"href":"https:\/\/radiostavanger.no\/index.php?rest_route=\/wp\/v2\/posts\/19683","targetHints":{"allow":["GET"]}}],"collection":[{"href":"https:\/\/radiostavanger.no\/index.php?rest_route=\/wp\/v2\/posts"}],"about":[{"href":"https:\/\/radiostavanger.no\/index.php?rest_route=\/wp\/v2\/types\/post"}],"author":[{"embeddable":true,"href":"https:\/\/radiostavanger.no\/index.php?rest_route=\/wp\/v2\/users\/1"}],"replies":[{"embeddable":true,"href":"https:\/\/radiostavanger.no\/index.php?rest_route=%2Fwp%2Fv2%2Fcomments&post=19683"}],"version-history":[{"count":0,"href":"https:\/\/radiostavanger.no\/index.php?rest_route=\/wp\/v2\/posts\/19683\/revisions"}],"wp:featuredmedia":[{"embeddable":true,"href":"https:\/\/radiostavanger.no\/index.php?rest_route=\/wp\/v2\/media\/19684"}],"wp:attachment":[{"href":"https:\/\/radiostavanger.no\/index.php?rest_route=%2Fwp%2Fv2%2Fmedia&parent=19683"}],"wp:term":[{"taxonomy":"category","embeddable":true,"href":"https:\/\/radiostavanger.no\/index.php?rest_route=%2Fwp%2Fv2%2Fcategories&post=19683"},{"taxonomy":"post_tag","embeddable":true,"href":"https:\/\/radiostavanger.no\/index.php?rest_route=%2Fwp%2Fv2%2Ftags&post=19683"},{"taxonomy":"tmauthors","embeddable":true,"href":"https:\/\/radiostavanger.no\/index.php?rest_route=%2Fwp%2Fv2%2Ftmauthors&post=19683"}],"curies":[{"name":"wp","href":"https:\/\/api.w.org\/{rel}","templated":true}]}}