{"id":19693,"date":"2026-08-29T15:38:35","date_gmt":"2026-08-29T15:38:35","guid":{"rendered":"https:\/\/radiostavanger.no\/?p=19693"},"modified":"2026-08-29T15:38:35","modified_gmt":"2026-08-29T15:38:35","slug":"14-ar-gammel-gutt-skal-ha-stjalet-fjerde-buss-pa-under-ett-ar-nrk-rogaland-lokale-nyheter-tv-og-radio","status":"publish","type":"post","link":"https:\/\/radiostavanger.no\/?p=19693","title":{"rendered":"14 \u00e5r gammel gutt skal ha stj\u00e5let fjerde buss p\u00e5 under ett \u00e5r \u2013 NRK Rogaland \u2013 Lokale nyheter, TV og radio"},"content":{"rendered":"<p><br \/>\n<\/p>\n<div data-main-content=\"\" data-ec-list=\"article_body\" data-ec-name=\"br\u00f8dtekst\">\n<p>\u2013 At en 14-\u00e5ring kj\u00f8rer buss i Oslo sentrum ser vi sv\u00e6rt alvorlig p\u00e5, sier operasjonsleder Alexander \u00d8sterhaug i Oslo politidistrikt.<\/p>\n<p>Fredag svingte en buss inn p\u00e5 en bussholdeplass i Oslo-omr\u00e5det.<\/p>\n<p>Personen som ventet p\u00e5 holdeplassen ble m\u00f8tt av en ung ten\u00e5ring som kj\u00f8rte bussen, forklarer politiet.<\/p>\n<p>Vedkommende ville derfor ikke g\u00e5 p\u00e5, og ringte deretter til politiet.<\/p>\n<p>\u2013 Vi fikk fanget ham opp p\u00e5 E18 og stanset bussen klokka 14.15, sier \u00d8sterhaug.<\/p>\n<p>Gutten er mistenkt for \u00e5 ha stj\u00e5let bussen. Budstikka skrev om dette f\u00f8rst.<\/p>\n<p><strong>Operasjonslederen bekrefter at ten\u00e5ringsgutten har historikk p\u00e5 \u00e5 stjele busser f\u00f8r. <\/strong><\/p>\n<div id=\"1.17845881.85c10c00\" class=\"g100 col fc s10 sl12 sl18 sg6 sg9 image-reference image-reference--F11\"><!-- include: \/serum\/render?id=1.17845881&size=10&perspective=RICH&alignment=CENTER&caption=Bildet+er+hentet+fra+Sveriges+Radio.+Det+skal+vise+bussen+14-%C3%A5ringen+kj%C3%B8rte+etter+at+den+ble+stoppet+i+Sverige.&type=image&aspect=F11&parentSize=10 --><!-- START: \/templates\/image\/image-rich.jsp --><\/p>\n<figure class=\"image widget rich\">\n<div class=\"responsive-img F11\"><img decoding=\"async\" sizes=\"(min-width:1180px) 639px, (min-width:720px) 56vw, 100vw\" srcset=\"https:\/\/gfx.nrk.no\/-dYKo8WxA1RYQdnL-pplLASrG-Z0-iwdzgyG32W53eeA.jpg 80w, https:\/\/gfx.nrk.no\/-dYKo8WxA1RYQdnL-pplLA1f_u6Ui1uDjgyG32W53eeA.jpg 160w, https:\/\/gfx.nrk.no\/-dYKo8WxA1RYQdnL-pplLA0mIVOPxakb7gyG32W53eeA.jpg 350w, https:\/\/gfx.nrk.no\/-dYKo8WxA1RYQdnL-pplLAdPk_N0DdwUvgyG32W53eeA.jpg 450w, https:\/\/gfx.nrk.no\/-dYKo8WxA1RYQdnL-pplLAuF0HxB__8CDgyG32W53eeA.jpg 650w, https:\/\/gfx.nrk.no\/-dYKo8WxA1RYQdnL-pplLAXWXrM7-4F-TgyG32W53eeA.jpg 1000w, https:\/\/gfx.nrk.no\/-dYKo8WxA1RYQdnL-pplLALAz-OqEEOE_gyG32W53eeA.jpg 1200w, https:\/\/gfx.nrk.no\/-dYKo8WxA1RYQdnL-pplLAW2aUddLPqbbgyG32W53eeA.jpg 1600w, https:\/\/gfx.nrk.no\/-dYKo8WxA1RYQdnL-pplLADif5zCzBwdLgyG32W53eeA.jpg 2000w\" src=\"data:image\/gif;base64,R0lGODlhAQABAIAAAAAAAP\/\/\/yH5BAEAAAAALAAAAAABAAEAAAIBRAA7\" loading=\"eager\" alt=\"En gr\u00f8nn buss st\u00e5r i veikanten. Bildet er tilsynelatende tatt ut av et annet kj\u00f8ret\u00f8y.\" title=\"Foto: Privat \/ Privat\"\/><\/div><figcaption>\n<p class=\"\">Bildet er hentet fra Sveriges Radio. Det skal vise bussen 14-\u00e5ringen kj\u00f8rte etter at den ble stoppet i Sverige.<\/p>\n<p><small>Foto: Privat \/ Privat<\/small><br \/>\n<\/figcaption><\/figure>\n<p><!-- END: \/templates\/image\/image-rich.jsp -->\n<\/div>\n<h2>To personer i bussen<\/h2>\n<p>Gutten er under kriminell lavalder og ble derfor ikke satt i arresten etter fredagens hendelse.<\/p>\n<p>\u2013 Det blir opprettet sak, og dette blir en etterforskningsoppgave, sier operasjonslederen.<\/p>\n<p>Han anmeldes for kj\u00f8ring uten gyldig f\u00f8rerkort i tillegg til brukstyveri, skriver Budstikka.<\/p>\n<p>P\u00e5 bussen var det en person til, i tillegg til sj\u00e5f\u00f8ren. Denne personen er i slutten av ten\u00e5rene og blir anmeldt for medvirkning.<\/p>\n<div id=\"1.17667893.8596c57d\" class=\"g100 col fc s10 sl12 sl18 sg6 sg9 image-reference image-reference--F11\"><!-- include: \/serum\/render?id=1.17667893&size=10&perspective=RICH&alignment=CENTER&caption=Etter+at+han+stjal+bussen+i+Stavanger+la+han+ut+video+av+at+han+kj%C3%B8rte+bussen+p%C3%A5+internett.&type=image&aspect=F11&parentSize=10 --><!-- START: \/templates\/image\/image-rich.jsp --><\/p>\n<figure class=\"image widget rich\">\n<div class=\"responsive-img F11\"><img decoding=\"async\" sizes=\"(min-width:1180px) 639px, (min-width:720px) 56vw, 100vw\" srcset=\"https:\/\/gfx.nrk.no\/P5z37bACO7U5E2OUBR7jTAGmNvat9NB3bkgLpG8aBz1g.jpg 80w, https:\/\/gfx.nrk.no\/P5z37bACO7U5E2OUBR7jTAuFp9ROuzgtHkgLpG8aBz1g.jpg 160w, https:\/\/gfx.nrk.no\/P5z37bACO7U5E2OUBR7jTAZ0X4euV5MZXkgLpG8aBz1g.jpg 350w, https:\/\/gfx.nrk.no\/P5z37bACO7U5E2OUBR7jTAr3KwvXb-efjkgLpG8aBz1g.jpg 450w, https:\/\/gfx.nrk.no\/P5z37bACO7U5E2OUBR7jTAkR2u0BkdMBPkgLpG8aBz1g.jpg 650w, https:\/\/gfx.nrk.no\/P5z37bACO7U5E2OUBR7jTAG_MDnxmjQEfkgLpG8aBz1g.jpg 1000w, https:\/\/gfx.nrk.no\/P5z37bACO7U5E2OUBR7jTATr0csMF4C0fkgLpG8aBz1g.jpg 1200w, https:\/\/gfx.nrk.no\/P5z37bACO7U5E2OUBR7jTAT7rO0QVTp53kgLpG8aBz1g.jpg 1600w, https:\/\/gfx.nrk.no\/P5z37bACO7U5E2OUBR7jTArdAGEtiKkgnkgLpG8aBz1g.jpg 2000w\" src=\"data:image\/gif;base64,R0lGODlhAQABAIAAAAAAAP\/\/\/yH5BAEAAAAALAAAAAABAAEAAAIBRAA7\" loading=\"eager\" alt=\"Foto av speedometer i bil. \" title=\"Foto: Skjermdump\"\/><\/div><figcaption>\n<p class=\"\">Etter at han stjal bussen i Stavanger la han ut video av at han kj\u00f8rte bussen p\u00e5 internett.<\/p>\n<p><small>Foto: Skjermdump<\/small><br \/>\n<\/figcaption><\/figure>\n<p><!-- END: \/templates\/image\/image-rich.jsp -->\n<\/div>\n<h2>Ruter og Unibuss bekrefter<\/h2>\n<p><strong>Bussen tilh\u00f8rer selskapet Unibuss. Det bekrefter administrerende direkt\u00f8r Atle R\u00f8nning til NRK.<\/strong><\/p>\n<p>\u2013 Jeg har ingen ytterligere kommentarer, sier han.<\/p>\n<p>Ogs\u00e5 pressesjef i Ruter, Knut Martin L\u00f8ken, bekrefter episoden. Unibuss er en av bussoperat\u00f8rene som kj\u00f8rer busser p\u00e5 oppdrag for Ruter i Oslo-omr\u00e5det.<\/p>\n<p><strong>\u2013 Vi er kjent med at det ble stj\u00e5let en buss fra Unibuss sin sentral p\u00e5 Alnabru fredag, sier han til NRK.<\/strong><\/p>\n<p><!-- include: \/serum\/render?id=1.16930046&size=18&perspective=RICH&alignment=AUTO --><!-- START: \/templates\/section\/section.jsp --><\/p>\n<p><!-- END: \/templates\/section\/section.jsp -->\n<\/div>\n<p>\n<span class=\"article-publish-date publish-date publish-date-with-update-date\"><br \/>\n<span class=\"article-dateline-annotation\">Publisert<\/span><br \/>\n<time class=\"datetime-absolute datePublished\" datetime=\"2026-08-29T17:26:55+02:00\"><br \/>\n29.08.2026, kl. 17.26<br \/>\n<\/time><br \/>\n<\/span><br \/>\n<span class=\"article-update-date update-date\"><span class=\"article-dateline-annotation\">Oppdatert<\/span><br \/>\n<time class=\"datetime-relative dateModified\" datetime=\"2026-08-29T17:37:35+02:00\"><br \/>\n29.08.2026, kl. 17.37<br \/>\n<\/time><\/span>\n<\/p>\n<p><br \/>\n<br \/><a href=\"https:\/\/www.nrk.no\/rogaland\/14-ar-gammel-gutt-skal-ha-stjalet-fjerde-buss-pa-under-ett-ar-1.18007362\">Kildelink <\/a><\/p>","protected":false},"excerpt":{"rendered":"<p>\u2013 At en 14-\u00e5ring kj\u00f8rer buss i Oslo sentrum ser vi sv\u00e6rt alvorlig p\u00e5, sier operasjonsleder Alexander \u00d8sterhaug i Oslo politidistrikt. Fredag svingte en buss inn p\u00e5 en bussholdeplass i Oslo-omr\u00e5det. Personen som ventet p\u00e5 holdeplassen ble m\u00f8tt av en ung ten\u00e5ring som kj\u00f8rte bussen, forklarer politiet. Vedkommende ville derfor ikke g\u00e5 p\u00e5, og ringte [&hellip;]<\/p>","protected":false},"author":1,"featured_media":19694,"comment_status":"","ping_status":"","sticky":false,"template":"","format":"standard","meta":{"footnotes":""},"categories":[108],"tags":[],"tmauthors":[],"class_list":["post-19693","post","type-post","status-publish","format-standard","has-post-thumbnail","category-lokalnyheter"],"_links":{"self":[{"href":"https:\/\/radiostavanger.no\/index.php?rest_route=\/wp\/v2\/posts\/19693","targetHints":{"allow":["GET"]}}],"collection":[{"href":"https:\/\/radiostavanger.no\/index.php?rest_route=\/wp\/v2\/posts"}],"about":[{"href":"https:\/\/radiostavanger.no\/index.php?rest_route=\/wp\/v2\/types\/post"}],"author":[{"embeddable":true,"href":"https:\/\/radiostavanger.no\/index.php?rest_route=\/wp\/v2\/users\/1"}],"replies":[{"embeddable":true,"href":"https:\/\/radiostavanger.no\/index.php?rest_route=%2Fwp%2Fv2%2Fcomments&post=19693"}],"version-history":[{"count":0,"href":"https:\/\/radiostavanger.no\/index.php?rest_route=\/wp\/v2\/posts\/19693\/revisions"}],"wp:featuredmedia":[{"embeddable":true,"href":"https:\/\/radiostavanger.no\/index.php?rest_route=\/wp\/v2\/media\/19694"}],"wp:attachment":[{"href":"https:\/\/radiostavanger.no\/index.php?rest_route=%2Fwp%2Fv2%2Fmedia&parent=19693"}],"wp:term":[{"taxonomy":"category","embeddable":true,"href":"https:\/\/radiostavanger.no\/index.php?rest_route=%2Fwp%2Fv2%2Fcategories&post=19693"},{"taxonomy":"post_tag","embeddable":true,"href":"https:\/\/radiostavanger.no\/index.php?rest_route=%2Fwp%2Fv2%2Ftags&post=19693"},{"taxonomy":"tmauthors","embeddable":true,"href":"https:\/\/radiostavanger.no\/index.php?rest_route=%2Fwp%2Fv2%2Ftmauthors&post=19693"}],"curies":[{"name":"wp","href":"https:\/\/api.w.org\/{rel}","templated":true}]}}