{"id":19716,"date":"2026-08-29T18:14:52","date_gmt":"2026-08-29T18:14:52","guid":{"rendered":"https:\/\/radiostavanger.no\/?p=19716"},"modified":"2026-08-29T18:14:52","modified_gmt":"2026-08-29T18:14:52","slug":"kunst-setter-ord-pa-sorgen-nrk-ostfold-lokale-nyheter-tv-og-radio","status":"publish","type":"post","link":"https:\/\/radiostavanger.no\/?p=19716","title":{"rendered":"Kunst setter ord p\u00e5 sorgen \u2013 NRK \u00d8stfold \u2013 Lokale nyheter, TV og radio"},"content":{"rendered":"<p><br \/>\n<\/p>\n<div data-main-content=\"\" data-ec-list=\"article_body\" data-ec-name=\"br\u00f8dtekst\">\n<h2>\n<\/h2>\n<div id=\"1.18003329.134213e0\" class=\"g100 col fln s10 sl12 sl18 sg6 sg9 inlinesanitycontent-reference\"><!-- include: \/serum\/render?id=1.18003329&size=10&perspective=RICH&alignment=AUTO&parentSize=10 -->\n    <link rel=\"stylesheet\" type=\"text\/css\" href=\"https:\/\/static.dh.nrk.no\/modul\/tilpasset-bilde\/main-b214201ac75b2cffe501.css\"\/><!-- prettier-ignore-attribute --><dh-tilpasset-bilde-v1 class=\"widget should-popout\" data-name=\"dh-tilpasset-bilde\"><dh-tilpasset-bilde class=\"dhtb__tilpasset-bilde--A3Nf_\"><\/p>\n<figure><picture><source media=\"(min-width: 900px)\" srcset=\"https:\/\/gfx.nrk.no\/SjdEnGr1whWEND5SF2fKUAoAqx2zMAAGNNjwnb4XQrfw 450w,https:\/\/gfx.nrk.no\/SjdEnGr1whWEND5SF2fKUAKzrwPzcx6wdNjwnb4XQrfw 768w,https:\/\/gfx.nrk.no\/SjdEnGr1whWEND5SF2fKUAXKyMlCdEMI5Njwnb4XQrfw 1080w,https:\/\/gfx.nrk.no\/SjdEnGr1whWEND5SF2fKUAFs6rhkXYS-VNjwnb4XQrfw 1280w,https:\/\/gfx.nrk.no\/SjdEnGr1whWEND5SF2fKUAsRd8IwewmEBNjwnb4XQrfw 1600w,https:\/\/gfx.nrk.no\/SjdEnGr1whWEND5SF2fKUAs9_x9O3PUpBNjwnb4XQrfw 1920w,https:\/\/gfx.nrk.no\/SjdEnGr1whWEND5SF2fKUAhtb_0iXJu-RNjwnb4XQrfw 2560w,https:\/\/gfx.nrk.no\/SjdEnGr1whWEND5SF2fKUAECXsiMpLPMBNjwnb4XQrfw 3840w\" sizes=\"auto, (min-width: 900px) calc(590px + 13vw), 100vw\" width=\"3840\" height=\"708\"\/><source srcset=\"https:\/\/gfx.nrk.no\/ytMBNkJ-X-7iP7kdEcEHIQQbjDq-Keaj3OcihykGYVrg 450w,https:\/\/gfx.nrk.no\/ytMBNkJ-X-7iP7kdEcEHIQqsPbdgrWlu_OcihykGYVrg 768w,https:\/\/gfx.nrk.no\/ytMBNkJ-X-7iP7kdEcEHIQnjCVSeOP44XOcihykGYVrg 1080w,https:\/\/gfx.nrk.no\/ytMBNkJ-X-7iP7kdEcEHIQKJTQ3xFo5cvOcihykGYVrg 1280w,https:\/\/gfx.nrk.no\/ytMBNkJ-X-7iP7kdEcEHIQJD96OmI8XG_OcihykGYVrg 1600w,https:\/\/gfx.nrk.no\/ytMBNkJ-X-7iP7kdEcEHIQ2I_pEKjUDAXOcihykGYVrg 1920w,https:\/\/gfx.nrk.no\/ytMBNkJ-X-7iP7kdEcEHIQQ5vz0IE4-ULOcihykGYVrg 2560w,https:\/\/gfx.nrk.no\/ytMBNkJ-X-7iP7kdEcEHIQSLbucXuf45nOcihykGYVrg 3840w\" sizes=\"auto, (min-width: 900px) calc(590px + 13vw), 100vw\" width=\"3840\" height=\"854\"\/><img class=\"dhtb__img--YLLyL\" alt=\"Banner med bilde av kong Harald og \u00e5rstall\" loading=\"lazy\" fetchpriority=\"auto\" style=\"--_horizontal-object-position: clamp(100%, 0.50 * 100% - 0.50 * 100vw + 50vw, 0px) clamp(100%, 0.50 * 100% - 0.50 * 100vh + 50vh, 0px); --_vertical-object-position: clamp(100%, 0.50 * 100% - 0.50 * 100vw + 50vw, 0px) clamp(100%, 0.50 * 100% - 0.50 * 100vh + 50vh, 0px);\" sizes=\"auto, (min-width: 900px) calc(590px + 13vw), 100vw\"\/><\/picture><\/figure>\n<p><\/dh-tilpasset-bilde><\/dh-tilpasset-bilde-v1>\n  <\/div>\n<p>\u2013 Noen gr\u00e5t og noen gav meg en klem. Kunsten min kommer fra hjertet.<\/p>\n<p>Roy H\u00e5vard L\u00f8seth, ogs\u00e5 kjent som gatekunstneren \u00abT\u00f6ddel\u00bb, \u00f8nsket \u00e5 hedre kong Harald etter hans d\u00f8d.<\/p>\n<p>\u2013 Jeg heiv meg rundt, satte meg i bilen og satte opp dette. N\u00e5r jeg f\u00f8ler lidenskapen og jeg kjenner at hjertet brenner, s\u00e5 lager jeg kunst, sier han.<\/p>\n<p>L\u00f8rdag morgen v\u00e5knet Stavangers innbyggere opp til motivet av Norges tre siste konger: Kong Haakon, kong Olav og kong Harald.<\/p>\n<div id=\"1.18007487.ba52ba3b\" class=\"g100 col fc s10 sl12 sl18 sg6 sg9 image-reference image-reference--ORIGINAL\"><!-- include: \/serum\/render?id=1.18007487&size=10&perspective=RICH&alignment=CENTER&caption=Roy+H%C3%A5vard+L%C3%B8seth+%C3%B8nsket+%C3%A5+hedre+n%C3%A5+avd%C3%B8de+kong+Harald+p%C3%A5+sin+kunstneriske+m%C3%A5te.+Det+satt+forbipasserende+i+Stavanger+pris+p%C3%A5.&type=image&aspect=ORIGINAL&parentSize=10 --><!-- START: \/templates\/image\/image-rich.jsp --><\/p>\n<figure class=\"image widget rich\">\n<div style=\"padding-bottom:66.66147%;\" class=\"responsive-img ORIGINAL\"><img decoding=\"async\" sizes=\"(min-width:1180px) 639px, (min-width:720px) 56vw, 100vw\" srcset=\"https:\/\/gfx.nrk.no\/HAoLyIvkB_eQcdKDChSVagIpu4-GUFnEhlOQ-ObZ3TWg.jpg 80w, https:\/\/gfx.nrk.no\/HAoLyIvkB_eQcdKDChSVagKNpYbmMnxSllOQ-ObZ3TWg.jpg 160w, https:\/\/gfx.nrk.no\/HAoLyIvkB_eQcdKDChSVagw9h-O89ZSyxlOQ-ObZ3TWg.jpg 350w, https:\/\/gfx.nrk.no\/HAoLyIvkB_eQcdKDChSVagQaf1ZyOl2fxlOQ-ObZ3TWg.jpg 450w, https:\/\/gfx.nrk.no\/HAoLyIvkB_eQcdKDChSVagtKdqCVbHIztlOQ-ObZ3TWg.jpg 650w, https:\/\/gfx.nrk.no\/HAoLyIvkB_eQcdKDChSVagTxJg4XoeXC9lOQ-ObZ3TWg.jpg 1000w, https:\/\/gfx.nrk.no\/HAoLyIvkB_eQcdKDChSVagWLX47azKYmZlOQ-ObZ3TWg.jpg 1200w, https:\/\/gfx.nrk.no\/HAoLyIvkB_eQcdKDChSVagPCHDNm4QD3NlOQ-ObZ3TWg.jpg 1600w, https:\/\/gfx.nrk.no\/HAoLyIvkB_eQcdKDChSVago5ebFoGSDmtlOQ-ObZ3TWg.jpg 2000w\" src=\"data:image\/gif;base64,R0lGODlhAQABAIAAAAAAAP\/\/\/yH5BAEAAAAALAAAAAABAAEAAAIBRAA7\" loading=\"eager\" alt=\"T\u00f6ddel presentere gatekunst i Stavanger av kong Harald, kong Olav og kong Haakon\" title=\"Foto: Ole Andreas B\u00f8 \/ NRK\"\/><\/div><figcaption>\n<p class=\"\">Roy H\u00e5vard L\u00f8seth \u00f8nsket \u00e5 hedre n\u00e5 avd\u00f8de kong Harald p\u00e5 sin kunstneriske m\u00e5te. Det satt forbipasserende i Stavanger pris p\u00e5.<\/p>\n<p><small>Foto: Ole Andreas B\u00f8 \/ NRK<\/small><br \/>\n<\/figcaption><\/figure>\n<p><!-- END: \/templates\/image\/image-rich.jsp -->\n<\/div>\n<p>\u2013 Jeg s\u00e5 for meg at Harald trer inn i kongerekka blant sine forgjengere, sier L\u00f8seth.<\/p>\n<p>Motivet av kong Haakon og kong Olav er fra Molde i 1940 under flukten etter tyskernes invasjon i Norge.<\/p>\n<p><strong>\u2013 Jeg lekte meg fram til at Harald tar plass ved siden av. Jeg synes det ble et fint m\u00f8te mellom tre konger p\u00e5 en vegg, sier han. <\/strong><\/p>\n<p>I kveld ble ogs\u00e5 Norges Kongesang fremf\u00f8rt av Highasakite p\u00e5 Utopia-festivalen i Stavanger:<\/p>\n<h2>Latteren som samlet et land<\/h2>\n<p>For artist og poet Trygve Skaug ble sorgen etter kong Haralds bortgang til ord som raskt spredte seg viralt.<\/p>\n<div id=\"1.15679522.c98f7e7\" class=\"g100 col fc s10 sl12 sl18 sg6 sg9 image-reference image-reference--ORIGINAL\"><!-- include: \/serum\/render?id=1.15679522&size=10&perspective=RICH&alignment=CENTER&caption=Trygve+Skaug+finner+tr%C3%B8st+i+at+folk+kjenner+seg+igjen+i+tekstene+hans.&type=image&aspect=ORIGINAL&parentSize=10 --><!-- START: \/templates\/image\/image-rich.jsp --><\/p>\n<figure class=\"image widget rich\">\n<div style=\"padding-bottom:66.66667%;\" class=\"responsive-img ORIGINAL\"><img decoding=\"async\" sizes=\"(min-width:1180px) 639px, (min-width:720px) 56vw, 100vw\" srcset=\"https:\/\/gfx.nrk.no\/UCyJuKEk7em8AgZTY5o6hgZ1X6HDIq4q20zfdexXaj2w.jpg 80w, https:\/\/gfx.nrk.no\/UCyJuKEk7em8AgZTY5o6hgs9A181eZ8HK0zfdexXaj2w.jpg 160w, https:\/\/gfx.nrk.no\/UCyJuKEk7em8AgZTY5o6hgh5wX3eu5opu0zfdexXaj2w.jpg 350w, https:\/\/gfx.nrk.no\/UCyJuKEk7em8AgZTY5o6hgZXaSXjVEyfy0zfdexXaj2w.jpg 450w, https:\/\/gfx.nrk.no\/UCyJuKEk7em8AgZTY5o6hgatfQ4Qr1pJS0zfdexXaj2w.jpg 650w, https:\/\/gfx.nrk.no\/UCyJuKEk7em8AgZTY5o6hgQSByWgMWH2O0zfdexXaj2w.jpg 1000w, https:\/\/gfx.nrk.no\/UCyJuKEk7em8AgZTY5o6hgfWIxvUDTla20zfdexXaj2w.jpg 1200w, https:\/\/gfx.nrk.no\/UCyJuKEk7em8AgZTY5o6hg2jzskz_M_C-0zfdexXaj2w.jpg 1600w, https:\/\/gfx.nrk.no\/UCyJuKEk7em8AgZTY5o6hgLzwKlj3a8k-0zfdexXaj2w.jpg 2000w\" src=\"data:image\/gif;base64,R0lGODlhAQABAIAAAAAAAP\/\/\/yH5BAEAAAAALAAAAAABAAEAAAIBRAA7\" loading=\"eager\" alt=\"Trygve Skaug\" title=\"Foto: Javier Ernesto Auris Chavez \/ NRK\"\/><\/div><figcaption>\n<p class=\"\">Trygve Skaug finner tr\u00f8st i at folk kjenner seg igjen i tekstene hans.<\/p>\n<p><small>Foto: Javier Ernesto Auris Chavez \/ NRK<\/small><br \/>\n<\/figcaption><\/figure>\n<p><!-- END: \/templates\/image\/image-rich.jsp -->\n<\/div>\n<p>I diktet, som har blitt delt av tusenvis, beskriver han en konge som snakker \u00e5pent om psykisk helse og som kaster hodet bakover og ler med tannkj\u00f8ttet.<\/p>\n<p>\u2013Jeg synes det er godt at det deles for da f\u00e5r man sm\u00e5 fellesskap selv om man ikke er i samme rom, forteller Skaug.<\/p>\n<div id=\"1.18007089.e3fb905\" class=\"g100 col fln s10 sl12 sl18 sg6 sg9 video-reference\"><!-- include: \/serum\/render?id=1.18007089&size=10&perspective=RICH&alignment=AUTO&caption=Trygve+Skaug+leser+diktet+%C2%ABKongen+min%C2%BB&variant=player&parentSize=10 --><\/p>\n<figure class=\"image nrkno-embed-initialize video widget rich\" id=\"video-6ba179e4-0c3c-43f6-92a1-3edd0dae059f\" nrkno-embed-type=\"nrkno-embed-nrkno-player\" data-video-id=\"6ba179e4-0c3c-43f6-92a1-3edd0dae059f\" data-video-source=\"POTION\" data-video-type=\"DEFAULT\" data-title=\"Trygve Skaug leser diktet &quot;Kongen min&quot;\" data-ec-id=\"potion:6ba179e4-0c3c-43f6-92a1-3edd0dae059f\" data-ec-name=\"Trygve Skaug leser diktet \u00abKongen min\u00bb\" data-audio-as-video=\"false\" data-player-mode=\"default\" data-canonical-url=\"https:\/\/www.nrk.no\/video\/6ba179e4-0c3c-43f6-92a1-3edd0dae059f\" data-autoplay=\"false\" data-ps-id=\"6ba179e4-0c3c-43f6-92a1-3edd0dae059f\" data-aspect-ratio=\"9x16\" data-type=\"DEFAULT\" data-lazy-autoplay=\"false\" data-video-offset=\"0\"><figcaption>\n<p>Trygve Skaug leser diktet \u00abKongen min\u00bb<\/p>\n<\/figcaption><\/figure>\n<\/div>\n<p>Han minnes et personlig m\u00f8te med kongen p\u00e5 \u00d8rje, der den varme, rungende latteren fungerte som en isbryter som fikk alle rundt bordet til \u00e5 senke skuldrene.<\/p>\n<div id=\"1.18007113.1154dd3d\" class=\"g100 col fc s10 sl12 sl18 sg6 sg9 image-reference image-reference--ORIGINAL\"><!-- include: \/serum\/render?id=1.18007113&size=10&perspective=RICH&alignment=CENTER&caption=Bare+ekte+glade+folk+ler+som+kongen%2C+sier+Skaug&type=image&aspect=ORIGINAL&parentSize=10 --><!-- START: \/templates\/image\/image-rich.jsp --><\/p>\n<figure class=\"image widget rich\">\n<div style=\"padding-bottom:46.71089%;\" class=\"responsive-img ORIGINAL\"><img decoding=\"async\" sizes=\"(min-width:1180px) 639px, (min-width:720px) 56vw, 100vw\" srcset=\"https:\/\/gfx.nrk.no\/DAMRy6AQClLrvK8yO2GynwIoq01ABGmaB0MobSQNbfLA.jpg 80w, https:\/\/gfx.nrk.no\/DAMRy6AQClLrvK8yO2GynwQj88wNE_v9h0MobSQNbfLA.jpg 160w, https:\/\/gfx.nrk.no\/DAMRy6AQClLrvK8yO2GynwvGNcl8FPKRB0MobSQNbfLA.jpg 350w, https:\/\/gfx.nrk.no\/DAMRy6AQClLrvK8yO2Gynwa50P_dLW52V0MobSQNbfLA.jpg 450w, https:\/\/gfx.nrk.no\/DAMRy6AQClLrvK8yO2Gynw5RHWlTqg4B10MobSQNbfLA.jpg 650w, https:\/\/gfx.nrk.no\/DAMRy6AQClLrvK8yO2GynwIxcj0bFPJkh0MobSQNbfLA.jpg 1000w, https:\/\/gfx.nrk.no\/DAMRy6AQClLrvK8yO2Gynwo86fAfi7loZ0MobSQNbfLA.jpg 1200w, https:\/\/gfx.nrk.no\/DAMRy6AQClLrvK8yO2GynwfVqDm9GGSFJ0MobSQNbfLA.jpg 1600w, https:\/\/gfx.nrk.no\/DAMRy6AQClLrvK8yO2GynwHsaBEmUm1oZ0MobSQNbfLA.jpg 2000w\" src=\"data:image\/gif;base64,R0lGODlhAQABAIAAAAAAAP\/\/\/yH5BAEAAAAALAAAAAABAAEAAAIBRAA7\" loading=\"eager\" alt=\"Kong Harald smiler, mens barn i bakgrunnen vifter med norske flagg\" title=\"Foto: NTB scanpix\"\/><\/div><figcaption>\n<p class=\"\">Bare ekte glade folk ler som kongen, sier Skaug<\/p>\n<p><small>Foto: NTB scanpix<\/small><br \/>\n<\/figcaption><\/figure>\n<p><!-- END: \/templates\/image\/image-rich.jsp -->\n<\/div>\n<p>N\u00e5 finner han tr\u00f8st i at s\u00e5 mange kjenner seg igjen i de samme ordene.<\/p>\n<p>\u2013Det var jo skrevet ut fra at jeg beundrer kong Harald, og hvor glad jeg er i han. Jeg hadde liksom lyst til \u00e5 si noe fint om ham.<\/p>\n<p>\u2013 Og s\u00e5 er det nok veldig mange som synes det samme som meg om ham, sier Skaug.<\/p>\n<h2>Musikken \u00e5pner slusene<\/h2>\n<p>For Maria Mena startet det med et behov for \u00e5 logge av andres reaksjoner og heller kjenne etter p\u00e5 sitt eget forhold til kong Harald.<\/p>\n<p>Hun skrudde av telefonen og tenkte: Hvordan er forholdet mitt til kongen, hvordan f\u00f8ler jeg det?<\/p>\n<div id=\"1.18007018.894a03eb\" class=\"g100 col fc s10 sl12 sl18 sg6 sg9 image-reference image-reference--ORIGINAL\"><!-- include: \/serum\/render?id=1.18007018&size=10&perspective=RICH&alignment=CENTER&caption=Maria+Mena+delte+sangen+p%C3%A5+Instagram+fredag+ettermiddag&type=image&aspect=ORIGINAL&parentSize=10 --><!-- START: \/templates\/image\/image-rich.jsp --><\/p>\n<figure class=\"image widget rich\">\n<div style=\"padding-bottom:56.25%;\" class=\"responsive-img ORIGINAL\"><img decoding=\"async\" sizes=\"(min-width:1180px) 639px, (min-width:720px) 56vw, 100vw\" srcset=\"https:\/\/gfx.nrk.no\/I58F5xT7qllp77ikavnKrwmgxz1iFRflaMn4N-hHuvfg.jpg 80w, https:\/\/gfx.nrk.no\/I58F5xT7qllp77ikavnKrwu689IJ8zjZOMn4N-hHuvfg.jpg 160w, https:\/\/gfx.nrk.no\/I58F5xT7qllp77ikavnKrwtRqzaJPme_CMn4N-hHuvfg.jpg 350w, https:\/\/gfx.nrk.no\/I58F5xT7qllp77ikavnKrwNSpNJfzFJvCMn4N-hHuvfg.jpg 450w, https:\/\/gfx.nrk.no\/I58F5xT7qllp77ikavnKrwhlJJltqonjaMn4N-hHuvfg.jpg 650w, https:\/\/gfx.nrk.no\/I58F5xT7qllp77ikavnKrwWknJmyoM6lGMn4N-hHuvfg.jpg 1000w, https:\/\/gfx.nrk.no\/I58F5xT7qllp77ikavnKrwEfTKqTP7r_iMn4N-hHuvfg.jpg 1200w, https:\/\/gfx.nrk.no\/I58F5xT7qllp77ikavnKrwqTJVUIhHDaeMn4N-hHuvfg.jpg 1600w, https:\/\/gfx.nrk.no\/I58F5xT7qllp77ikavnKrwppXdjHqqcBOMn4N-hHuvfg.jpg 2000w\" src=\"data:image\/gif;base64,R0lGODlhAQABAIAAAAAAAP\/\/\/yH5BAEAAAAALAAAAAABAAEAAAIBRAA7\" loading=\"eager\" alt=\"Maria Mena\" title=\"Foto: Tom \u00d8verlie\"\/><\/div><figcaption>\n<p class=\"\">Maria Mena delte sangen p\u00e5 Instagram fredag ettermiddag<\/p>\n<p><small>Foto: Tom \u00d8verlie<\/small><br \/>\n<\/figcaption><\/figure>\n<p><!-- END: \/templates\/image\/image-rich.jsp -->\n<\/div>\n<p>\u2013 S\u00e5 skrev jeg en tekst om hvordan jeg husket at jeg gledet meg s\u00e5 veldig til \u00e5 g\u00e5 i 17. mai tog og vinke til kongen. Og hvordan det f\u00f8ltes ut som han var min bestefar.<\/p>\n<p>I likhet med hennes tolkning av \u00abMitt lille land\u00bb etter 22. juli, har Menas nyeste sang blitt et samlingspunkt i sorgen. I innboksen hennes renner det inn meldinger fra folk over hele landet.<\/p>\n<p><strong>\u2013 Veldig mange sier at de ikke har klart \u00e5 gr\u00e5te f\u00f8r de h\u00f8rte l\u00e5ten. Og at jeg sprakk hull p\u00e5 en ballong.<\/strong><\/p>\n<p>Hun trekker frem en l\u00e6rer som m\u00e5tte holde masken for elevene sine gjennom en tung arbeidsdag. F\u00f8rst da hun satte seg ned med Menas l\u00e5t, kom t\u00e5rene.<\/p>\n<p>For Mena har det \u00e5 tr\u00f8ste gjennom musikken nesten blitt en livsoppgave \u2013 en slags sjeles\u00f8rger-rolle.<\/p>\n<p>Hemmeligheten, if\u00f8lge henne selv, ligger i \u00e5 v\u00e5ge \u00e5 v\u00e6re personlig.<\/p>\n<p>\u2013 Jo mer spesifikk jeg er p\u00e5 mine f\u00f8lelser, jo bredere treffer jeg. Og det forteller meg jo at vi ikke er s\u00e5 veldig forskjellige.<\/p>\n<p><!-- include: \/serum\/render?id=1.16930046&size=18&perspective=RICH&alignment=AUTO --><!-- START: \/templates\/section\/section.jsp --><\/p>\n<p><!-- END: \/templates\/section\/section.jsp -->\n<\/div>\n<p>\n<span class=\"article-publish-date publish-date \"><br \/>\n<span class=\"article-dateline-annotation\">Publisert<\/span><br \/>\n<time class=\"datetime-absolute datePublished\" datetime=\"2026-08-29T20:01:30+02:00\"><br \/>\n29.08.2026, kl. 20.01<br \/>\n<\/time><br \/>\n<\/span>\n<\/p>\n<p><br \/>\n<br \/><a href=\"https:\/\/www.nrk.no\/ostfold\/kong-harald-v-er-dod_-kunst-setter-ord-pa-sorgen-1.18006401\">Kildelink <\/a><\/p>","protected":false},"excerpt":{"rendered":"<p>\u2013 Noen gr\u00e5t og noen gav meg en klem. Kunsten min kommer fra hjertet. Roy H\u00e5vard L\u00f8seth, ogs\u00e5 kjent som gatekunstneren \u00abT\u00f6ddel\u00bb, \u00f8nsket \u00e5 hedre kong Harald etter hans d\u00f8d. \u2013 Jeg heiv meg rundt, satte meg i bilen og satte opp dette. N\u00e5r jeg f\u00f8ler lidenskapen og jeg kjenner at hjertet brenner, s\u00e5 lager [&hellip;]<\/p>","protected":false},"author":1,"featured_media":19717,"comment_status":"","ping_status":"","sticky":false,"template":"","format":"standard","meta":{"footnotes":""},"categories":[108],"tags":[],"tmauthors":[],"class_list":["post-19716","post","type-post","status-publish","format-standard","has-post-thumbnail","category-lokalnyheter"],"_links":{"self":[{"href":"https:\/\/radiostavanger.no\/index.php?rest_route=\/wp\/v2\/posts\/19716","targetHints":{"allow":["GET"]}}],"collection":[{"href":"https:\/\/radiostavanger.no\/index.php?rest_route=\/wp\/v2\/posts"}],"about":[{"href":"https:\/\/radiostavanger.no\/index.php?rest_route=\/wp\/v2\/types\/post"}],"author":[{"embeddable":true,"href":"https:\/\/radiostavanger.no\/index.php?rest_route=\/wp\/v2\/users\/1"}],"replies":[{"embeddable":true,"href":"https:\/\/radiostavanger.no\/index.php?rest_route=%2Fwp%2Fv2%2Fcomments&post=19716"}],"version-history":[{"count":0,"href":"https:\/\/radiostavanger.no\/index.php?rest_route=\/wp\/v2\/posts\/19716\/revisions"}],"wp:featuredmedia":[{"embeddable":true,"href":"https:\/\/radiostavanger.no\/index.php?rest_route=\/wp\/v2\/media\/19717"}],"wp:attachment":[{"href":"https:\/\/radiostavanger.no\/index.php?rest_route=%2Fwp%2Fv2%2Fmedia&parent=19716"}],"wp:term":[{"taxonomy":"category","embeddable":true,"href":"https:\/\/radiostavanger.no\/index.php?rest_route=%2Fwp%2Fv2%2Fcategories&post=19716"},{"taxonomy":"post_tag","embeddable":true,"href":"https:\/\/radiostavanger.no\/index.php?rest_route=%2Fwp%2Fv2%2Ftags&post=19716"},{"taxonomy":"tmauthors","embeddable":true,"href":"https:\/\/radiostavanger.no\/index.php?rest_route=%2Fwp%2Fv2%2Ftmauthors&post=19716"}],"curies":[{"name":"wp","href":"https:\/\/api.w.org\/{rel}","templated":true}]}}