{"id":19730,"date":"2026-08-29T19:50:08","date_gmt":"2026-08-29T19:50:08","guid":{"rendered":"https:\/\/radiostavanger.no\/?p=19730"},"modified":"2026-08-29T19:50:08","modified_gmt":"2026-08-29T19:50:08","slug":"flyforbud-over-oslo-og-asker-mens-sorgegudstjenester-pagar-radio-stavanger","status":"publish","type":"post","link":"https:\/\/radiostavanger.no\/?p=19730","title":{"rendered":"Flyforbud over Oslo og Asker mens s\u00f8rgegudstjenester p\u00e5g\u00e5r \u2013 Radio Stavanger"},"content":{"rendered":"<p><br \/>\n<\/p>\n<div id=\"mvp-content-main\">\n<p class=\"radioh-ingress\"><strong>Verken fly, droner eller annen luftfart kan bevege seg over Oslo by og Asker s\u00f8ndag fra klokka 9 til 15.<\/strong>\n<\/p>\n<p><strong>Innenriks<\/strong>: \u2013 I anledning minnegudstjeneste i forbindelse med kong Haralds bortgang etableres det midlertidige luftromsrestriksjoner over Oslo, opplyser politiet i Oslo i en pressemelding.\n<\/p>\n<p>Forbudet gjelder fra 30. august klokken 9.00 til klokken 15.00.\n<\/p>\n<p>De forh\u00e5ndsdefinerte restriksjonsomr\u00e5dene Oslo 2 (R-112) og Oslo 4 (R-114) er aktivert i denne perioden. Det vil si et stort omr\u00e5de i og rundt Oslo sentrum, samt et omr\u00e5de mellom Sandvika og Liertoppen, alts\u00e5 deler av Asker, der kongefamilien skal delta i s\u00f8rgegudstjeneste.\n<\/p>\n<p>I Oslo domkirke deltar statsministeren og en rekke andre samfunnstopper.<\/p>\n<p>Restriksjonene gjelder b\u00e5de for bemannet og ubemannet luftfart \u2013 alts\u00e5 droner.\n<\/p>\n<p>\u2013 Det er ikke tillatt \u00e5 fly i de aktuelle omr\u00e5dene uten s\u00e6rskilt tillatelse, opplyser politiet.\n<\/p>\n<p>(\u00a9NTB)\n<\/p>\n<\/p><\/div>\n<p><script async defer crossorigin=\"anonymous\" data-lazy=\"w3tc\" data-src=\"https:\/\/connect.facebook.net\/nb_NO\/sdk.js#xfbml=1&#038;version=v18.0\"><\/script><br \/>\n<br \/><br \/>\n<br \/><a href=\"https:\/\/radioh.no\/flyforbud-over-oslo-og-asker-mens-sorgegudstjenester-pagar\/\">Kilde <\/a><\/p>","protected":false},"excerpt":{"rendered":"<p>Verken fly, droner eller annen luftfart kan bevege seg over Oslo by og Asker s\u00f8ndag fra klokka 9 til 15. Innenriks: \u2013 I anledning minnegudstjeneste i forbindelse med kong Haralds bortgang etableres det midlertidige luftromsrestriksjoner over Oslo, opplyser politiet i Oslo i en pressemelding. Forbudet gjelder fra 30. august klokken 9.00 til klokken 15.00. De [&hellip;]<\/p>","protected":false},"author":1,"featured_media":19731,"comment_status":"","ping_status":"","sticky":false,"template":"","format":"standard","meta":{"footnotes":""},"categories":[107],"tags":[],"tmauthors":[],"class_list":["post-19730","post","type-post","status-publish","format-standard","has-post-thumbnail","category-nyheter"],"_links":{"self":[{"href":"https:\/\/radiostavanger.no\/index.php?rest_route=\/wp\/v2\/posts\/19730","targetHints":{"allow":["GET"]}}],"collection":[{"href":"https:\/\/radiostavanger.no\/index.php?rest_route=\/wp\/v2\/posts"}],"about":[{"href":"https:\/\/radiostavanger.no\/index.php?rest_route=\/wp\/v2\/types\/post"}],"author":[{"embeddable":true,"href":"https:\/\/radiostavanger.no\/index.php?rest_route=\/wp\/v2\/users\/1"}],"replies":[{"embeddable":true,"href":"https:\/\/radiostavanger.no\/index.php?rest_route=%2Fwp%2Fv2%2Fcomments&post=19730"}],"version-history":[{"count":0,"href":"https:\/\/radiostavanger.no\/index.php?rest_route=\/wp\/v2\/posts\/19730\/revisions"}],"wp:featuredmedia":[{"embeddable":true,"href":"https:\/\/radiostavanger.no\/index.php?rest_route=\/wp\/v2\/media\/19731"}],"wp:attachment":[{"href":"https:\/\/radiostavanger.no\/index.php?rest_route=%2Fwp%2Fv2%2Fmedia&parent=19730"}],"wp:term":[{"taxonomy":"category","embeddable":true,"href":"https:\/\/radiostavanger.no\/index.php?rest_route=%2Fwp%2Fv2%2Fcategories&post=19730"},{"taxonomy":"post_tag","embeddable":true,"href":"https:\/\/radiostavanger.no\/index.php?rest_route=%2Fwp%2Fv2%2Ftags&post=19730"},{"taxonomy":"tmauthors","embeddable":true,"href":"https:\/\/radiostavanger.no\/index.php?rest_route=%2Fwp%2Fv2%2Ftmauthors&post=19730"}],"curies":[{"name":"wp","href":"https:\/\/api.w.org\/{rel}","templated":true}]}}