{"id":19737,"date":"2026-08-29T22:24:00","date_gmt":"2026-08-29T22:24:00","guid":{"rendered":"https:\/\/radiostavanger.no\/?p=19737"},"modified":"2026-08-29T22:24:00","modified_gmt":"2026-08-29T22:24:00","slug":"nord-koreas-forsvarsminister-avsatt-radio-stavanger","status":"publish","type":"post","link":"https:\/\/radiostavanger.no\/?p=19737","title":{"rendered":"Nord-Koreas forsvarsminister avsatt \u2013 Radio Stavanger"},"content":{"rendered":"<p><br \/>\n<\/p>\n<div id=\"mvp-content-main\">\n<p class=\"radioh-ingress\"><strong>Nord-Koreas forsvarsminister No Kwang-chol er avsatt som f\u00f8lge av omrokeringer i landets milit\u00e6rledelse.<\/strong><\/p>\n<p><strong>Utenriks<\/strong>: No ble avsatt og fjernet fra partiledelsen under et m\u00f8te l\u00f8rdag ledet av Nord-Koreas leder Kim Jong-un, opplyser det statlige nyhetsbyr\u00e5et KCNA.<\/p>\n<p>(\u00a9NTB)<\/p>\n<\/p><\/div>\n<p><script async defer crossorigin=\"anonymous\" data-lazy=\"w3tc\" data-src=\"https:\/\/connect.facebook.net\/nb_NO\/sdk.js#xfbml=1&#038;version=v18.0\"><\/script><br \/>\n<br \/><br \/>\n<br \/><a href=\"https:\/\/radioh.no\/nord-koreas-forsvarsminister-avsatt\/\">Kilde <\/a><\/p>","protected":false},"excerpt":{"rendered":"<p>Nord-Koreas forsvarsminister No Kwang-chol er avsatt som f\u00f8lge av omrokeringer i landets milit\u00e6rledelse. Utenriks: No ble avsatt og fjernet fra partiledelsen under et m\u00f8te l\u00f8rdag ledet av Nord-Koreas leder Kim Jong-un, opplyser det statlige nyhetsbyr\u00e5et KCNA. (\u00a9NTB) Kilde<\/p>","protected":false},"author":1,"featured_media":19738,"comment_status":"","ping_status":"","sticky":false,"template":"","format":"standard","meta":{"footnotes":""},"categories":[107],"tags":[],"tmauthors":[],"class_list":["post-19737","post","type-post","status-publish","format-standard","has-post-thumbnail","category-nyheter"],"_links":{"self":[{"href":"https:\/\/radiostavanger.no\/index.php?rest_route=\/wp\/v2\/posts\/19737","targetHints":{"allow":["GET"]}}],"collection":[{"href":"https:\/\/radiostavanger.no\/index.php?rest_route=\/wp\/v2\/posts"}],"about":[{"href":"https:\/\/radiostavanger.no\/index.php?rest_route=\/wp\/v2\/types\/post"}],"author":[{"embeddable":true,"href":"https:\/\/radiostavanger.no\/index.php?rest_route=\/wp\/v2\/users\/1"}],"replies":[{"embeddable":true,"href":"https:\/\/radiostavanger.no\/index.php?rest_route=%2Fwp%2Fv2%2Fcomments&post=19737"}],"version-history":[{"count":0,"href":"https:\/\/radiostavanger.no\/index.php?rest_route=\/wp\/v2\/posts\/19737\/revisions"}],"wp:featuredmedia":[{"embeddable":true,"href":"https:\/\/radiostavanger.no\/index.php?rest_route=\/wp\/v2\/media\/19738"}],"wp:attachment":[{"href":"https:\/\/radiostavanger.no\/index.php?rest_route=%2Fwp%2Fv2%2Fmedia&parent=19737"}],"wp:term":[{"taxonomy":"category","embeddable":true,"href":"https:\/\/radiostavanger.no\/index.php?rest_route=%2Fwp%2Fv2%2Fcategories&post=19737"},{"taxonomy":"post_tag","embeddable":true,"href":"https:\/\/radiostavanger.no\/index.php?rest_route=%2Fwp%2Fv2%2Ftags&post=19737"},{"taxonomy":"tmauthors","embeddable":true,"href":"https:\/\/radiostavanger.no\/index.php?rest_route=%2Fwp%2Fv2%2Ftmauthors&post=19737"}],"curies":[{"name":"wp","href":"https:\/\/api.w.org\/{rel}","templated":true}]}}