{"id":19753,"date":"2026-08-30T01:18:49","date_gmt":"2026-08-30T01:18:49","guid":{"rendered":"https:\/\/radiostavanger.no\/?p=19753"},"modified":"2026-08-30T01:18:49","modified_gmt":"2026-08-30T01:18:49","slug":"teaterstykke-om-kongefamilien-hadde-lukket-premiere-dagen-etter-haralds-dod-radio-stavanger","status":"publish","type":"post","link":"https:\/\/radiostavanger.no\/?p=19753","title":{"rendered":"Teaterstykke om kongefamilien hadde lukket premiere dagen etter Haralds d\u00f8d \u2013 Radio Stavanger"},"content":{"rendered":"<p><br \/>\n<\/p>\n<div id=\"mvp-content-main\">\n<p class=\"radioh-ingress\"><strong>Teaterstykket \u00abS\u00f8nnen\u00bb skulle hatt premiere p\u00e5 Den Nationale Scene i Bergen l\u00f8rdag, men dagen f\u00f8r d\u00f8de Hans Majestet kong Harald. Forestillingen ble likevel spilt, men som lukket visning.<\/strong>\n<\/p>\n<p><strong>Innenriks<\/strong>: Stykket handler om kongehusets utfordringer og rettssaken mot Marius Borg H\u00f8iby. Det skulle opprinnelig hatt premiere i juni, men ble utsatt til 29. august.\n<\/p>\n<p>Teatersjef Solrun Toft Iversen valgte \u00e5 gjennomf\u00f8re forestillingen som en lukket visning, med et publikum p\u00e5 30 personer, if\u00f8lge Bergens Tidende.\n<\/p>\n<p>\u2013 Det var helt umulig for oss \u00e5 rulle ut en r\u00f8d l\u00f8per og si at n\u00e5 er publikum velkommen til dette n\u00e5, sier hun.\n<\/p>\n<p>Selve publikumspremieren blir f\u00f8rstkommende onsdag. Iversen forteller at alle som har kj\u00f8pt billetter til stykket vil f\u00e5 et brev fra henne p\u00e5 mandag.<\/p>\n<p>\u2013 Der forteller vi at vi fremstiller kong Harald i to scener i denne forestillingen. Det syns jeg er viktig at publikum f\u00e5r vite, sier hun.\n<\/p>\n<p>Stykket skal spilles 16 ganger frem til 1. oktober, og nesten alle forestillingene er utsolgt.\n<\/p>\n<p>(\u00a9NTB)\n<\/p>\n<\/p><\/div>\n<p><script async defer crossorigin=\"anonymous\" data-lazy=\"w3tc\" data-src=\"https:\/\/connect.facebook.net\/nb_NO\/sdk.js#xfbml=1&#038;version=v18.0\"><\/script><br \/>\n<br \/><br \/>\n<br \/><a href=\"https:\/\/radioh.no\/teaterstykke-om-kongefamilien-hadde-lukket-premiere-dagen-etter-haralds-dod\/\">Kilde <\/a><\/p>","protected":false},"excerpt":{"rendered":"<p>Teaterstykket \u00abS\u00f8nnen\u00bb skulle hatt premiere p\u00e5 Den Nationale Scene i Bergen l\u00f8rdag, men dagen f\u00f8r d\u00f8de Hans Majestet kong Harald. Forestillingen ble likevel spilt, men som lukket visning. Innenriks: Stykket handler om kongehusets utfordringer og rettssaken mot Marius Borg H\u00f8iby. Det skulle opprinnelig hatt premiere i juni, men ble utsatt til 29. august. Teatersjef Solrun [&hellip;]<\/p>","protected":false},"author":1,"featured_media":19754,"comment_status":"","ping_status":"","sticky":false,"template":"","format":"standard","meta":{"footnotes":""},"categories":[107],"tags":[],"tmauthors":[],"class_list":["post-19753","post","type-post","status-publish","format-standard","has-post-thumbnail","category-nyheter"],"_links":{"self":[{"href":"https:\/\/radiostavanger.no\/index.php?rest_route=\/wp\/v2\/posts\/19753","targetHints":{"allow":["GET"]}}],"collection":[{"href":"https:\/\/radiostavanger.no\/index.php?rest_route=\/wp\/v2\/posts"}],"about":[{"href":"https:\/\/radiostavanger.no\/index.php?rest_route=\/wp\/v2\/types\/post"}],"author":[{"embeddable":true,"href":"https:\/\/radiostavanger.no\/index.php?rest_route=\/wp\/v2\/users\/1"}],"replies":[{"embeddable":true,"href":"https:\/\/radiostavanger.no\/index.php?rest_route=%2Fwp%2Fv2%2Fcomments&post=19753"}],"version-history":[{"count":0,"href":"https:\/\/radiostavanger.no\/index.php?rest_route=\/wp\/v2\/posts\/19753\/revisions"}],"wp:featuredmedia":[{"embeddable":true,"href":"https:\/\/radiostavanger.no\/index.php?rest_route=\/wp\/v2\/media\/19754"}],"wp:attachment":[{"href":"https:\/\/radiostavanger.no\/index.php?rest_route=%2Fwp%2Fv2%2Fmedia&parent=19753"}],"wp:term":[{"taxonomy":"category","embeddable":true,"href":"https:\/\/radiostavanger.no\/index.php?rest_route=%2Fwp%2Fv2%2Fcategories&post=19753"},{"taxonomy":"post_tag","embeddable":true,"href":"https:\/\/radiostavanger.no\/index.php?rest_route=%2Fwp%2Fv2%2Ftags&post=19753"},{"taxonomy":"tmauthors","embeddable":true,"href":"https:\/\/radiostavanger.no\/index.php?rest_route=%2Fwp%2Fv2%2Ftmauthors&post=19753"}],"curies":[{"name":"wp","href":"https:\/\/api.w.org\/{rel}","templated":true}]}}