{"id":19769,"date":"2026-08-30T06:23:57","date_gmt":"2026-08-30T06:23:57","guid":{"rendered":"https:\/\/radiostavanger.no\/?p=19769"},"modified":"2026-08-30T06:23:57","modified_gmt":"2026-08-30T06:23:57","slug":"ingen-konkrete-bevis-radio-stavanger","status":"publish","type":"post","link":"https:\/\/radiostavanger.no\/?p=19769","title":{"rendered":"Ingen konkrete bevis \u2013 Radio Stavanger"},"content":{"rendered":"<p><br \/>\n<\/p>\n<div id=\"mvp-content-main\">\n<p class=\"radioh-ingress\"><strong>Arfan Bhatti mener bevisene mot ham er svake, og at han burde frifinnes p\u00e5 alle punkter om medvirkning til terror. Men tingretten d\u00f8mte ham til 30 \u00e5rs forvaring. Tirsdag starter ankesaken.<\/strong>\n<\/p>\n<p><strong>Innenriks<\/strong>: \u2013 Bhatti fastholder sin uskyld og kjemper for frifinnelse, sier hans forsvarer John Christian Elden til NTB f\u00f8r ankesaken starter i lagmannsretten tirsdag.\n<\/p>\n<p>Oslo tingrett la ikke fingrene imellom da den i januar d\u00f8mte 49 \u00e5r gamle Arfan Bhatti til lovens absolutt strengeste straff p\u00e5 30 \u00e5rs forvaring og 20 \u00e5rs minstetid for medvirkning til masseskytingen i Oslo sentrum under pridefeiringen i Oslo for fire \u00e5r siden.\n<\/p>\n<p>Tirsdag starter en \u00e5tte uker lang omkamp i Borgarting lagmannsrett. Rettssaken holdes likevel i rettssal 250 i Oslo tinghus, der tingretten holder til. Det er ogs\u00e5 i den rettssalen saken ble behandlet i forrige rettsrunde.\n<\/p>\n<p>\u2013 Vi savner ethvert konkret bevis p\u00e5 at Bhatti var involvert som medvirker f\u00f8r skytingen fant sted, og det er ikke tilbudt noe nytt fra p\u00e5talemyndigheten denne gang, fortsetter den erfarne advokaten.<\/p>\n<h2>En farlig mann<\/h2>\n<p>\n\u2013 Bhatti er en farlig mann, slo tingrettsdommer Kim Heger fast i dommen, og skrev at Bhattis medvirkning i angrepet som drepte to og skadet ni uskyldige personer var av det \u00aballer mest alvorlige slaget\u00bb.\n<\/p>\n<p>Bhatti visste om angrepet p\u00e5 forh\u00e5nd og fors\u00f8kte \u00e5 f\u00e5 terrororganisasjonen IS til \u00e5 ta p\u00e5 seg ansvaret for \u00e5 spre ytterligere frykt i samfunnet, mente tingretten.\n<\/p>\n<p>Heger skrev ogs\u00e5 at rettssaken var preget av en bred og dyp bevisf\u00f8rsel, og at i alt 76 vitner hadde forklart seg.\n<\/p>\n<p>P\u00e5talemyndigheten har ikke sett behov for \u00e5 endre stort n\u00e5r ankesaken skal behandles i lagmannsretten.\n<\/p>\n<p>\u2013 Det var en bred og grundig bevisf\u00f8rsel over \u00e5tte uker i tingretten, som gjorde at tingretten hadde et godt grunnlag for \u00e5 domfelle Bhatti i henhold til tiltalebeslutningen. Bevisene for lagmannsretten vil i store trekk v\u00e6re de samme som for tingretten, med noen mindre justeringer. Det er ikke varslet nye vesentlige bevis fra verken aktoratet eller fra Bhattis forsvarer, sier statsadvokat Sturla Henriksb\u00f8 til NTB.<\/p>\n<h2>Matapour vitner igjen<\/h2>\n<p>\nSammen med kollega Aud Kinsarvik vil Henriksb\u00f8 nok en gang f\u00f8re p\u00e5talemyndighetens sak. Rettssaken er berammet fram til 30. oktober. Det er lagmann Arne-Martin H. S\u00f8rli som er rettens leder.\n<\/p>\n<p>Det er satt av tre dager til Bhattis egen forklaring i retten, og over 60 andre vitnem\u00e5l vil bli h\u00f8rt: Mange er innkalt til \u00e5 vitne i rettssal 250 i Oslo tinghus, mens andres forklaringer vil bli avspilt fra behandlingen i tingretten.\n<\/p>\n<p>Blant annet er det satt av en hel dag n\u00e5r selve gjerningsmannen bak angrepet, Zaniar Matapour, skal m\u00f8te i retten. Vitnem\u00e5let hans i tingretten var aller f\u00f8rste gang han sa noe om angrepet og om saken ellers. I sin egen rettssak sa han ingenting om hvorfor han hadde tatt med seg to v\u00e5pen og begitt seg ut i Oslo sentrum den aktuelle kvelden.\n<\/p>\n<p>Under Bhattis rettssak skyldte han derimot p\u00e5 en barnefordelingssak, sinne mot Oslo tingrett og dav\u00e6rende dommer, n\u00e5v\u00e6rende justisminister Astri Aas-Hansen (Ap), og mot politiet.\n<\/p>\n<p>Tingretten mente imidlertid at Matapours forklaring var oppkonstruert og ulogisk.<\/p>\n<h2>Forn\u00e6rmede f\u00f8rst<\/h2>\n<p>\nDen f\u00f8rste som forklarer seg fysisk i ankesaken er imidlertid Espen Evjenth, som i dag er leder av St\u00f8ttegruppa 25. juni. Han ble selv skutt av Matapour og truffet i hodet. Under rettssaken i tingretten sa han at han var overbevist om at han var et m\u00e5l fordi han var homofil.\n<\/p>\n<p>\u2013 Han stilte seg opp utenfor lokalet og skj\u00f8t inn p\u00e5 det mest kjente stedet for homofile i Oslo, sa Evjenth om angrepet.\n<\/p>\n<p>Aktoratet sier det er viktig \u00e5 forf\u00f8lge saker om terror for \u00e5 beskytte samfunnet.\n<\/p>\n<p>\u2013 Gjennom de kommende \u00e5tte ukene vil lagmannsretten f\u00e5 presentert et bredt bevismateriale som viser det som p\u00e5talemyndigheten mener er Bhattis medvirkning og bistand til terrorangrepet 25. juni 2022, og fors\u00f8k p\u00e5 \u00e5 f\u00e5 med seg IS p\u00e5 ytterligere terrorplaner i Norge og i utlandet, sier Henriksb\u00f8.\n<\/p>\n<p>(\u00a9NTB)<\/p>\n<\/p><\/div>\n<p><script async defer crossorigin=\"anonymous\" data-lazy=\"w3tc\" data-src=\"https:\/\/connect.facebook.net\/nb_NO\/sdk.js#xfbml=1&#038;version=v18.0\"><\/script><br \/>\n<br \/><br \/>\n<br \/><a href=\"https:\/\/radioh.no\/bhatti-forsvarer-om-anken-av-terrordommen-ingen-konkrete-bevis\/\">Kilde <\/a><\/p>","protected":false},"excerpt":{"rendered":"<p>Arfan Bhatti mener bevisene mot ham er svake, og at han burde frifinnes p\u00e5 alle punkter om medvirkning til terror. Men tingretten d\u00f8mte ham til 30 \u00e5rs forvaring. Tirsdag starter ankesaken. Innenriks: \u2013 Bhatti fastholder sin uskyld og kjemper for frifinnelse, sier hans forsvarer John Christian Elden til NTB f\u00f8r ankesaken starter i lagmannsretten tirsdag. [&hellip;]<\/p>","protected":false},"author":1,"featured_media":19770,"comment_status":"","ping_status":"","sticky":false,"template":"","format":"standard","meta":{"footnotes":""},"categories":[107],"tags":[],"tmauthors":[],"class_list":["post-19769","post","type-post","status-publish","format-standard","has-post-thumbnail","category-nyheter"],"_links":{"self":[{"href":"https:\/\/radiostavanger.no\/index.php?rest_route=\/wp\/v2\/posts\/19769","targetHints":{"allow":["GET"]}}],"collection":[{"href":"https:\/\/radiostavanger.no\/index.php?rest_route=\/wp\/v2\/posts"}],"about":[{"href":"https:\/\/radiostavanger.no\/index.php?rest_route=\/wp\/v2\/types\/post"}],"author":[{"embeddable":true,"href":"https:\/\/radiostavanger.no\/index.php?rest_route=\/wp\/v2\/users\/1"}],"replies":[{"embeddable":true,"href":"https:\/\/radiostavanger.no\/index.php?rest_route=%2Fwp%2Fv2%2Fcomments&post=19769"}],"version-history":[{"count":0,"href":"https:\/\/radiostavanger.no\/index.php?rest_route=\/wp\/v2\/posts\/19769\/revisions"}],"wp:featuredmedia":[{"embeddable":true,"href":"https:\/\/radiostavanger.no\/index.php?rest_route=\/wp\/v2\/media\/19770"}],"wp:attachment":[{"href":"https:\/\/radiostavanger.no\/index.php?rest_route=%2Fwp%2Fv2%2Fmedia&parent=19769"}],"wp:term":[{"taxonomy":"category","embeddable":true,"href":"https:\/\/radiostavanger.no\/index.php?rest_route=%2Fwp%2Fv2%2Fcategories&post=19769"},{"taxonomy":"post_tag","embeddable":true,"href":"https:\/\/radiostavanger.no\/index.php?rest_route=%2Fwp%2Fv2%2Ftags&post=19769"},{"taxonomy":"tmauthors","embeddable":true,"href":"https:\/\/radiostavanger.no\/index.php?rest_route=%2Fwp%2Fv2%2Ftmauthors&post=19769"}],"curies":[{"name":"wp","href":"https:\/\/api.w.org\/{rel}","templated":true}]}}