{"id":19778,"date":"2026-08-30T08:22:54","date_gmt":"2026-08-30T08:22:54","guid":{"rendered":"https:\/\/radiostavanger.no\/?p=19778"},"modified":"2026-08-30T08:22:54","modified_gmt":"2026-08-30T08:22:54","slug":"personlig-konge-som-kommer-til-a-lytte-til-folk-radio-stavanger","status":"publish","type":"post","link":"https:\/\/radiostavanger.no\/?p=19778","title":{"rendered":"Personlig konge som kommer til \u00e5 lytte til folk \u2013 Radio Stavanger"},"content":{"rendered":"<p><br \/>\n<\/p>\n<div id=\"mvp-content-main\">\n<p class=\"radioh-ingress\"><strong>Vi kan vente oss en konge som lytter til mennesker i forskjellige livssituasjoner, og som \u00f8nsker et personlig forhold til folket, mener to kongehuseksperter.<\/strong>\n<\/p>\n<p><strong>Innenriks<\/strong>: Mange har allerede analysert kong Haakons f\u00f8rste tale som monark. Opptaket ble gjort l\u00f8rdag ettermiddag p\u00e5 Slottet, og talen ble sendt kort tid etterp\u00e5, halvannet d\u00f8gn etter at kong Harald d\u00f8de fredag morgen.\n<\/p>\n<p>\u2013 Det var en mektig tale, rett og slett, sier kongehusekspert Ole-J\u00f8rgen Schulsrud-Hansen til NTB.\n<\/p>\n<h2>Minnetale og en tale for framtida<\/h2>\n<p>\nHan trekker fram at det b\u00e5de var en minnetale for faren og ogs\u00e5 en tale om hans framtidige, n\u00e5 p\u00e5begynte kongsgjerning.\n<\/p>\n<p>\u2013 Han forklarte b\u00e5de hva \u00abAlt for Norge\u00bb betyr for ham og hvilken rolle familien hans spiller i den gjerningen han n\u00e5 skal begynne p\u00e5, sier Schulsrud-Hansen.<\/p>\n<p>N\u00e5r det gjelder kongsgjerningen framover, merket han seg f\u00f8lgende:\n<\/p>\n<p>\u2013 Det var at kongen og dronningen \u00f8nsker \u00e5 lytte til mennesker i forskjellige livssituasjoner. Og det tror jeg er viktig i enhver gjerning.\n<\/p>\n<h2>Mer omfattende enn ventet<\/h2>\n<p>\nForfatter, historiker og kongebiograf Tor Bomann-Larsen synes kong Haakons f\u00f8rste tale var mye mer omfattende enn ventet.\n<\/p>\n<p>\u2013 Han var mer uttalt enn for eksempel hans far var, som han omtaler som \u00abpappa\u00bb, det er veldig n\u00e6rt for en konge, sier forfatteren.\n<\/p>\n<p>Ogs\u00e5 han synes kong Haakon i st\u00f8rre grad satte ord p\u00e5 valgspr\u00e5ket \u00abAlt for Norge\u00bb.<\/p>\n<p>\u2013 Han siterer jo Henrik Ibsen indirekte uten \u00e5 nevne ham med navn, men sier at vi skal vite med oss selv at vi er \u00abett folk\u00bb, sier Bomann-Larsen.\n<\/p>\n<p>Han minner om at ogs\u00e5 kong Harald brukte det begrepet i sin kjente tale p\u00e5 hagefesten i Dronningparken i 2016.\n<\/p>\n<p>\u2013 Det er hentet fra \u00abKongsemnerne\u00bb av Ibsen. Det definerer jo egentlig ogs\u00e5 \u00abAlt for Norge\u00bb, fordi begrepet er hentet ut av den tenkningen med \u00abalt eller intet\u00bb, fortsetter han.\n<\/p>\n<h2>Kongsh\u00e5nda<\/h2>\n<p>\nBomann-Larsen merket seg ogs\u00e5 bruken av ordet \u00abkongeh\u00e5nda\u00bb da kong Haakon beskrev faren.\n<\/p>\n<p>\u2013 Jeg vet ikke helt hvor han tok det fra. Men det er jo hans fars h\u00e5nd. Men som man skj\u00f8nner, n\u00e5r det er en kongeh\u00e5nd, s\u00e5 er det jo ikke bare overfor s\u00f8nnen, men selvsagt overfor alle barn i landet som har kjent denne h\u00e5nden. S\u00e5 det var et interessant bilde, sier forfatteren.<\/p>\n<p>Han mener Norge n\u00e5 f\u00e5r en konge som vil v\u00e6re som den Haakon vi kjenner som kronprins.\n<\/p>\n<p>\u2013 Han er like n\u00e6rv\u00e6rende og \u00f8nsker tydeligvis \u00e5 v\u00e6re personlig i forhold til folket, selv i en s\u00e5 h\u00f8ytidelig tale som dette var, sier Bomann-Larsen.\n<\/p>\n<p>\u2013 Rammene er veldig h\u00f8ytidelige. Men han fyller dem med et veldig personlig, menneskelig innhold. Det er i\u00f8ynefallende at han fremhever samhold i familien veldig sterkt, ogs\u00e5 at de skal st\u00e5 sammen i vanskelige tider, uansett hva fremtiden bringer. Da snakker han om sine n\u00e6rmeste, sier han.\n<\/p>\n<p>\u2013 Det m\u00e5 ogs\u00e5 ses litt i lys av den vanskelige tiden kongehuset har st\u00e5tt i det siste \u00e5ret, legger han til.\n<\/p>\n<h2>Var preget<\/h2>\n<p>\nB\u00e5de Ole-J\u00f8rgen Schulsrud-Hansen og Tor Bomann-Larsen merket seg at kong Haakon var sterkt preget da han gratulerte moren, dronning Sonja, med bryllupsdagen, \u00e9n dag etter at hun ble enke.<\/p>\n<p>\u2013 Og det vil jeg tro at alle som fulgte talen, ogs\u00e5 ble ber\u00f8rt av, sier Schulsrud-Hansen.\n<\/p>\n<p>Han mener det var en balansegang \u00e5 snakke om kong Harald som den pappaen kong Haakon kjente ham som, men ogs\u00e5 som den kongen vi har blitt kjent med ham som.\n<\/p>\n<p>\u2013 Det er jo akkurat den typen tale som passer i en situasjon som denne, hvor det b\u00e5de er et folk som tar farvel med en konge, men ogs\u00e5 en s\u00f8nn, sier kongehuseksperten.\n<\/p>\n<p>(\u00a9NTB)\n<\/p>\n<\/p><\/div>\n<p><script async defer crossorigin=\"anonymous\" data-lazy=\"w3tc\" data-src=\"https:\/\/connect.facebook.net\/nb_NO\/sdk.js#xfbml=1&#038;version=v18.0\"><\/script><br \/>\n<br \/><br \/>\n<br \/><a href=\"https:\/\/radioh.no\/kongehuseksperter-personlig-konge-som-kommer-til-a-lytte-til-folk\/\">Kilde <\/a><\/p>","protected":false},"excerpt":{"rendered":"<p>Vi kan vente oss en konge som lytter til mennesker i forskjellige livssituasjoner, og som \u00f8nsker et personlig forhold til folket, mener to kongehuseksperter. Innenriks: Mange har allerede analysert kong Haakons f\u00f8rste tale som monark. Opptaket ble gjort l\u00f8rdag ettermiddag p\u00e5 Slottet, og talen ble sendt kort tid etterp\u00e5, halvannet d\u00f8gn etter at kong Harald [&hellip;]<\/p>","protected":false},"author":1,"featured_media":19779,"comment_status":"","ping_status":"","sticky":false,"template":"","format":"standard","meta":{"footnotes":""},"categories":[107],"tags":[],"tmauthors":[],"class_list":["post-19778","post","type-post","status-publish","format-standard","has-post-thumbnail","category-nyheter"],"_links":{"self":[{"href":"https:\/\/radiostavanger.no\/index.php?rest_route=\/wp\/v2\/posts\/19778","targetHints":{"allow":["GET"]}}],"collection":[{"href":"https:\/\/radiostavanger.no\/index.php?rest_route=\/wp\/v2\/posts"}],"about":[{"href":"https:\/\/radiostavanger.no\/index.php?rest_route=\/wp\/v2\/types\/post"}],"author":[{"embeddable":true,"href":"https:\/\/radiostavanger.no\/index.php?rest_route=\/wp\/v2\/users\/1"}],"replies":[{"embeddable":true,"href":"https:\/\/radiostavanger.no\/index.php?rest_route=%2Fwp%2Fv2%2Fcomments&post=19778"}],"version-history":[{"count":0,"href":"https:\/\/radiostavanger.no\/index.php?rest_route=\/wp\/v2\/posts\/19778\/revisions"}],"wp:featuredmedia":[{"embeddable":true,"href":"https:\/\/radiostavanger.no\/index.php?rest_route=\/wp\/v2\/media\/19779"}],"wp:attachment":[{"href":"https:\/\/radiostavanger.no\/index.php?rest_route=%2Fwp%2Fv2%2Fmedia&parent=19778"}],"wp:term":[{"taxonomy":"category","embeddable":true,"href":"https:\/\/radiostavanger.no\/index.php?rest_route=%2Fwp%2Fv2%2Fcategories&post=19778"},{"taxonomy":"post_tag","embeddable":true,"href":"https:\/\/radiostavanger.no\/index.php?rest_route=%2Fwp%2Fv2%2Ftags&post=19778"},{"taxonomy":"tmauthors","embeddable":true,"href":"https:\/\/radiostavanger.no\/index.php?rest_route=%2Fwp%2Fv2%2Ftmauthors&post=19778"}],"curies":[{"name":"wp","href":"https:\/\/api.w.org\/{rel}","templated":true}]}}