{"id":19782,"date":"2026-08-30T08:40:57","date_gmt":"2026-08-30T08:40:57","guid":{"rendered":"https:\/\/radiostavanger.no\/?p=19782"},"modified":"2026-08-30T08:40:57","modified_gmt":"2026-08-30T08:40:57","slug":"norsk-fotball-hedrer-kong-harald-ingen-reklame-eller-maskoter-radio-stavanger","status":"publish","type":"post","link":"https:\/\/radiostavanger.no\/?p=19782","title":{"rendered":"Norsk fotball hedrer kong Harald \u2013 ingen reklame eller maskoter \u2013 Radio Stavanger"},"content":{"rendered":"<p><br \/>\n<\/p>\n<div id=\"mvp-content-main\">\n<p class=\"radioh-ingress\"><strong>Kong Haralds bortgang vil prege s\u00f8ndagens kamper i toppfotballen. Dette er grepene som tas.<\/strong>\n<\/p>\n<p><strong>Haugesund<\/strong>: Det legges opp til en felles markering i Eliteserien og 1. divisjon for menn. Begge har \u00e5tte kamper p\u00e5 programmet.\n<\/p>\n<p>Norsk Toppfotball opplyser at klubbene sterkt \u00f8nsker \u00ab\u00e5 m\u00f8te situasjonen med verdighet og respekt\u00bb.\n<\/p>\n<p>\u2013 Dette er en helt ekstraordin\u00e6r situasjon og en sv\u00e6rt spesiell runde for norsk fotball. Vi \u00f8nsker \u00e5 st\u00e5 samlet og gjennomf\u00f8re kampene p\u00e5 en m\u00e5te som viser respekt for kong Harald og for betydningen han har hatt for Norge og ogs\u00e5 for oss i fotballen, sier NTF-leder Jens Haugland i en uttalelse.\n<\/p>\n<p>Samtlige kamper som l\u00f8rdag skulle g\u00e5tt p\u00e5 de \u00f8verste niv\u00e5ene, ble flyttet til s\u00f8ndag som f\u00f8lge av kong Haralds d\u00f8d.<\/p>\n<p>If\u00f8lge VG blir markeringen gjort p\u00e5 denne m\u00e5ten:\n<\/p>\n<p>* \u00abJa, vi elsker\u00bb skal synges, etterfulgt av ett minutts stillhet\n<\/p>\n<p>* Spillerne og dommerne danner en \u00abH\u00bb i midtsirkelen f\u00f8r kamp\n<\/p>\n<p>* S\u00f8rgeb\u00e5nd p\u00e5 spillere, dommere og st\u00f8tteapparat\n<\/p>\n<p>* Storskjermene og digitale skilt skal hylle kong Harald<\/p>\n<p>* Ingen reklame p\u00e5 stadion f\u00f8r, under eller etter kamp\n<\/p>\n<p>Det blir heller ingen ordin\u00e6r innmarsj med maskoter.\n<\/p>\n<p>\u2013 Jeg har stor forst\u00e5else for at dette kan v\u00e6re skuffende for barna som hadde gledet seg til \u00e5 v\u00e6re maskoter, men dette er en helt ekstraordin\u00e6r situasjon, sier Haugland til VG.\n<\/p>\n<h2>Dagens kamper p\u00e5 toppniv\u00e5:<\/h2>\n<p>\nEliteserien (17.00): Bod\u00f8\/Glimt \u2013 Rosenborg 14.30, HamKam \u2013 Kristiansund, Sandefjord \u2013 Brann, Start \u2013 KFUM Oslo, Troms\u00f8 \u2013 Sarpsborg, Viking \u2013 Aalesund, V\u00e5lerenga \u2013 Molde, Lillestr\u00f8m \u2013 Fredrikstad 19.15.\n<\/p>\n<p>1. divisjon (17.00): Bryne \u2013 Haugesund, Egersund \u2013 \u00c5sane, H\u00f8dd \u2013 Stab\u00e6k, Kongsvinger \u2013 Lyn, Moss \u2013 Str\u00f8mmen, Ranheim \u2013 Odd, Raufoss \u2013 Sandnes Ulf, Sogndal \u2013 Str\u00f8msgodset.<\/p>\n<p>(\u00a9NTB)\n<\/p>\n<\/p><\/div>\n<p><script async defer crossorigin=\"anonymous\" data-lazy=\"w3tc\" data-src=\"https:\/\/connect.facebook.net\/nb_NO\/sdk.js#xfbml=1&#038;version=v18.0\"><\/script><br \/>\n<br \/><br \/>\n<br \/><a href=\"https:\/\/radioh.no\/norsk-fotball-hedrer-kong-harald-ingen-reklame-eller-maskoter\/\">Kilde <\/a><\/p>","protected":false},"excerpt":{"rendered":"<p>Kong Haralds bortgang vil prege s\u00f8ndagens kamper i toppfotballen. Dette er grepene som tas. Haugesund: Det legges opp til en felles markering i Eliteserien og 1. divisjon for menn. Begge har \u00e5tte kamper p\u00e5 programmet. Norsk Toppfotball opplyser at klubbene sterkt \u00f8nsker \u00ab\u00e5 m\u00f8te situasjonen med verdighet og respekt\u00bb. \u2013 Dette er en helt ekstraordin\u00e6r [&hellip;]<\/p>","protected":false},"author":1,"featured_media":2409,"comment_status":"","ping_status":"","sticky":false,"template":"","format":"standard","meta":{"footnotes":""},"categories":[107],"tags":[],"tmauthors":[],"class_list":["post-19782","post","type-post","status-publish","format-standard","has-post-thumbnail","category-nyheter"],"_links":{"self":[{"href":"https:\/\/radiostavanger.no\/index.php?rest_route=\/wp\/v2\/posts\/19782","targetHints":{"allow":["GET"]}}],"collection":[{"href":"https:\/\/radiostavanger.no\/index.php?rest_route=\/wp\/v2\/posts"}],"about":[{"href":"https:\/\/radiostavanger.no\/index.php?rest_route=\/wp\/v2\/types\/post"}],"author":[{"embeddable":true,"href":"https:\/\/radiostavanger.no\/index.php?rest_route=\/wp\/v2\/users\/1"}],"replies":[{"embeddable":true,"href":"https:\/\/radiostavanger.no\/index.php?rest_route=%2Fwp%2Fv2%2Fcomments&post=19782"}],"version-history":[{"count":0,"href":"https:\/\/radiostavanger.no\/index.php?rest_route=\/wp\/v2\/posts\/19782\/revisions"}],"wp:featuredmedia":[{"embeddable":true,"href":"https:\/\/radiostavanger.no\/index.php?rest_route=\/wp\/v2\/media\/2409"}],"wp:attachment":[{"href":"https:\/\/radiostavanger.no\/index.php?rest_route=%2Fwp%2Fv2%2Fmedia&parent=19782"}],"wp:term":[{"taxonomy":"category","embeddable":true,"href":"https:\/\/radiostavanger.no\/index.php?rest_route=%2Fwp%2Fv2%2Fcategories&post=19782"},{"taxonomy":"post_tag","embeddable":true,"href":"https:\/\/radiostavanger.no\/index.php?rest_route=%2Fwp%2Fv2%2Ftags&post=19782"},{"taxonomy":"tmauthors","embeddable":true,"href":"https:\/\/radiostavanger.no\/index.php?rest_route=%2Fwp%2Fv2%2Ftmauthors&post=19782"}],"curies":[{"name":"wp","href":"https:\/\/api.w.org\/{rel}","templated":true}]}}