{"id":19793,"date":"2026-08-30T10:33:29","date_gmt":"2026-08-30T10:33:29","guid":{"rendered":"https:\/\/radiostavanger.no\/?p=19793"},"modified":"2026-08-30T10:33:29","modified_gmt":"2026-08-30T10:33:29","slug":"hjelp-oss-a-ta-vare-pa-hverandre-radio-stavanger","status":"publish","type":"post","link":"https:\/\/radiostavanger.no\/?p=19793","title":{"rendered":"\u2013 Hjelp oss \u00e5 ta vare p\u00e5 hverandre \u2013 Radio Stavanger"},"content":{"rendered":"<p><br \/>\n<\/p>\n<div id=\"mvp-content-main\">\n<p class=\"radioh-ingress\"><strong>En stappfull Asker kirke var s\u00f8ndag samlet i sorg over tapet av kong Harald \u2013 og i b\u00f8nn for den nye kongefamilien.<\/strong>\n<\/p>\n<p><strong>Innenriks<\/strong>: \u2013 En familie har mistet sin far, bestefar, ektefelle og svigerfar. V\u00e5re tanker er n\u00e5 hos dem i deres sorg. Landet v\u00e5rt har mistet en folkekj\u00e6r konge, sa prost \u00d8yvind Stabrun da han innledet gudstjenesten i Asker kirke, som er kongefefamiliens lokale kirke for Skaugum.\n<\/p>\n<p>P\u00e5 f\u00f8rste rad satt kong Haakon, kronprinsesse Ingrid Alexandra, dronning Sonja og prins Sverre Magnus.\n<\/p>\n<p>Dronning Mette-Marit deltar ikke fordi hun fortsatt er i rekonvalesens etter sin lungetransplantasjon i juni.\n<\/p>\n<p>\u2013 N\u00e5 n\u00e5r v\u00e5r kj\u00e6re Kong Harald er d\u00f8d, er vi der for dere, v\u00e5r kj\u00e6re kong Haakon og dronning Mette Marit og dronning Sonja og hele deres familie. Vi s\u00f8rger med dere, sa Stabrun i sin preken.<\/p>\n<p>\u2013 Vi vet alle hvor forferdelig vondt det er n\u00e5r noen vi er s\u00e5 uendelig glade i d\u00f8r. Kong Harald var en trygghet for oss alle, fra regjering og storting til den enkelte en av oss, i en tid hvor mye oppleves som ustabilt og uforutsigbart.\n<\/p>\n<h2>Hyllet kong Harald<\/h2>\n<p>\nSokneprest Ida Buen Hanevold trakk i inngangsordet fram hvordan kong Harald gjennom reiser over hele landet, i sine taler og sitt \u00absamlende n\u00e6rv\u00e6r\u00bb har v\u00e6rt med \u00e5 forme Norge.\n<\/p>\n<p>\u2013 Med raushet og visdom favnet han hvem vi er som nordmenn og hva Norge er som land, sa hun.\n<\/p>\n<p>Som en del av forb\u00f8nnen reiste menigheten seg og sang Kongesangen, som menigheten for f\u00f8rste gang sang for v\u00e5r nye konge.\n<\/p>\n<p>Det ble ogs\u00e5 bedt en b\u00f8nn for den nye kongefamilien.<\/p>\n<p>\u2013 Vi ber om visdom og styrke for den kongelige familie, for hans majestet kong Haakon VIII og hennes majestet Dronning Mette-Marit og dronning Sonja, sa prosten.\n<\/p>\n<p>\u2013 V\u00e6r n\u00e6r med din fred i dagene som kommer og i oppgavene som venter. Du har skapt oss til fellesskap, hjelp oss \u00e5 ta vare p\u00e5 hverandre.\n<\/p>\n<h2>\u2013 Gode gud<\/h2>\n<p>\nMenigheten ba ogs\u00e5 for kraft og klokskap til regjeringen, Stortinget og andre med lederansvar:\n<\/p>\n<p>\u2013 Gi at vi alle arbeider for rettferdighet og fred, og hjelp oss \u00e5 vise respekt for hverandre, sa soknepresten.\n<\/p>\n<p>Prosten rettet ogs\u00e5 b\u00f8nnen direkte til kong Haakon og dronning Mette-Marit:<\/p>\n<p>\u2013 Gode Gud, vi ber for kongen og Dronningen. Send din \u00e5nd til tr\u00f8st og h\u00e5p. Vi ber om din velsignelse over deres liv og gjerning.\n<\/p>\n<p>Gudstjenesten startet klokka 11. Like f\u00f8r d\u00f8rene til kirken \u00e5pnet klokken 10 stod det en lang k\u00f8 med s\u00f8rgende. Kirken har plass til 400, og rundt 200 stod fortsatt i k\u00f8 da det var fullt.\n<\/p>\n<p>\u2013 Hele nasjonen er i sorg n\u00e5, og da kan det v\u00e6re godt \u00e5 komme sammen i kirkene. Ogs\u00e5 i Asker inviterer vi lokalbefolkningen til s\u00f8rgegudstjeneste i Asker kirke, og vi \u00f8nsker kongefamilien varmt velkommen, sa sokneprest Ida Buen Hanevold i forkant av gudstjenesten.\n<\/p>\n<p>(\u00a9NTB)\n<\/p>\n<\/p><\/div>\n<p><script async defer crossorigin=\"anonymous\" data-lazy=\"w3tc\" data-src=\"https:\/\/connect.facebook.net\/nb_NO\/sdk.js#xfbml=1&#038;version=v18.0\"><\/script><br \/>\n<br \/><br \/>\n<br \/><a href=\"https:\/\/radioh.no\/asker-kirke-ba-for-kongefamilien-hjelp-oss-a-ta-vare-pa-hverandre\/\">Kilde <\/a><\/p>","protected":false},"excerpt":{"rendered":"<p>En stappfull Asker kirke var s\u00f8ndag samlet i sorg over tapet av kong Harald \u2013 og i b\u00f8nn for den nye kongefamilien. Innenriks: \u2013 En familie har mistet sin far, bestefar, ektefelle og svigerfar. V\u00e5re tanker er n\u00e5 hos dem i deres sorg. Landet v\u00e5rt har mistet en folkekj\u00e6r konge, sa prost \u00d8yvind Stabrun da [&hellip;]<\/p>","protected":false},"author":1,"featured_media":19794,"comment_status":"","ping_status":"","sticky":false,"template":"","format":"standard","meta":{"footnotes":""},"categories":[107],"tags":[],"tmauthors":[],"class_list":["post-19793","post","type-post","status-publish","format-standard","has-post-thumbnail","category-nyheter"],"_links":{"self":[{"href":"https:\/\/radiostavanger.no\/index.php?rest_route=\/wp\/v2\/posts\/19793","targetHints":{"allow":["GET"]}}],"collection":[{"href":"https:\/\/radiostavanger.no\/index.php?rest_route=\/wp\/v2\/posts"}],"about":[{"href":"https:\/\/radiostavanger.no\/index.php?rest_route=\/wp\/v2\/types\/post"}],"author":[{"embeddable":true,"href":"https:\/\/radiostavanger.no\/index.php?rest_route=\/wp\/v2\/users\/1"}],"replies":[{"embeddable":true,"href":"https:\/\/radiostavanger.no\/index.php?rest_route=%2Fwp%2Fv2%2Fcomments&post=19793"}],"version-history":[{"count":0,"href":"https:\/\/radiostavanger.no\/index.php?rest_route=\/wp\/v2\/posts\/19793\/revisions"}],"wp:featuredmedia":[{"embeddable":true,"href":"https:\/\/radiostavanger.no\/index.php?rest_route=\/wp\/v2\/media\/19794"}],"wp:attachment":[{"href":"https:\/\/radiostavanger.no\/index.php?rest_route=%2Fwp%2Fv2%2Fmedia&parent=19793"}],"wp:term":[{"taxonomy":"category","embeddable":true,"href":"https:\/\/radiostavanger.no\/index.php?rest_route=%2Fwp%2Fv2%2Fcategories&post=19793"},{"taxonomy":"post_tag","embeddable":true,"href":"https:\/\/radiostavanger.no\/index.php?rest_route=%2Fwp%2Fv2%2Ftags&post=19793"},{"taxonomy":"tmauthors","embeddable":true,"href":"https:\/\/radiostavanger.no\/index.php?rest_route=%2Fwp%2Fv2%2Ftmauthors&post=19793"}],"curies":[{"name":"wp","href":"https:\/\/api.w.org\/{rel}","templated":true}]}}