{"id":19800,"date":"2026-08-30T11:52:53","date_gmt":"2026-08-30T11:52:53","guid":{"rendered":"https:\/\/radiostavanger.no\/?p=19800"},"modified":"2026-08-30T11:52:53","modified_gmt":"2026-08-30T11:52:53","slug":"viking-og-bodo-glimt-skrev-historie-ekspert-spar-gullalder-for-norsk-fotball-nrk-rogaland-lokale-nyheter-tv-og-radio","status":"publish","type":"post","link":"https:\/\/radiostavanger.no\/?p=19800","title":{"rendered":"Viking og Bod\u00f8\/Glimt skrev historie \u2013 ekspert sp\u00e5r gullalder for norsk fotball \u2013 NRK Rogaland \u2013 Lokale nyheter, TV og radio"},"content":{"rendered":"<p><br \/>\n<\/p>\n<div data-main-content=\"\" data-ec-list=\"article_body\" data-ec-name=\"br\u00f8dtekst\">\n<p>Onsdag kveld skrev Viking historie da de slo Dinamo Zagreb 5\u20133 sammenlagt og tok seg inn i gruppespillet i verdens gjeveste klubbturnering, Mesterligaen.<\/p>\n<p>Dagen i forveien hadde Bod\u00f8\/Glimt sl\u00e5tt NEC Nijmegen hele 6\u20131 sammenlagt, slik at to norske lag skal spille i turneringen for f\u00f8rste gang p\u00e5 27 \u00e5r.<\/p>\n<p><strong>N\u00e5 tror en ringrev at pengene vil str\u00f8mme inn fra spillersalg i norsk fotball.<\/strong><\/p>\n<p>\u2013 Det gir en enorm boost for omd\u00f8mmet til ligaen. Det landslaget, Viking og Bod\u00f8\/Glimt har prestert, gj\u00f8r det p\u00e5 mange omr\u00e5der, b\u00e5de direkte og indirekte, sier Simon Mesfin til NRK.<\/p>\n<div id=\"1.18003672.78c6acea\" class=\"g100 col fc s10 sl12 sl18 sg6 sg9 image-reference image-reference--F169\"><!-- include: \/serum\/render?id=1.18003672&size=10&perspective=RICH&alignment=CENTER&caption=Simon+Mesfin+var+sportssjef+i+LSK+i+en+%C3%A5rrekke%2C+men+er+n%C3%A5+konsulent+for+ulike+klubber.+Han+lar+seg+imponere+stort+over+arbeidet+som+Viking+har+gjort+de+siste+%C3%A5rene.&type=image&aspect=F169&parentSize=10 --><!-- START: \/templates\/image\/image-rich.jsp --><\/p>\n<figure class=\"image widget rich\">\n<div class=\"responsive-img F169\"><img decoding=\"async\" sizes=\"(min-width:1180px) 639px, (min-width:720px) 56vw, 100vw\" srcset=\"https:\/\/gfx.nrk.no\/qxrMh8t2KN-Gz1WszAFYHggIiSWN9RrL8HkBmtTYtvLA.jpg 80w, https:\/\/gfx.nrk.no\/qxrMh8t2KN-Gz1WszAFYHgQk3SnrgLyJQHkBmtTYtvLA.jpg 160w, https:\/\/gfx.nrk.no\/qxrMh8t2KN-Gz1WszAFYHgIwHa0jpEUEgHkBmtTYtvLA.jpg 350w, https:\/\/gfx.nrk.no\/qxrMh8t2KN-Gz1WszAFYHgS71zw88Whb0HkBmtTYtvLA.jpg 450w, https:\/\/gfx.nrk.no\/qxrMh8t2KN-Gz1WszAFYHg3WfGrPE1eEYHkBmtTYtvLA.jpg 650w, https:\/\/gfx.nrk.no\/qxrMh8t2KN-Gz1WszAFYHgHGqlsVEeeY4HkBmtTYtvLA.jpg 1000w, https:\/\/gfx.nrk.no\/qxrMh8t2KN-Gz1WszAFYHgwEMLFm1iXyIHkBmtTYtvLA.jpg 1200w, https:\/\/gfx.nrk.no\/qxrMh8t2KN-Gz1WszAFYHgoJlNPiALAuAHkBmtTYtvLA.jpg 1600w, https:\/\/gfx.nrk.no\/qxrMh8t2KN-Gz1WszAFYHgMk38LBCmOf4HkBmtTYtvLA.jpg 2000w\" src=\"data:image\/gif;base64,R0lGODlhAQABAIAAAAAAAP\/\/\/yH5BAEAAAAALAAAAAABAAEAAAIBRAA7\" loading=\"eager\" alt=\"4cHoZVqVEfg\" title=\"Foto: NTB\"\/><\/div><figcaption>\n<p class=\"\">Simon Mesfin var sportssjef i LSK i en \u00e5rrekke, men er n\u00e5 konsulent for ulike klubber. Han lar seg imponere stort over arbeidet som Viking har gjort de siste \u00e5rene.<\/p>\n<p><small>Foto: NTB<\/small><br \/>\n<\/figcaption><\/figure>\n<p><!-- END: \/templates\/image\/image-rich.jsp -->\n<\/div>\n<p>Mesfin er en av norsk fotballs mest rutinerte sportssjefer, og takket i fjor for seg i Lillestr\u00f8m SK etter 15 \u00e5r i klubben.<\/p>\n<p>Han forteller at markedsverdien p\u00e5 spillere avgj\u00f8res av ulike faktorer. B\u00e5de spillerens kontraktsituasjon, skadehistorikk og posisjon p\u00e5 banen p\u00e5virker prislappen. Aller mest avgj\u00f8rende er likevel hvilket niv\u00e5 spillerne har levert p\u00e5, forteller han.<\/p>\n<p>Dagens Viking-lag best\u00e5r av en sterk, egenutviklet lokal stamme.<\/p>\n<p>Edvin Austb\u00f8 (21) og Tobias Moi (20), som begge scoret hvert sitt m\u00e5l i kampen mot Dinamo Zagreb, er to av de heteste egenutviklede salgsobjektene.<\/p>\n<p><strong>L\u00f8rdag ettermiddag reiste stortaltentet Austb\u00f8 til London for \u00e5 ferdigstille en overgangen til West Ham, som spiller p\u00e5 niv\u00e5 to i England.<\/strong><\/p>\n<p>If\u00f8lge TV2 er Austb\u00f8 n\u00e6r en gigantovergang til den engelske klubben.<\/p>\n<p>If\u00f8lge Stavanger Aftenblad, som ogs\u00e5 omtaler overgangen, dreier det seg om en overgangssum p\u00e5 rundt 140 millioner kroner, med en totalramme p\u00e5 rundt 180 millioner.<\/p>\n<p><strong>Det vil i s\u00e5 fall bli tidenes dyreste Viking-salg.<\/strong><\/p>\n<div id=\"1.18003865.af61c0ca\" class=\"g100 col fc s10 sl12 sl18 sg6 sg9 image-reference image-reference--F169\"><!-- include: \/serum\/render?id=1.18003865&size=10&perspective=RICH&alignment=CENTER&caption=Fem+av+elleve+av+spillerne+Viking+startet+med+i+hjemmekampen+mot+Dinamo+Zagreb+kommer+fra+Rogaland.+I+tillegg+ble+fire+rogalendinger+byttet+inn+i+l%C3%B8pet+av+kampen.&type=image&aspect=F169&parentSize=10 --><!-- START: \/templates\/image\/image-rich.jsp --><\/p>\n<figure class=\"image widget rich\">\n<div class=\"responsive-img F169\"><img decoding=\"async\" sizes=\"(min-width:1180px) 639px, (min-width:720px) 56vw, 100vw\" srcset=\"https:\/\/gfx.nrk.no\/IgNadLdvwEASrdLZrK7gnA35gj9gtMYClQqD_Onw8TFg.jpg 80w, https:\/\/gfx.nrk.no\/IgNadLdvwEASrdLZrK7gnAQ3ACOUQ_zqhQqD_Onw8TFg.jpg 160w, https:\/\/gfx.nrk.no\/IgNadLdvwEASrdLZrK7gnA_ifoSR87jV9QqD_Onw8TFg.jpg 350w, https:\/\/gfx.nrk.no\/IgNadLdvwEASrdLZrK7gnAP7I4zjS_SKJQqD_Onw8TFg.jpg 450w, https:\/\/gfx.nrk.no\/IgNadLdvwEASrdLZrK7gnA2Yy1BCWXFztQqD_Onw8TFg.jpg 650w, https:\/\/gfx.nrk.no\/IgNadLdvwEASrdLZrK7gnA-IZ2DurFQSVQqD_Onw8TFg.jpg 1000w, https:\/\/gfx.nrk.no\/IgNadLdvwEASrdLZrK7gnApb16kKwO8fdQqD_Onw8TFg.jpg 1200w, https:\/\/gfx.nrk.no\/IgNadLdvwEASrdLZrK7gnAa4FpwLeIR79QqD_Onw8TFg.jpg 1600w, https:\/\/gfx.nrk.no\/IgNadLdvwEASrdLZrK7gnAdol0ivKlD7FQqD_Onw8TFg.jpg 2000w\" src=\"data:image\/gif;base64,R0lGODlhAQABAIAAAAAAAP\/\/\/yH5BAEAAAAALAAAAAABAAEAAAIBRAA7\" loading=\"eager\" alt=\"Viking-spillere stiller opp til lagbilde f\u00f8r fotballkamp p\u00e5 stadion. (Bildebeskrivelsen er laget av en KI-tjeneste)\" title=\"Foto: Carina Johansen \/ NTB\"\/><\/div><figcaption>\n<p class=\"\">Fem av elleve av spillerne Viking startet med i hjemmekampen mot Dinamo Zagreb kommer fra Rogaland. I tillegg ble fire rogalendinger byttet inn i l\u00f8pet av kampen.<\/p>\n<p><small>Foto: Carina Johansen \/ NTB<\/small><br \/>\n<\/figcaption><\/figure>\n<p><!-- END: \/templates\/image\/image-rich.jsp -->\n<\/div>\n<p>Allerede med de siste Europa-kampene har markedsverdien vokst, mener Mesfin.<\/p>\n<p>\u2013 Utenlandske klubber vet at de ikke kan tilby sm\u00e5penger. Viking sitter med veldig gode kort p\u00e5 h\u00e5nd, sier han.<\/p>\n<p><strong>Se oversikt over alle de lokale Viking-spillerne under:<\/strong><\/p>\n<h2>\n<\/h2>\n<div id=\"1.18003135.43c442a7\" class=\"g100 col fln s10 sl12 sl18 sg6 sg9 remoterenderedcontent-reference\"><!-- include: \/serum\/render?id=1.18003135&size=10&perspective=RICH&alignment=AUTO&parentSize=10 -->\n    <link rel=\"stylesheet\" type=\"text\/css\" href=\"https:\/\/static.dh.nrk.no\/modul\/persongalleri\/main-52d876a221be41ed8827.css\"\/><!-- prettier-ignore-attribute --><dh-persongalleri-v1 data-name=\"dh-persongalleri\"><\/p>\n<section class=\"dhpg__app dhpg__light\">\n<div class=\"dhpg__gallery\">\n<div class=\"undefined\">\n<h3 class=\"dhpg__gallery__groupName\">\n                      Keeper<br \/>\n                    <\/h3>\n<ul class=\"dhpg__gallery__list\">\n<li class=\"dhpg__gallery__listItem\">\n<div class=\"dhpg__person\">\n<figure class=\"dhpg__person__figure\" data-name=\"Arild \u00d8stb\u00f8\"><picture><source type=\"image\/webp\" srcset=\"https:\/\/gfx.nrk.no\/T5K-XMYQzznaMn1KlQGDLg_TIXs1RtlDSwz6WiwszUow.webp 450w,https:\/\/gfx.nrk.no\/T5K-XMYQzznaMn1KlQGDLgj7YZYNefjrGwz6WiwszUow.webp 768w,https:\/\/gfx.nrk.no\/T5K-XMYQzznaMn1KlQGDLgLx0V1fqEluGwz6WiwszUow.webp 1080w,https:\/\/gfx.nrk.no\/T5K-XMYQzznaMn1KlQGDLglpeJZ4VcK2mwz6WiwszUow.webp 1280w,https:\/\/gfx.nrk.no\/T5K-XMYQzznaMn1KlQGDLgCwKLkkAGeiywz6WiwszUow.webp 1600w,https:\/\/gfx.nrk.no\/T5K-XMYQzznaMn1KlQGDLgaAFYiaVP2FCwz6WiwszUow.webp 2400w\" sizes=\"(min-width: 540px) 320px, 100vw\"\/><source type=\"image\/jpeg\" srcset=\"https:\/\/gfx.nrk.no\/T5K-XMYQzznaMn1KlQGDLgkr4Ek7nHGTQui_Itkd9OtA.jpg 450w,https:\/\/gfx.nrk.no\/T5K-XMYQzznaMn1KlQGDLgxsS0zalQ6jYui_Itkd9OtA.jpg 768w,https:\/\/gfx.nrk.no\/T5K-XMYQzznaMn1KlQGDLgAZnB98W-T3cui_Itkd9OtA.jpg 1080w,https:\/\/gfx.nrk.no\/T5K-XMYQzznaMn1KlQGDLgu8yDahjmDlAui_Itkd9OtA.jpg 1280w,https:\/\/gfx.nrk.no\/T5K-XMYQzznaMn1KlQGDLgYz8m9JWKoyIui_Itkd9OtA.jpg 1600w,https:\/\/gfx.nrk.no\/T5K-XMYQzznaMn1KlQGDLgXDArjWrXLvIui_Itkd9OtA.jpg 2400w\" sizes=\"(min-width: 540px) 320px, 100vw\"\/><img loading=\"lazy\" alt=\"Arild \u00d8stb\u00f8 p\u00e5 stadion i Stavanger\" sizes=\"auto, (min-width: 540px) 320px, 100vw\" width=\"2400\" height=\"2400\" loading=\"lazy\"\/><\/picture><\/figure>\n<h4 class=\"dhpg__person__name\">Arild \u00d8stb\u00f8<\/h4>\n<div class=\"dhpg__person__textwrapper\">\n<div class=\"dhpg__person__bio\">\n<p>35 \u00e5r gammel keeper fra Stavanger.<\/p>\n<\/div>\n<\/div>\n<\/div>\n<\/li>\n<\/ul>\n<\/div>\n<div class=\"undefined\">\n<h3 class=\"dhpg__gallery__groupName\">\n                      Forsvarspillere<br \/>\n                    <\/h3>\n<ul class=\"dhpg__gallery__list\">\n<li class=\"dhpg__gallery__listItem\">\n<div class=\"dhpg__person\">\n<figure class=\"dhpg__person__figure\" data-name=\"Henrik Heggeim\"><picture><source type=\"image\/webp\" srcset=\"https:\/\/gfx.nrk.no\/4eL1ADGfWD6zYFRXnc9tMAiG90qXUfdKBF7oaKXwTvKg.webp 450w,https:\/\/gfx.nrk.no\/4eL1ADGfWD6zYFRXnc9tMA0F9qPV_OmuBF7oaKXwTvKg.webp 768w,https:\/\/gfx.nrk.no\/4eL1ADGfWD6zYFRXnc9tMAnbeOuMe458dF7oaKXwTvKg.webp 1080w,https:\/\/gfx.nrk.no\/4eL1ADGfWD6zYFRXnc9tMAaeg-nZtLns9F7oaKXwTvKg.webp 1280w,https:\/\/gfx.nrk.no\/4eL1ADGfWD6zYFRXnc9tMAxBtzydfN73ZF7oaKXwTvKg.webp 1600w,https:\/\/gfx.nrk.no\/4eL1ADGfWD6zYFRXnc9tMAL9tjCRImIbFF7oaKXwTvKg.webp 2400w\" sizes=\"(min-width: 540px) 320px, 100vw\"\/><source type=\"image\/jpeg\" srcset=\"https:\/\/gfx.nrk.no\/4eL1ADGfWD6zYFRXnc9tMA7Xgc85Z-3cclvm1L_rZwiw.jpg 450w,https:\/\/gfx.nrk.no\/4eL1ADGfWD6zYFRXnc9tMAZZXrYoky4K0lvm1L_rZwiw.jpg 768w,https:\/\/gfx.nrk.no\/4eL1ADGfWD6zYFRXnc9tMAuRApyCjmP-0lvm1L_rZwiw.jpg 1080w,https:\/\/gfx.nrk.no\/4eL1ADGfWD6zYFRXnc9tMAG7czHYo37oslvm1L_rZwiw.jpg 1280w,https:\/\/gfx.nrk.no\/4eL1ADGfWD6zYFRXnc9tMA45XQy2p84fAlvm1L_rZwiw.jpg 1600w,https:\/\/gfx.nrk.no\/4eL1ADGfWD6zYFRXnc9tMAngI8QBCHa2slvm1L_rZwiw.jpg 2400w\" sizes=\"(min-width: 540px) 320px, 100vw\"\/><img loading=\"lazy\" alt=\"\ufffdStavanger 20200630. Vikings Henrik Heggheim etter eliteseriekampen i fotball mellom Viking og Sandefjord p\u00e5 Viking stadion.Foto: Carina Johansen \/ NTB\" sizes=\"auto, (min-width: 540px) 320px, 100vw\" width=\"2400\" height=\"2400\" loading=\"lazy\"\/><\/picture><\/figure>\n<h4 class=\"dhpg__person__name\">Henrik Heggeim<\/h4>\n<div class=\"dhpg__person__textwrapper\">\n<div class=\"dhpg__person__bio\">\n<p>25 \u00e5r gammel back fra Stavanger.<\/p>\n<\/div>\n<\/div>\n<\/div>\n<\/li>\n<li class=\"dhpg__gallery__listItem\">\n<div class=\"dhpg__person\">\n<figure class=\"dhpg__person__figure\" data-name=\"Herman Haugen\"><picture><source type=\"image\/webp\" srcset=\"https:\/\/gfx.nrk.no\/8zLErMHI3J12Ngnn0-QZ2wlzC_KTbWDqSn8lFYgaQlpg.webp 450w,https:\/\/gfx.nrk.no\/8zLErMHI3J12Ngnn0-QZ2wEB8EIITToSKn8lFYgaQlpg.webp 768w,https:\/\/gfx.nrk.no\/8zLErMHI3J12Ngnn0-QZ2wxNMMTzd0pk-n8lFYgaQlpg.webp 1080w,https:\/\/gfx.nrk.no\/8zLErMHI3J12Ngnn0-QZ2wpLDZe-vgtayn8lFYgaQlpg.webp 1280w,https:\/\/gfx.nrk.no\/8zLErMHI3J12Ngnn0-QZ2wZGoLyn9iR1On8lFYgaQlpg.webp 1600w,https:\/\/gfx.nrk.no\/8zLErMHI3J12Ngnn0-QZ2whCaX4xV25Pmn8lFYgaQlpg.webp 2400w\" sizes=\"(min-width: 540px) 320px, 100vw\"\/><source type=\"image\/jpeg\" srcset=\"https:\/\/gfx.nrk.no\/8zLErMHI3J12Ngnn0-QZ2wllV9TrFYbE5CDOlIq0dN9g.jpg 450w,https:\/\/gfx.nrk.no\/8zLErMHI3J12Ngnn0-QZ2wJWMcC8-nfjRCDOlIq0dN9g.jpg 768w,https:\/\/gfx.nrk.no\/8zLErMHI3J12Ngnn0-QZ2w2Im1rwakpFVCDOlIq0dN9g.jpg 1080w,https:\/\/gfx.nrk.no\/8zLErMHI3J12Ngnn0-QZ2w-XKXOgC3uA1CDOlIq0dN9g.jpg 1280w,https:\/\/gfx.nrk.no\/8zLErMHI3J12Ngnn0-QZ2wilyzIl_-HbJCDOlIq0dN9g.jpg 1600w,https:\/\/gfx.nrk.no\/8zLErMHI3J12Ngnn0-QZ2wtL04w2-RU2lCDOlIq0dN9g.jpg 2400w\" sizes=\"(min-width: 540px) 320px, 100vw\"\/><img loading=\"lazy\" alt=\"Herman Haugen\" sizes=\"auto, (min-width: 540px) 320px, 100vw\" width=\"2400\" height=\"2400\" loading=\"lazy\"\/><\/picture><\/figure>\n<h4 class=\"dhpg__person__name\">Herman Haugen<\/h4>\n<div class=\"dhpg__person__textwrapper\">\n<div class=\"dhpg__person__bio\">\n<p>26 \u00e5r gammel back fra Stavanger<\/p>\n<\/div>\n<\/div>\n<\/div>\n<\/li>\n<li class=\"dhpg__gallery__listItem\">\n<div class=\"dhpg__person\">\n<figure class=\"dhpg__person__figure\" data-name=\"Kristoffer Haugen\"><picture><source type=\"image\/webp\" srcset=\"https:\/\/gfx.nrk.no\/qkNJkaRw13OB9gEawYZfVgXj5__RXxOY-QwHJitGoGEw.webp 450w,https:\/\/gfx.nrk.no\/qkNJkaRw13OB9gEawYZfVgzRMTER_DKTGQwHJitGoGEw.webp 768w,https:\/\/gfx.nrk.no\/qkNJkaRw13OB9gEawYZfVgHIAXUul6zXKQwHJitGoGEw.webp 1080w,https:\/\/gfx.nrk.no\/qkNJkaRw13OB9gEawYZfVgFMZ_93LecmKQwHJitGoGEw.webp 1280w,https:\/\/gfx.nrk.no\/qkNJkaRw13OB9gEawYZfVglGm629eo8CiQwHJitGoGEw.webp 1600w,https:\/\/gfx.nrk.no\/qkNJkaRw13OB9gEawYZfVgvW6C_hrmykCQwHJitGoGEw.webp 2400w\" sizes=\"(min-width: 540px) 320px, 100vw\"\/><source type=\"image\/jpeg\" srcset=\"https:\/\/gfx.nrk.no\/qkNJkaRw13OB9gEawYZfVgG4phxqDEH73WUcYzkClvTA.jpg 450w,https:\/\/gfx.nrk.no\/qkNJkaRw13OB9gEawYZfVg1n9tM2ni5efWUcYzkClvTA.jpg 768w,https:\/\/gfx.nrk.no\/qkNJkaRw13OB9gEawYZfVgj8vVsPvCL1vWUcYzkClvTA.jpg 1080w,https:\/\/gfx.nrk.no\/qkNJkaRw13OB9gEawYZfVgx1-lALe03nLWUcYzkClvTA.jpg 1280w,https:\/\/gfx.nrk.no\/qkNJkaRw13OB9gEawYZfVgXcNVuleChhrWUcYzkClvTA.jpg 1600w,https:\/\/gfx.nrk.no\/qkNJkaRw13OB9gEawYZfVgempqeArHFTjWUcYzkClvTA.jpg 2400w\" sizes=\"(min-width: 540px) 320px, 100vw\"\/><img loading=\"lazy\" alt=\"Kristoffer Haugen, Peter Christiansen  og Edvin Austb\u00f8 jubler over 1-0 til Viking. \" sizes=\"auto, (min-width: 540px) 320px, 100vw\" width=\"2400\" height=\"2400\" loading=\"lazy\"\/><\/picture><\/figure>\n<h4 class=\"dhpg__person__name\">Kristoffer Haugen<\/h4>\n<div class=\"dhpg__person__textwrapper\">\n<div class=\"dhpg__person__bio\">\n<p>32 \u00e5r gammel back fra Klepp.<\/p>\n<\/div>\n<\/div>\n<\/div>\n<\/li>\n<li class=\"dhpg__gallery__listItem\">\n<div class=\"dhpg__person\">\n<figure class=\"dhpg__person__figure\" data-name=\"Sondre Bj\u00f8rshol\"><picture><source type=\"image\/webp\" srcset=\"https:\/\/gfx.nrk.no\/lIsnCbQspG5S8N7gWsgZVQq37rQ0U6bf35Y7u7OSBurw.webp 450w,https:\/\/gfx.nrk.no\/lIsnCbQspG5S8N7gWsgZVQOuQjNchw_cf5Y7u7OSBurw.webp 768w,https:\/\/gfx.nrk.no\/lIsnCbQspG5S8N7gWsgZVQ8ztMccMmd2f5Y7u7OSBurw.webp 1080w,https:\/\/gfx.nrk.no\/lIsnCbQspG5S8N7gWsgZVQDcb4zB5jVY35Y7u7OSBurw.webp 1280w,https:\/\/gfx.nrk.no\/lIsnCbQspG5S8N7gWsgZVQTweN1MPl1g_5Y7u7OSBurw.webp 1600w,https:\/\/gfx.nrk.no\/lIsnCbQspG5S8N7gWsgZVQdxnzj9Wktkv5Y7u7OSBurw.webp 2400w\" sizes=\"(min-width: 540px) 320px, 100vw\"\/><source type=\"image\/jpeg\" srcset=\"https:\/\/gfx.nrk.no\/lIsnCbQspG5S8N7gWsgZVQVNvo77ClI-SX5VLzgPsBFg.jpg 450w,https:\/\/gfx.nrk.no\/lIsnCbQspG5S8N7gWsgZVQA-j1t1-Oei6X5VLzgPsBFg.jpg 768w,https:\/\/gfx.nrk.no\/lIsnCbQspG5S8N7gWsgZVQRsLcYC7GWm-X5VLzgPsBFg.jpg 1080w,https:\/\/gfx.nrk.no\/lIsnCbQspG5S8N7gWsgZVQnmweGLV19sSX5VLzgPsBFg.jpg 1280w,https:\/\/gfx.nrk.no\/lIsnCbQspG5S8N7gWsgZVQw5DrSLce0VGX5VLzgPsBFg.jpg 1600w,https:\/\/gfx.nrk.no\/lIsnCbQspG5S8N7gWsgZVQqD6CImFZUWyX5VLzgPsBFg.jpg 2400w\" sizes=\"(min-width: 540px) 320px, 100vw\"\/><img loading=\"lazy\" alt=\"Sondre Bj\u00f8rshol\" sizes=\"auto, (min-width: 540px) 320px, 100vw\" width=\"2400\" height=\"2400\" loading=\"lazy\"\/><\/picture><\/figure>\n<h4 class=\"dhpg__person__name\">Sondre Bj\u00f8rshol<\/h4>\n<div class=\"dhpg__person__textwrapper\">\n<div class=\"dhpg__person__bio\">\n<p>32 \u00e5r gammel back fra Stavanger.<\/p>\n<\/div>\n<\/div>\n<\/div>\n<\/li>\n<li class=\"dhpg__gallery__listItem\">\n<div class=\"dhpg__person\">\n<figure class=\"dhpg__person__figure\" data-name=\"Vetle Auklend\"><picture><source type=\"image\/webp\" srcset=\"https:\/\/gfx.nrk.no\/60_2BqyPLOlxrgBS9fIXvwO1-nyCskHXp2KUpeg8SBiQ.webp 450w,https:\/\/gfx.nrk.no\/60_2BqyPLOlxrgBS9fIXvw9J1YMHcNbB92KUpeg8SBiQ.webp 768w,https:\/\/gfx.nrk.no\/60_2BqyPLOlxrgBS9fIXvwXx2YAiTRczp2KUpeg8SBiQ.webp 1080w,https:\/\/gfx.nrk.no\/60_2BqyPLOlxrgBS9fIXvwNMum8K7LKH92KUpeg8SBiQ.webp 1280w,https:\/\/gfx.nrk.no\/60_2BqyPLOlxrgBS9fIXvwvjj323wfvvp2KUpeg8SBiQ.webp 1600w,https:\/\/gfx.nrk.no\/60_2BqyPLOlxrgBS9fIXvwGz8MDNR8xdp2KUpeg8SBiQ.webp 2400w\" sizes=\"(min-width: 540px) 320px, 100vw\"\/><source type=\"image\/jpeg\" srcset=\"https:\/\/gfx.nrk.no\/60_2BqyPLOlxrgBS9fIXvwHRnbTbLmfdfShRI8md3iGg.jpg 450w,https:\/\/gfx.nrk.no\/60_2BqyPLOlxrgBS9fIXvw8uWftODs6SHShRI8md3iGg.jpg 768w,https:\/\/gfx.nrk.no\/60_2BqyPLOlxrgBS9fIXvwkd6MoVLRdrPShRI8md3iGg.jpg 1080w,https:\/\/gfx.nrk.no\/60_2BqyPLOlxrgBS9fIXvwaTCARqipgj_ShRI8md3iGg.jpg 1280w,https:\/\/gfx.nrk.no\/60_2BqyPLOlxrgBS9fIXvwTkvzq0mzk5XShRI8md3iGg.jpg 1600w,https:\/\/gfx.nrk.no\/60_2BqyPLOlxrgBS9fIXvwI0jim3lfzJvShRI8md3iGg.jpg 2400w\" sizes=\"(min-width: 540px) 320px, 100vw\"\/><img loading=\"lazy\" alt=\"en mann i et idrettsstadion\" sizes=\"auto, (min-width: 540px) 320px, 100vw\" width=\"2400\" height=\"2400\" loading=\"lazy\"\/><\/picture><\/figure>\n<h4 class=\"dhpg__person__name\">Vetle Auklend<\/h4>\n<div class=\"dhpg__person__textwrapper\">\n<div class=\"dhpg__person__bio\">\n<p>21 \u00e5r gammel back fra Stavanger.<\/p>\n<\/div>\n<\/div>\n<\/div>\n<\/li>\n<li class=\"dhpg__gallery__listItem\">\n<div class=\"dhpg__person\">\n<figure class=\"dhpg__person__figure\" data-name=\"Viljar Helland Vevatne\"><picture><source type=\"image\/webp\" srcset=\"https:\/\/gfx.nrk.no\/7u-UJBokUx1AVwcYGFdGtwt3S6J_3yAv1uXO7Hr2zXvw.webp 450w,https:\/\/gfx.nrk.no\/7u-UJBokUx1AVwcYGFdGtwJsNOiB_-teFuXO7Hr2zXvw.webp 768w,https:\/\/gfx.nrk.no\/7u-UJBokUx1AVwcYGFdGtwGUBbkU_Em2huXO7Hr2zXvw.webp 1080w,https:\/\/gfx.nrk.no\/7u-UJBokUx1AVwcYGFdGtwqIUnNgEzJHRuXO7Hr2zXvw.webp 1280w,https:\/\/gfx.nrk.no\/7u-UJBokUx1AVwcYGFdGtwpAWnfO4QprNuXO7Hr2zXvw.webp 1600w,https:\/\/gfx.nrk.no\/7u-UJBokUx1AVwcYGFdGtwldOeURQLZyxuXO7Hr2zXvw.webp 2400w\" sizes=\"(min-width: 540px) 320px, 100vw\"\/><source type=\"image\/jpeg\" srcset=\"https:\/\/gfx.nrk.no\/7u-UJBokUx1AVwcYGFdGtwV2gvsSuTBMDU35xowM9bvA.jpg 450w,https:\/\/gfx.nrk.no\/7u-UJBokUx1AVwcYGFdGtwj1uMrMLMcvnU35xowM9bvA.jpg 768w,https:\/\/gfx.nrk.no\/7u-UJBokUx1AVwcYGFdGtwF_AeDAHZz8PU35xowM9bvA.jpg 1080w,https:\/\/gfx.nrk.no\/7u-UJBokUx1AVwcYGFdGtwBr0ZQ7cct97U35xowM9bvA.jpg 1280w,https:\/\/gfx.nrk.no\/7u-UJBokUx1AVwcYGFdGtw1wcf-12R0uXU35xowM9bvA.jpg 1600w,https:\/\/gfx.nrk.no\/7u-UJBokUx1AVwcYGFdGtwAcMhzzgWOPzU35xowM9bvA.jpg 2400w\" sizes=\"(min-width: 540px) 320px, 100vw\"\/><img loading=\"lazy\" alt=\"Viljar Vevatne \" sizes=\"auto, (min-width: 540px) 320px, 100vw\" width=\"2400\" height=\"2400\" loading=\"lazy\"\/><\/picture><\/figure>\n<h4 class=\"dhpg__person__name\">Viljar Helland Vevatne<\/h4>\n<div class=\"dhpg__person__textwrapper\">\n<div class=\"dhpg__person__bio\">\n<p>32 \u00e5r gammel midtstopper fra Stavanger.<\/p>\n<\/div>\n<\/div>\n<\/div>\n<\/li>\n<li class=\"dhpg__gallery__listItem\">\n<div class=\"dhpg__person\">\n<figure class=\"dhpg__person__figure\" data-name=\"Fillip Voster Botnen\"><picture><source type=\"image\/webp\" srcset=\"https:\/\/gfx.nrk.no\/DQAIarZJMawlxtdyaIxtiAAKID8HtbI9ohw5mMu4kC6A.webp 450w,https:\/\/gfx.nrk.no\/DQAIarZJMawlxtdyaIxtiA2xr4Crko2EIhw5mMu4kC6A.webp 768w,https:\/\/gfx.nrk.no\/DQAIarZJMawlxtdyaIxtiAP9hW75QJ4vghw5mMu4kC6A.webp 1080w,https:\/\/gfx.nrk.no\/DQAIarZJMawlxtdyaIxtiAiaxZYZ5jkL4hw5mMu4kC6A.webp 1280w,https:\/\/gfx.nrk.no\/DQAIarZJMawlxtdyaIxtiALkNotY_jtWshw5mMu4kC6A.webp 1600w,https:\/\/gfx.nrk.no\/DQAIarZJMawlxtdyaIxtiAwf2tB7wC2G4hw5mMu4kC6A.webp 2400w\" sizes=\"(min-width: 540px) 320px, 100vw\"\/><source type=\"image\/jpeg\" srcset=\"https:\/\/gfx.nrk.no\/DQAIarZJMawlxtdyaIxtiAqLfg1mhnmWElVhx8QJ-Vww.jpg 450w,https:\/\/gfx.nrk.no\/DQAIarZJMawlxtdyaIxtiAi-ZVEle3PTMlVhx8QJ-Vww.jpg 768w,https:\/\/gfx.nrk.no\/DQAIarZJMawlxtdyaIxtiA0C8JzFmG2tYlVhx8QJ-Vww.jpg 1080w,https:\/\/gfx.nrk.no\/DQAIarZJMawlxtdyaIxtiAvWfvyX0iA_ElVhx8QJ-Vww.jpg 1280w,https:\/\/gfx.nrk.no\/DQAIarZJMawlxtdyaIxtiA5OXdXae_zgslVhx8QJ-Vww.jpg 1600w,https:\/\/gfx.nrk.no\/DQAIarZJMawlxtdyaIxtiAGZwwoHqJykwlVhx8QJ-Vww.jpg 2400w\" sizes=\"(min-width: 540px) 320px, 100vw\"\/><img loading=\"lazy\" alt=\"Fillip Botnen\" sizes=\"auto, (min-width: 540px) 320px, 100vw\" width=\"2400\" height=\"2400\" loading=\"lazy\"\/><\/picture><\/figure>\n<h4 class=\"dhpg__person__name\">Fillip Voster Botnen<\/h4>\n<div class=\"dhpg__person__textwrapper\">\n<div class=\"dhpg__person__bio\">\n<p>20 \u00e5r gammel midtstopper fra Stavanger. For tiden utleid til Sandnes Ulf i 1. divisjon.<\/p>\n<\/div>\n<\/div>\n<\/div>\n<\/li>\n<\/ul>\n<\/div>\n<div class=\"undefined\">\n<h3 class=\"dhpg__gallery__groupName\">\n                      Midtbanespillere<br \/>\n                    <\/h3>\n<ul class=\"dhpg__gallery__list\">\n<li class=\"dhpg__gallery__listItem\">\n<div class=\"dhpg__person\">\n<figure class=\"dhpg__person__figure\" data-name=\"Jakob Segadal Hansen\"><picture><source type=\"image\/webp\" srcset=\"https:\/\/gfx.nrk.no\/dYh-Y8JAeVItScbnOcDUJgdYCTQFRrLj_L-OpkZkRQtw.webp 450w,https:\/\/gfx.nrk.no\/dYh-Y8JAeVItScbnOcDUJgjt2qt7oMqHDL-OpkZkRQtw.webp 768w,https:\/\/gfx.nrk.no\/dYh-Y8JAeVItScbnOcDUJgN27kyTrkDvrL-OpkZkRQtw.webp 1080w,https:\/\/gfx.nrk.no\/dYh-Y8JAeVItScbnOcDUJg-GQeI9z4cNHL-OpkZkRQtw.webp 1280w,https:\/\/gfx.nrk.no\/dYh-Y8JAeVItScbnOcDUJgoOCZqTN4t2vL-OpkZkRQtw.webp 1600w,https:\/\/gfx.nrk.no\/dYh-Y8JAeVItScbnOcDUJgIYbN860RfEvL-OpkZkRQtw.webp 2400w\" sizes=\"(min-width: 540px) 320px, 100vw\"\/><source type=\"image\/jpeg\" srcset=\"https:\/\/gfx.nrk.no\/dYh-Y8JAeVItScbnOcDUJgk7IvcHFx_pEcZlHZ7QRxoQ.jpg 450w,https:\/\/gfx.nrk.no\/dYh-Y8JAeVItScbnOcDUJgYFn1o3NaB1IcZlHZ7QRxoQ.jpg 768w,https:\/\/gfx.nrk.no\/dYh-Y8JAeVItScbnOcDUJgQbTfLLJMK0scZlHZ7QRxoQ.jpg 1080w,https:\/\/gfx.nrk.no\/dYh-Y8JAeVItScbnOcDUJgpfE_ZahoITAcZlHZ7QRxoQ.jpg 1280w,https:\/\/gfx.nrk.no\/dYh-Y8JAeVItScbnOcDUJg_3JatiussTQcZlHZ7QRxoQ.jpg 1600w,https:\/\/gfx.nrk.no\/dYh-Y8JAeVItScbnOcDUJgCpq2--jZM20cZlHZ7QRxoQ.jpg 2400w\" sizes=\"(min-width: 540px) 320px, 100vw\"\/><img loading=\"lazy\" alt=\"en mann med briller\" sizes=\"auto, (min-width: 540px) 320px, 100vw\" width=\"2400\" height=\"2400\" loading=\"lazy\"\/><\/picture><\/figure>\n<h4 class=\"dhpg__person__name\">Jakob Segadal Hansen<\/h4>\n<div class=\"dhpg__person__textwrapper\">\n<div class=\"dhpg__person__bio\">\n<p>21 \u00e5r gammel midtbanespiller fra Stavanger.<\/p>\n<\/div>\n<\/div>\n<\/div>\n<\/li>\n<li class=\"dhpg__gallery__listItem\">\n<div class=\"dhpg__person\">\n<figure class=\"dhpg__person__figure\" data-name=\"Ola Visted\"><picture><source type=\"image\/webp\" srcset=\"https:\/\/gfx.nrk.no\/YlAL7DhxJd0gXIQD6uCVwQAdebTsxJupVDvGE_hnHkAw.webp 450w,https:\/\/gfx.nrk.no\/YlAL7DhxJd0gXIQD6uCVwQr_KsLaukjpBDvGE_hnHkAw.webp 768w,https:\/\/gfx.nrk.no\/YlAL7DhxJd0gXIQD6uCVwQ04kBb2td7lhDvGE_hnHkAw.webp 1080w,https:\/\/gfx.nrk.no\/YlAL7DhxJd0gXIQD6uCVwQuTmNxxew3URDvGE_hnHkAw.webp 1280w,https:\/\/gfx.nrk.no\/YlAL7DhxJd0gXIQD6uCVwQjGxDG_IS3y5DvGE_hnHkAw.webp 1600w,https:\/\/gfx.nrk.no\/YlAL7DhxJd0gXIQD6uCVwQ6NpDApK5xsNDvGE_hnHkAw.webp 2400w\" sizes=\"(min-width: 540px) 320px, 100vw\"\/><source type=\"image\/jpeg\" srcset=\"https:\/\/gfx.nrk.no\/YlAL7DhxJd0gXIQD6uCVwQT63Zi6sJfjOucil9PhIzSw.jpg 450w,https:\/\/gfx.nrk.no\/YlAL7DhxJd0gXIQD6uCVwQ9Ogi5HY2mkuucil9PhIzSw.jpg 768w,https:\/\/gfx.nrk.no\/YlAL7DhxJd0gXIQD6uCVwQwy3V9CbSubGucil9PhIzSw.jpg 1080w,https:\/\/gfx.nrk.no\/YlAL7DhxJd0gXIQD6uCVwQ-f19oMnwICiucil9PhIzSw.jpg 1280w,https:\/\/gfx.nrk.no\/YlAL7DhxJd0gXIQD6uCVwQYWHZjJ8h7taucil9PhIzSw.jpg 1600w,https:\/\/gfx.nrk.no\/YlAL7DhxJd0gXIQD6uCVwQzhVk2y63JEyucil9PhIzSw.jpg 2400w\" sizes=\"(min-width: 540px) 320px, 100vw\"\/><img loading=\"lazy\" alt=\"Ola Visted\" sizes=\"auto, (min-width: 540px) 320px, 100vw\" width=\"2400\" height=\"2400\" loading=\"lazy\"\/><\/picture><\/figure>\n<h4 class=\"dhpg__person__name\">Ola Visted<\/h4>\n<div class=\"dhpg__person__textwrapper\">\n<div class=\"dhpg__person__bio\">\n<p>21 \u00e5r gammel midtbanespiller fra Stavanger<\/p>\n<\/div>\n<\/div>\n<\/div>\n<\/li>\n<li class=\"dhpg__gallery__listItem\">\n<div class=\"dhpg__person\">\n<figure class=\"dhpg__person__figure\" data-name=\"Simen Kvia-Egeskog\"><picture><source type=\"image\/webp\" srcset=\"https:\/\/gfx.nrk.no\/PaovbNoyfIw_GkPcmefjCQdcwEotY6ZnDIGVTGLH4UeA.webp 450w,https:\/\/gfx.nrk.no\/PaovbNoyfIw_GkPcmefjCQrwBVkKHGP73IGVTGLH4UeA.webp 768w,https:\/\/gfx.nrk.no\/PaovbNoyfIw_GkPcmefjCQNOcyoDDFIhfIGVTGLH4UeA.webp 1080w,https:\/\/gfx.nrk.no\/PaovbNoyfIw_GkPcmefjCQO3VDCWD_HF7IGVTGLH4UeA.webp 1280w,https:\/\/gfx.nrk.no\/PaovbNoyfIw_GkPcmefjCQ95MV_I5yjeTIGVTGLH4UeA.webp 1600w,https:\/\/gfx.nrk.no\/PaovbNoyfIw_GkPcmefjCQKuSq_pOz-R3IGVTGLH4UeA.webp 2400w\" sizes=\"(min-width: 540px) 320px, 100vw\"\/><source type=\"image\/jpeg\" srcset=\"https:\/\/gfx.nrk.no\/PaovbNoyfIw_GkPcmefjCQAemOUjBpMchG_ExvSP4IqA.jpg 450w,https:\/\/gfx.nrk.no\/PaovbNoyfIw_GkPcmefjCQtWxh6m99f79G_ExvSP4IqA.jpg 768w,https:\/\/gfx.nrk.no\/PaovbNoyfIw_GkPcmefjCQjKDUme_Bbz5G_ExvSP4IqA.jpg 1080w,https:\/\/gfx.nrk.no\/PaovbNoyfIw_GkPcmefjCQ_uayB7fapK1G_ExvSP4IqA.jpg 1280w,https:\/\/gfx.nrk.no\/PaovbNoyfIw_GkPcmefjCQSGtUCqdx9dxG_ExvSP4IqA.jpg 1600w,https:\/\/gfx.nrk.no\/PaovbNoyfIw_GkPcmefjCQG4d8A-U243VG_ExvSP4IqA.jpg 2400w\" sizes=\"(min-width: 540px) 320px, 100vw\"\/><img loading=\"lazy\" alt=\"en person i bl\u00e5 skjorte\" sizes=\"auto, (min-width: 540px) 320px, 100vw\" width=\"2400\" height=\"2400\" loading=\"lazy\"\/><\/picture><\/figure>\n<h4 class=\"dhpg__person__name\">Simen Kvia-Egeskog<\/h4>\n<div class=\"dhpg__person__textwrapper\">\n<div class=\"dhpg__person__bio\">\n<p>23 \u00e5r gammel midtbanespiller fra Stavanger.<\/p>\n<\/div>\n<\/div>\n<\/div>\n<\/li>\n<li class=\"dhpg__gallery__listItem\">\n<div class=\"dhpg__person\">\n<figure class=\"dhpg__person__figure\" data-name=\"Tobias Moi\"><picture><source type=\"image\/webp\" srcset=\"https:\/\/gfx.nrk.no\/PR-QrapyQfvH8C6tgu1-KQDxYgdhmKLhrka7gTi7Om2w.webp 450w,https:\/\/gfx.nrk.no\/PR-QrapyQfvH8C6tgu1-KQ7LtYV5v9Xzrka7gTi7Om2w.webp 768w,https:\/\/gfx.nrk.no\/PR-QrapyQfvH8C6tgu1-KQTf6SdBL3m23ka7gTi7Om2w.webp 1080w,https:\/\/gfx.nrk.no\/PR-QrapyQfvH8C6tgu1-KQ1wK5HNh95W7ka7gTi7Om2w.webp 1280w,https:\/\/gfx.nrk.no\/PR-QrapyQfvH8C6tgu1-KQmx9sS6Wp4fDka7gTi7Om2w.webp 1600w,https:\/\/gfx.nrk.no\/PR-QrapyQfvH8C6tgu1-KQlM3Xhgz74iHka7gTi7Om2w.webp 2400w\" sizes=\"(min-width: 540px) 320px, 100vw\"\/><source type=\"image\/jpeg\" srcset=\"https:\/\/gfx.nrk.no\/PR-QrapyQfvH8C6tgu1-KQd_XFA1GP2jvLwbOCEIMCGQ.jpg 450w,https:\/\/gfx.nrk.no\/PR-QrapyQfvH8C6tgu1-KQxjVUxRxZT-LLwbOCEIMCGQ.jpg 768w,https:\/\/gfx.nrk.no\/PR-QrapyQfvH8C6tgu1-KQ7uyythqpNN3LwbOCEIMCGQ.jpg 1080w,https:\/\/gfx.nrk.no\/PR-QrapyQfvH8C6tgu1-KQwmkK1A9-20bLwbOCEIMCGQ.jpg 1280w,https:\/\/gfx.nrk.no\/PR-QrapyQfvH8C6tgu1-KQUM4rTnm3Wg_LwbOCEIMCGQ.jpg 1600w,https:\/\/gfx.nrk.no\/PR-QrapyQfvH8C6tgu1-KQpoLr9JvXdgnLwbOCEIMCGQ.jpg 2400w\" sizes=\"(min-width: 540px) 320px, 100vw\"\/><img loading=\"lazy\" alt=\"\" sizes=\"auto, (min-width: 540px) 320px, 100vw\" width=\"2400\" height=\"2400\" loading=\"lazy\"\/><\/picture><\/figure>\n<h4 class=\"dhpg__person__name\">Tobias Moi<\/h4>\n<div class=\"dhpg__person__textwrapper\">\n<div class=\"dhpg__person__bio\">\n<p>19 \u00e5r gammel midtbanespiller fra Sola.<\/p>\n<\/div>\n<\/div>\n<\/div>\n<\/li>\n<\/ul>\n<\/div>\n<div class=\"undefined\">\n<h3 class=\"dhpg__gallery__groupName\">\n                      Angrepsspillere<br \/>\n                    <\/h3>\n<ul class=\"dhpg__gallery__list\">\n<li class=\"dhpg__gallery__listItem\">\n<div class=\"dhpg__person\">\n<figure class=\"dhpg__person__figure\" data-name=\"Edvind Austb\u00f8\"><picture><source type=\"image\/webp\" srcset=\"https:\/\/gfx.nrk.no\/A0TVtTKFVg2LlhduIMlk5QPoXunWY8RVdaTRk1p9GM1A.webp 450w,https:\/\/gfx.nrk.no\/A0TVtTKFVg2LlhduIMlk5QqFVTbZpg-U5aTRk1p9GM1A.webp 768w,https:\/\/gfx.nrk.no\/A0TVtTKFVg2LlhduIMlk5QKSxe_JKRVGVaTRk1p9GM1A.webp 1080w,https:\/\/gfx.nrk.no\/A0TVtTKFVg2LlhduIMlk5Q8vCDCearGitaTRk1p9GM1A.webp 1280w,https:\/\/gfx.nrk.no\/A0TVtTKFVg2LlhduIMlk5Qw8Lu4sbJ0fhaTRk1p9GM1A.webp 1600w,https:\/\/gfx.nrk.no\/A0TVtTKFVg2LlhduIMlk5Qadu3bewUyQ9aTRk1p9GM1A.webp 2400w\" sizes=\"(min-width: 540px) 320px, 100vw\"\/><source type=\"image\/jpeg\" srcset=\"https:\/\/gfx.nrk.no\/A0TVtTKFVg2LlhduIMlk5QlLuQEedQszJI1_NPFtAGTg.jpg 450w,https:\/\/gfx.nrk.no\/A0TVtTKFVg2LlhduIMlk5Q6ob80MPT1UJI1_NPFtAGTg.jpg 768w,https:\/\/gfx.nrk.no\/A0TVtTKFVg2LlhduIMlk5Qlu7qeuJ3LWtI1_NPFtAGTg.jpg 1080w,https:\/\/gfx.nrk.no\/A0TVtTKFVg2LlhduIMlk5QuRY5tWFKla1I1_NPFtAGTg.jpg 1280w,https:\/\/gfx.nrk.no\/A0TVtTKFVg2LlhduIMlk5QXJC53EBWEJRI1_NPFtAGTg.jpg 1600w,https:\/\/gfx.nrk.no\/A0TVtTKFVg2LlhduIMlk5Qzso750DKqQVI1_NPFtAGTg.jpg 2400w\" sizes=\"(min-width: 540px) 320px, 100vw\"\/><img loading=\"lazy\" alt=\"Edvin Austb\u00f8\" sizes=\"auto, (min-width: 540px) 320px, 100vw\" width=\"2400\" height=\"2400\" loading=\"lazy\"\/><\/picture><\/figure>\n<h4 class=\"dhpg__person__name\">Edvind Austb\u00f8<\/h4>\n<div class=\"dhpg__person__textwrapper\">\n<div class=\"dhpg__person__bio\">\n<p>21 \u00e5r gammel ving fra Stavanger.<\/p>\n<\/div>\n<\/div>\n<\/div>\n<\/li>\n<li class=\"dhpg__gallery__listItem\">\n<div class=\"dhpg__person\">\n<figure class=\"dhpg__person__figure\" data-name=\"Niklas Fuglestad\"><picture><source type=\"image\/webp\" srcset=\"https:\/\/gfx.nrk.no\/bmRInowoyc7-zDb90TjGsQ_gu02FJgnsdtgCG88ynbAg.webp 450w,https:\/\/gfx.nrk.no\/bmRInowoyc7-zDb90TjGsQWKsXqZt5nGRtgCG88ynbAg.webp 768w,https:\/\/gfx.nrk.no\/bmRInowoyc7-zDb90TjGsQ2BhervhfISNtgCG88ynbAg.webp 1080w,https:\/\/gfx.nrk.no\/bmRInowoyc7-zDb90TjGsQZVl7P9QgdDNtgCG88ynbAg.webp 1280w,https:\/\/gfx.nrk.no\/bmRInowoyc7-zDb90TjGsQKgI31uNRcwZtgCG88ynbAg.webp 1600w,https:\/\/gfx.nrk.no\/bmRInowoyc7-zDb90TjGsQg--vFjylb9VtgCG88ynbAg.webp 2400w\" sizes=\"(min-width: 540px) 320px, 100vw\"\/><source type=\"image\/jpeg\" srcset=\"https:\/\/gfx.nrk.no\/bmRInowoyc7-zDb90TjGsQrwrl0-1iYM56b2c06aIEiw.jpg 450w,https:\/\/gfx.nrk.no\/bmRInowoyc7-zDb90TjGsQeGtiywrOIIN6b2c06aIEiw.jpg 768w,https:\/\/gfx.nrk.no\/bmRInowoyc7-zDb90TjGsQLMHf-pKqtC96b2c06aIEiw.jpg 1080w,https:\/\/gfx.nrk.no\/bmRInowoyc7-zDb90TjGsQz0-1gjgZF1d6b2c06aIEiw.jpg 1280w,https:\/\/gfx.nrk.no\/bmRInowoyc7-zDb90TjGsQ6w1plWF5s396b2c06aIEiw.jpg 1600w,https:\/\/gfx.nrk.no\/bmRInowoyc7-zDb90TjGsQgTeBKGY1A016b2c06aIEiw.jpg 2400w\" sizes=\"(min-width: 540px) 320px, 100vw\"\/><img loading=\"lazy\" alt=\"Niklas Fuglestad\" sizes=\"auto, (min-width: 540px) 320px, 100vw\" width=\"2400\" height=\"2400\" loading=\"lazy\"\/><\/picture><\/figure>\n<h4 class=\"dhpg__person__name\">Niklas Fuglestad<\/h4>\n<div class=\"dhpg__person__textwrapper\">\n<div class=\"dhpg__person__bio\">\n<p>19 \u00e5r gammel ving fra Sola.<\/p>\n<\/div>\n<\/div>\n<\/div>\n<\/li>\n<li class=\"dhpg__gallery__listItem\">\n<div class=\"dhpg__person\">\n<figure class=\"dhpg__person__figure\" data-name=\"Veton Berisha\"><picture><source type=\"image\/webp\" srcset=\"https:\/\/gfx.nrk.no\/SESFnI2C16rXxSoUzO2DbQ2SujrH74q0b5eaVbb6n7Yw.webp 450w,https:\/\/gfx.nrk.no\/SESFnI2C16rXxSoUzO2DbQzycINYQw3TL5eaVbb6n7Yw.webp 768w,https:\/\/gfx.nrk.no\/SESFnI2C16rXxSoUzO2DbQje4Iid0cKwz5eaVbb6n7Yw.webp 1080w,https:\/\/gfx.nrk.no\/SESFnI2C16rXxSoUzO2DbQVH6uUI6xl7_5eaVbb6n7Yw.webp 1280w,https:\/\/gfx.nrk.no\/SESFnI2C16rXxSoUzO2DbQdOdgFJv4tOL5eaVbb6n7Yw.webp 1600w,https:\/\/gfx.nrk.no\/SESFnI2C16rXxSoUzO2DbQeHARnfur-f_5eaVbb6n7Yw.webp 2400w\" sizes=\"(min-width: 540px) 320px, 100vw\"\/><source type=\"image\/jpeg\" srcset=\"https:\/\/gfx.nrk.no\/SESFnI2C16rXxSoUzO2DbQzSiFZAEIm7gKPChaGGVRkg.jpg 450w,https:\/\/gfx.nrk.no\/SESFnI2C16rXxSoUzO2DbQSWX8ROptgqwKPChaGGVRkg.jpg 768w,https:\/\/gfx.nrk.no\/SESFnI2C16rXxSoUzO2DbQcjOG8un1LL4KPChaGGVRkg.jpg 1080w,https:\/\/gfx.nrk.no\/SESFnI2C16rXxSoUzO2DbQUjGROBENMoAKPChaGGVRkg.jpg 1280w,https:\/\/gfx.nrk.no\/SESFnI2C16rXxSoUzO2DbQ8-rg4lg_tWAKPChaGGVRkg.jpg 1600w,https:\/\/gfx.nrk.no\/SESFnI2C16rXxSoUzO2DbQWYcvmRCvk3cKPChaGGVRkg.jpg 2400w\" sizes=\"(min-width: 540px) 320px, 100vw\"\/><img loading=\"lazy\" alt=\"Veton Berisha  blir intervjuet av Stavanger Aftenblad\" sizes=\"auto, (min-width: 540px) 320px, 100vw\" width=\"2400\" height=\"2400\" loading=\"lazy\"\/><\/picture><\/figure>\n<h4 class=\"dhpg__person__name\">Veton Berisha<\/h4>\n<div class=\"dhpg__person__textwrapper\">\n<div class=\"dhpg__person__bio\">\n<p>32 \u00e5r gammel spiss fra Egersund.<\/p>\n<\/div>\n<\/div>\n<\/div>\n<\/li>\n<\/ul>\n<\/div>\n<\/div>\n<\/section>\n<p><\/dh-persongalleri-v1>\n  <\/div>\n<h2>Usikre stjerner: \u2013 F\u00e5r bare vente og se<\/h2>\n<p>Austb\u00f8 serverte et perlem\u00e5l av en 2-1-scoring i andre omgang etter at Viking f\u00f8rst hadde havnet under mot Dinamo Zagreb.<\/p>\n<p>Selv er han usikker p\u00e5 om han f\u00e5r oppleve \u00e5 spille i Mesterligaen med Viking.<\/p>\n<p>\u2013 Det vet jeg ikke. Det f\u00e5r man bare vente og se p\u00e5. Det blir uansett kjekt om jeg gj\u00f8r det, og hvis det skjer noe annet blir det bra det og, sier han til NRK.<\/p>\n<div id=\"1.18003874.b0d023e4\" class=\"g100 col fc s10 sl12 sl18 sg6 sg9 image-reference image-reference--F169\"><!-- include: \/serum\/render?id=1.18003874&size=10&perspective=RICH&alignment=CENTER&caption=Har+Edvin+Austb%C3%B8+ikledd+seg+Vikings+bl%C3%A5+europacupdrakt+for+siste+gang+i+denne+omgang%3F+%E2%80%93+Vet+ikke%2C+sier+hovedpersonen+selv.+&type=image&aspect=F169&parentSize=10 --><!-- START: \/templates\/image\/image-rich.jsp --><\/p>\n<figure class=\"image widget rich\">\n<div class=\"responsive-img F169\"><img decoding=\"async\" sizes=\"(min-width:1180px) 639px, (min-width:720px) 56vw, 100vw\" srcset=\"https:\/\/gfx.nrk.no\/J6LLNqPB2gEZFaYhtKSL7govtYfcZljRUEmX2iPbkkrw.jpg 80w, https:\/\/gfx.nrk.no\/J6LLNqPB2gEZFaYhtKSL7gFGHUu1Mt5fcEmX2iPbkkrw.jpg 160w, https:\/\/gfx.nrk.no\/J6LLNqPB2gEZFaYhtKSL7g0mHFHXEElhYEmX2iPbkkrw.jpg 350w, https:\/\/gfx.nrk.no\/J6LLNqPB2gEZFaYhtKSL7geCD82RJQfjYEmX2iPbkkrw.jpg 450w, https:\/\/gfx.nrk.no\/J6LLNqPB2gEZFaYhtKSL7g5wevx4YSlkAEmX2iPbkkrw.jpg 650w, https:\/\/gfx.nrk.no\/J6LLNqPB2gEZFaYhtKSL7gMSfdwBRSaSQEmX2iPbkkrw.jpg 1000w, https:\/\/gfx.nrk.no\/J6LLNqPB2gEZFaYhtKSL7gdeBUjdHcsRoEmX2iPbkkrw.jpg 1200w, https:\/\/gfx.nrk.no\/J6LLNqPB2gEZFaYhtKSL7g4RP1B9fWy2AEmX2iPbkkrw.jpg 1600w, https:\/\/gfx.nrk.no\/J6LLNqPB2gEZFaYhtKSL7gaXTeB2EJgIAEmX2iPbkkrw.jpg 2000w\" src=\"data:image\/gif;base64,R0lGODlhAQABAIAAAAAAAP\/\/\/yH5BAEAAAAALAAAAAABAAEAAAIBRAA7\" loading=\"eager\" alt=\"To fotballspillere i m\u00f8rkebl\u00e5 drakter jubler med hendene i v\u00e6ret p\u00e5 en fotballbane. (Bildebeskrivelsen er laget av en KI-tjeneste)\" title=\"Foto: Carina Johansen \/ NTB\"\/><\/div><figcaption>\n<p class=\"\">Har Edvin Austb\u00f8 ikledd seg Vikings bl\u00e5 europacupdrakt for siste gang i denne omgang? \u2013 Vet ikke, sier hovedpersonen selv. <\/p>\n<p><small>Foto: Carina Johansen \/ NTB<\/small><br \/>\n<\/figcaption><\/figure>\n<p><!-- END: \/templates\/image\/image-rich.jsp -->\n<\/div>\n<p>Tobias Moi tror han blir v\u00e6rende i Viking ogs\u00e5 inn i gruppespillet.<\/p>\n<p>Han kan glede seg til storfint bes\u00f8k av Bayern M\u00fcnchen 13. oktober. Det blir Vikings f\u00f8rste hjemmekamp i ligafasen i Mesterligaen.<\/p>\n<p>Ogs\u00e5 landslagsspiller Henrik Falchener, som spilte fra start mot Frankrike i sommerens EM, er i tenkeboksen.<\/p>\n<p>Han h\u00e5per p\u00e5 s\u00e5 mye norsk europasuksess som mulig, og synes det er stort at Viking er i Mesterligaen.<\/p>\n<p>\u2013 Det er helt r\u00e5tt. Det viser at den norske fotballen har tatt steg og gjort ting riktig.<\/p>\n<div id=\"1.18003882.b276e502\" class=\"g100 col fc s10 sl12 sl18 sg6 sg9 image-reference image-reference--F169\"><!-- include: \/serum\/render?id=1.18003882&size=10&perspective=RICH&alignment=CENTER&caption=Henrik+Falchener+og+Edvin+Austb%C3%B8+kan+forsvinne+fra+Viking+f%C3%B8r+gruppespillet+i+Mesterligaen.&type=image&aspect=F169&parentSize=10 --><!-- START: \/templates\/image\/image-rich.jsp --><\/p>\n<figure class=\"image widget rich\">\n<div class=\"responsive-img F169\"><img decoding=\"async\" sizes=\"(min-width:1180px) 639px, (min-width:720px) 56vw, 100vw\" srcset=\"https:\/\/gfx.nrk.no\/FWMvDe_H3LvoEvA5-MbDxgYqpPFKSpjYtrEGUt2ZbkOQ.jpg 80w, https:\/\/gfx.nrk.no\/FWMvDe_H3LvoEvA5-MbDxglSCUmJwu6NhrEGUt2ZbkOQ.jpg 160w, https:\/\/gfx.nrk.no\/FWMvDe_H3LvoEvA5-MbDxgY5BjbpdOdOlrEGUt2ZbkOQ.jpg 350w, https:\/\/gfx.nrk.no\/FWMvDe_H3LvoEvA5-MbDxgxEhlNZFKESZrEGUt2ZbkOQ.jpg 450w, https:\/\/gfx.nrk.no\/FWMvDe_H3LvoEvA5-MbDxgUcggaPMTp9FrEGUt2ZbkOQ.jpg 650w, https:\/\/gfx.nrk.no\/FWMvDe_H3LvoEvA5-MbDxggINv3hggaFxrEGUt2ZbkOQ.jpg 1000w, https:\/\/gfx.nrk.no\/FWMvDe_H3LvoEvA5-MbDxgyENtWwCZshZrEGUt2ZbkOQ.jpg 1200w, https:\/\/gfx.nrk.no\/FWMvDe_H3LvoEvA5-MbDxg2nCdLYaSW4RrEGUt2ZbkOQ.jpg 1600w, https:\/\/gfx.nrk.no\/FWMvDe_H3LvoEvA5-MbDxg-BgQ3OpAKWdrEGUt2ZbkOQ.jpg 2000w\" src=\"data:image\/gif;base64,R0lGODlhAQABAIAAAAAAAP\/\/\/yH5BAEAAAAALAAAAAABAAEAAAIBRAA7\" loading=\"eager\" alt=\"Fotballspillere i duell om ballen under en kamp p\u00e5 en gressbane. (Bildebeskrivelsen er laget av en KI-tjeneste)\" title=\"Foto: Carina Johansen \/ NTB\"\/><\/div><figcaption>\n<p class=\"\">Henrik Falchener og Edvin Austb\u00f8 kan forsvinne fra Viking f\u00f8r gruppespillet i Mesterligaen.<\/p>\n<p><small>Foto: Carina Johansen \/ NTB<\/small><br \/>\n<\/figcaption><\/figure>\n<p><!-- END: \/templates\/image\/image-rich.jsp -->\n<\/div>\n<p>Simon Mesfin tror Edvin Austb\u00f8 vil bli solgt hvis budene n\u00e6rmer seg 200 millioner kroner.<\/p>\n<p>\u2013 Jeg tror de fornuftige folka i klubben vet hvor grensen g\u00e5r. N\u00e5r man kommer opp i de summene blir det vanskelig \u00e5 si nei. Disse grensegangene flyttes ogs\u00e5 n\u00e5r Viking n\u00e5 skal spille i Mesterligaen.<\/p>\n<p>Torsdag kveld ble det klart at Lillestr\u00f8m skal til Europaligaen, mens Brann g\u00e5r til serieligaen:<\/p>\n<p><!-- \/\/ Reference Autonomous --><\/p>\n<h2>Utviklingsleder hyller trenerduo: \u2013 Utrolig sentralt<\/h2>\n<p><span>Gaute Schei er utviklingsleder i Viking. Han overtok jobben i april i \u00e5r, og hadde tidligere jobbet i klubben i perioden 2009\u20132018.<\/span><\/p>\n<p><span>Han fullroser jobben som gj\u00f8res av Vikings akademitrenere og mener suksessen skyldes helhetlig tenking i hele klubben, i tillegg til at mange av de lokale samarbeidsklubbene i Rogaland er flinke p\u00e5 utvikling.<\/span><\/p>\n<p><span>\u2013 Vi har en tydelig strategi om \u00e5 prioritere eget akademi og \u00e5 utvikle lokale, unge spillere. Vi har en kultur der vi setter laget f\u00f8rst og jobber godt sammen. Gjennom det utvikler vi spillere med potensial til \u00e5 etablere seg p\u00e5 toppniv\u00e5, sier han.<\/span><\/p>\n<div id=\"1.18003895.b40f8e9f\" class=\"g100 col fc s10 sl12 sl18 sg6 sg9 image-reference image-reference--F169\"><!-- include: \/serum\/render?id=1.18003895&size=10&perspective=RICH&alignment=CENTER&caption=Gaute+Schei+er+stolt+over+at+talentene+i+Viking+n%C3%A5+har+tatt+dem+hele+veien+til+Mesterligaen.&type=image&aspect=F169&parentSize=10 --><!-- START: \/templates\/image\/image-rich.jsp --><\/p>\n<figure class=\"image widget rich\">\n<div class=\"responsive-img F169\"><img decoding=\"async\" sizes=\"(min-width:1180px) 639px, (min-width:720px) 56vw, 100vw\" srcset=\"https:\/\/gfx.nrk.no\/jWOeYeTeOu9lOa1yzmI29Aj-WxhZaYX6EaTmRnZFxm6Q.jpg 80w, https:\/\/gfx.nrk.no\/jWOeYeTeOu9lOa1yzmI29AIJ4PnyFDrOgaTmRnZFxm6Q.jpg 160w, https:\/\/gfx.nrk.no\/jWOeYeTeOu9lOa1yzmI29A_jr9mQBbH94aTmRnZFxm6Q.jpg 350w, https:\/\/gfx.nrk.no\/jWOeYeTeOu9lOa1yzmI29AXtsGKe6v_3saTmRnZFxm6Q.jpg 450w, https:\/\/gfx.nrk.no\/jWOeYeTeOu9lOa1yzmI29AKzK2e3K1vVkaTmRnZFxm6Q.jpg 650w, https:\/\/gfx.nrk.no\/jWOeYeTeOu9lOa1yzmI29A6DTkTPLIV8EaTmRnZFxm6Q.jpg 1000w, https:\/\/gfx.nrk.no\/jWOeYeTeOu9lOa1yzmI29AkHbUNd9-V2AaTmRnZFxm6Q.jpg 1200w, https:\/\/gfx.nrk.no\/jWOeYeTeOu9lOa1yzmI29AaQG9G9LTwNIaTmRnZFxm6Q.jpg 1600w, https:\/\/gfx.nrk.no\/jWOeYeTeOu9lOa1yzmI29AqCBYDns5I-QaTmRnZFxm6Q.jpg 2000w\" src=\"data:image\/gif;base64,R0lGODlhAQABAIAAAAAAAP\/\/\/yH5BAEAAAAALAAAAAABAAEAAAIBRAA7\" loading=\"eager\" alt=\"Utviklingsleder Gaute Schei og daglig leder Eirik Bj\u00f8rn\u00f8 i Viking FK st\u00e5r p\u00e5 en fotballbane med frost i bakken. \" title=\"Foto: Viking FK\"\/><\/div><figcaption>\n<p class=\"\">Gaute Schei er stolt over at talentene i Viking n\u00e5 har tatt dem hele veien til Mesterligaen.<\/p>\n<p><small>Foto: Viking FK<\/small><br \/>\n<\/figcaption><\/figure>\n<p><!-- END: \/templates\/image\/image-rich.jsp -->\n<\/div>\n<p>Han mener ogs\u00e5 at A-lagstrenerne Bjarte Lunde Aarsheim og Morten Jensen m\u00e5 f\u00e5 en del av \u00e6ren. Denne sesongen har over halve laget hatt lokal tilh\u00f8righet i kamp etter kamp.<\/p>\n<p>\u2013 Det er utrolig sentralt at vi har et trenerteam som t\u00f8r \u00e5 gi unge spillere muligheten, sier Schei.<\/p>\n<p>Mesterliga-triumfen gj\u00f8r ogs\u00e5 at Vikings juniorer f\u00e5r m\u00e5le krefter med de andre klubbenes juniorlag, gjennom en egen turnering. Det betyr mye, forteller utviklingslederen.<\/p>\n<p>\u2013 Det gj\u00f8r oss bedre og vil utfordre oss p\u00e5 en fantastisk m\u00e5te, sier han.<\/p>\n<p>Mats Ullereng er tidligere utviklingsleder i Vikings akademi. N\u00e5 jobber han i Norges Fotballforbund.<\/p>\n<p>Ullereng sier han er utrolig stolt over resultatene til de unge, lokale spillerne i Viking.<\/p>\n<p>\u2013 Jeg har f\u00e5tt v\u00e6re en liten del av reisen deres og vet hvor mye arbeid som ligger bak. At slike spillere er med og sender Viking inn i Champions League, er vel omtrent s\u00e5 sterkt bevis man kan f\u00e5 p\u00e5 at langsiktig spillerutvikling og en tydelig klubbstrategi gir gode resultater.<\/p>\n<h2>Kommentator: \u2013 Spillerne f\u00e5r vist seg frem<\/h2>\n<p>NRKs sportskommentator Jan Petter Saltvedt er enig med Simon Mesfin.<\/p>\n<p>Saltvedt mener norske spillere ikke har v\u00e6rt s\u00e5 attraktive p\u00e5 overgangsmarkedet p\u00e5 over 30 \u00e5r og peker p\u00e5 at mer penger allerede har kommet inn i det norske spillermarkedet.<\/p>\n<p>\u2013 Markedet er allerede inflasjonspreget og skal ogs\u00e5 v\u00e6re det. Det er et utslag av at spillerne f\u00e5r vist seg frem p\u00e5 en helt annen m\u00e5te p\u00e5 norske lag i den norske serien, og ogs\u00e5 av pengene som har kommet inn med europasuksessene de siste \u00e5rene, sier han.<\/p>\n<div id=\"1.17994223.b447eca3\" class=\"g100 col fc s10 sl12 sl18 sg6 sg9 image-reference image-reference--F169\"><!-- include: \/serum\/render?id=1.17994223&size=10&perspective=RICH&alignment=CENTER&caption=NRKs+sportskommentator%2C+Jan+Petter+Saltvedt.&type=image&aspect=F169&parentSize=10 --><!-- START: \/templates\/image\/image-rich.jsp --><\/p>\n<figure class=\"image widget rich\">\n<div class=\"responsive-img F169\"><img decoding=\"async\" sizes=\"(min-width:1180px) 639px, (min-width:720px) 56vw, 100vw\" srcset=\"https:\/\/gfx.nrk.no\/6IuRQB_5XDOEgJIW-YG7fgZfYOHoi5wk02_2oQEicnxw.jpg 80w, https:\/\/gfx.nrk.no\/6IuRQB_5XDOEgJIW-YG7fgMpJbjfBNE-42_2oQEicnxw.jpg 160w, https:\/\/gfx.nrk.no\/6IuRQB_5XDOEgJIW-YG7fgQv_elnyjvOY2_2oQEicnxw.jpg 350w, https:\/\/gfx.nrk.no\/6IuRQB_5XDOEgJIW-YG7fg1hp3Ys5E9UU2_2oQEicnxw.jpg 450w, https:\/\/gfx.nrk.no\/6IuRQB_5XDOEgJIW-YG7fgANCn8ZaO48k2_2oQEicnxw.jpg 650w, https:\/\/gfx.nrk.no\/6IuRQB_5XDOEgJIW-YG7fgvmQgV8wQ2Z82_2oQEicnxw.jpg 1000w, https:\/\/gfx.nrk.no\/6IuRQB_5XDOEgJIW-YG7fg2qhmqSzCnAg2_2oQEicnxw.jpg 1200w, https:\/\/gfx.nrk.no\/6IuRQB_5XDOEgJIW-YG7fgzJXZMOOTSMU2_2oQEicnxw.jpg 1600w, https:\/\/gfx.nrk.no\/6IuRQB_5XDOEgJIW-YG7fgrfp0PjlTV9s2_2oQEicnxw.jpg 2000w\" src=\"data:image\/gif;base64,R0lGODlhAQABAIAAAAAAAP\/\/\/yH5BAEAAAAALAAAAAABAAEAAAIBRAA7\" loading=\"eager\" alt=\"Jan Petter Saltvedt\" title=\"Foto: Lars Thomas Nordby \/ NRK\"\/><\/div><figcaption>\n<p class=\"\">NRKs sportskommentator, Jan Petter Saltvedt.<\/p>\n<p><small>Foto: Lars Thomas Nordby \/ NRK<\/small><br \/>\n<\/figcaption><\/figure>\n<p><!-- END: \/templates\/image\/image-rich.jsp -->\n<\/div>\n<p>Han mener klubbene som har representert Norge i Europa de siste \u00e5rene, som Bod\u00f8\/Glimt, Brann og Molde har akseptert at de m\u00e5 betale litt mer hvis de henter spillere fra andre norske klubber.<\/p>\n<p>\u2013 Det er en m\u00e5te \u00e5 s\u00f8rge for et system i dette, i stedet for at \u00e9n eller f\u00e5 klubber skal dra nytte av dette.<\/p>\n<p><strong>Toppfotballbarometeret 2026 fra Deloitte viser at inntektene fra spillersalg er store, med en samlet inntekt for Eliteserien p\u00e5 over \u00e9n milliard kroner i 2025.<\/strong><\/p>\n<p>I 2021 solgte klubbene til sammenligning spillere for 258 millioner kroner.<\/p>\n<div id=\"1.17465510.b5b64fbd\" class=\"g100 col fc s10 sl12 sl18 sg6 sg9 image-reference image-reference--F169\"><!-- include: \/serum\/render?id=1.17465510&size=10&perspective=RICH&alignment=CENTER&caption=Sverre+Nypans+overgang+fra+Rosenborg+til+Manchester+City+i+2025+pekes+p%C3%A5+som+den+st%C3%B8rste+i+Toppfotballbarometeret+fra+Deloitte.&type=image&aspect=F169&parentSize=10 --><!-- START: \/templates\/image\/image-rich.jsp --><\/p>\n<figure class=\"image widget rich\">\n<div class=\"responsive-img F169\"><img decoding=\"async\" sizes=\"(min-width:1180px) 639px, (min-width:720px) 56vw, 100vw\" srcset=\"https:\/\/gfx.nrk.no\/E95sB1LfxIU5SJnjWnE-zQKweoXn4ZJEpBk1OTSDepiA.jpg 80w, https:\/\/gfx.nrk.no\/E95sB1LfxIU5SJnjWnE-zQkmhjaAbwug9Bk1OTSDepiA.jpg 160w, https:\/\/gfx.nrk.no\/E95sB1LfxIU5SJnjWnE-zQE24D2IClhBhBk1OTSDepiA.jpg 350w, https:\/\/gfx.nrk.no\/E95sB1LfxIU5SJnjWnE-zQaKuOLSMzlplBk1OTSDepiA.jpg 450w, https:\/\/gfx.nrk.no\/E95sB1LfxIU5SJnjWnE-zQaYnUkO-wEr9Bk1OTSDepiA.jpg 650w, https:\/\/gfx.nrk.no\/E95sB1LfxIU5SJnjWnE-zQ72ZRHmz_jEtBk1OTSDepiA.jpg 1000w, https:\/\/gfx.nrk.no\/E95sB1LfxIU5SJnjWnE-zQMFz-uxWXZo5Bk1OTSDepiA.jpg 1200w, https:\/\/gfx.nrk.no\/E95sB1LfxIU5SJnjWnE-zQGqtp8lhLNXJBk1OTSDepiA.jpg 1600w, https:\/\/gfx.nrk.no\/E95sB1LfxIU5SJnjWnE-zQl2tdh_RDK2VBk1OTSDepiA.jpg 2000w\" src=\"data:image\/gif;base64,R0lGODlhAQABAIAAAAAAAP\/\/\/yH5BAEAAAAALAAAAAABAAEAAAIBRAA7\" loading=\"eager\" alt=\"Sverre Nypan\" title=\"Foto: Marius Simensen \/ Bildbyr\u00e5n\"\/><\/div><figcaption>\n<p class=\"\">Sverre Nypans overgang fra Rosenborg til Manchester City i 2025 pekes p\u00e5 som den st\u00f8rste i Toppfotballbarometeret fra Deloitte.<\/p>\n<p><small>Foto: Marius Simensen \/ Bildbyr\u00e5n<\/small><br \/>\n<\/figcaption><\/figure>\n<p><!-- END: \/templates\/image\/image-rich.jsp -->\n<\/div>\n<p>Kong Haralds bortgang vil prege s\u00f8ndagens kamper i toppfotballen.<\/p>\n<p>Samtlige kamper som l\u00f8rdag skulle g\u00e5tt p\u00e5 de \u00f8verste niv\u00e5ene, ble flyttet til s\u00f8ndag som f\u00f8lge av kong Haralds d\u00f8d.<\/p>\n<p>Det legges opp til en felles markering i Eliteserien og 1. divisjon for menn. Begge har \u00e5tte kamper p\u00e5 programmet.<\/p>\n<p>Norsk Toppfotball opplyser at klubbene sterkt \u00f8nsker \u00ab\u00e5 m\u00f8te situasjonen med verdighet og respekt\u00bb.<\/p>\n<p><!-- \/\/ Reference Autonomous --><\/p>\n<p><!-- include: \/serum\/render?id=1.16930046&size=18&perspective=RICH&alignment=AUTO --><!-- START: \/templates\/section\/section.jsp --><\/p>\n<p><!-- END: \/templates\/section\/section.jsp -->\n<\/div>\n<p>\n<span class=\"article-publish-date publish-date publish-date-with-update-date\"><br \/>\n<span class=\"article-dateline-annotation\">Publisert<\/span><br \/>\n<time class=\"datetime-absolute datePublished\" datetime=\"2026-08-30T13:29:00+02:00\"><br \/>\n30.08.2026, kl. 13.29<br \/>\n<\/time><br \/>\n<\/span><br \/>\n<span class=\"article-update-date update-date\"><span class=\"article-dateline-annotation\">Oppdatert<\/span><br \/>\n<time class=\"datetime-relative dateModified\" datetime=\"2026-08-30T13:47:03+02:00\"><br \/>\n30.08.2026, kl. 13.47<br \/>\n<\/time><\/span>\n<\/p>\n<p><br \/>\n<br \/><a href=\"https:\/\/www.nrk.no\/rogaland\/viking-og-bodo_glimt-skrev-historie-_-ekspert-spar-gullalder-for-norsk-fotball-1.18003203\">Kildelink <\/a><\/p>","protected":false},"excerpt":{"rendered":"<p>Onsdag kveld skrev Viking historie da de slo Dinamo Zagreb 5\u20133 sammenlagt og tok seg inn i gruppespillet i verdens gjeveste klubbturnering, Mesterligaen. Dagen i forveien hadde Bod\u00f8\/Glimt sl\u00e5tt NEC Nijmegen hele 6\u20131 sammenlagt, slik at to norske lag skal spille i turneringen for f\u00f8rste gang p\u00e5 27 \u00e5r. N\u00e5 tror en ringrev at pengene [&hellip;]<\/p>","protected":false},"author":1,"featured_media":19201,"comment_status":"","ping_status":"","sticky":false,"template":"","format":"standard","meta":{"footnotes":""},"categories":[108],"tags":[],"tmauthors":[],"class_list":["post-19800","post","type-post","status-publish","format-standard","has-post-thumbnail","category-lokalnyheter"],"_links":{"self":[{"href":"https:\/\/radiostavanger.no\/index.php?rest_route=\/wp\/v2\/posts\/19800","targetHints":{"allow":["GET"]}}],"collection":[{"href":"https:\/\/radiostavanger.no\/index.php?rest_route=\/wp\/v2\/posts"}],"about":[{"href":"https:\/\/radiostavanger.no\/index.php?rest_route=\/wp\/v2\/types\/post"}],"author":[{"embeddable":true,"href":"https:\/\/radiostavanger.no\/index.php?rest_route=\/wp\/v2\/users\/1"}],"replies":[{"embeddable":true,"href":"https:\/\/radiostavanger.no\/index.php?rest_route=%2Fwp%2Fv2%2Fcomments&post=19800"}],"version-history":[{"count":0,"href":"https:\/\/radiostavanger.no\/index.php?rest_route=\/wp\/v2\/posts\/19800\/revisions"}],"wp:featuredmedia":[{"embeddable":true,"href":"https:\/\/radiostavanger.no\/index.php?rest_route=\/wp\/v2\/media\/19201"}],"wp:attachment":[{"href":"https:\/\/radiostavanger.no\/index.php?rest_route=%2Fwp%2Fv2%2Fmedia&parent=19800"}],"wp:term":[{"taxonomy":"category","embeddable":true,"href":"https:\/\/radiostavanger.no\/index.php?rest_route=%2Fwp%2Fv2%2Fcategories&post=19800"},{"taxonomy":"post_tag","embeddable":true,"href":"https:\/\/radiostavanger.no\/index.php?rest_route=%2Fwp%2Fv2%2Ftags&post=19800"},{"taxonomy":"tmauthors","embeddable":true,"href":"https:\/\/radiostavanger.no\/index.php?rest_route=%2Fwp%2Fv2%2Ftmauthors&post=19800"}],"curies":[{"name":"wp","href":"https:\/\/api.w.org\/{rel}","templated":true}]}}