{"id":19809,"date":"2026-08-30T14:47:24","date_gmt":"2026-08-30T14:47:24","guid":{"rendered":"https:\/\/radiostavanger.no\/?p=19809"},"modified":"2026-08-30T14:47:24","modified_gmt":"2026-08-30T14:47:24","slug":"sju-dode-i-fergeforlis-utenfor-nord-kypros-radio-stavanger","status":"publish","type":"post","link":"https:\/\/radiostavanger.no\/?p=19809","title":{"rendered":"Sju d\u00f8de i fergeforlis utenfor Nord-Kypros \u2013 Radio Stavanger"},"content":{"rendered":"<p><br \/>\n<\/p>\n<div id=\"mvp-content-main\">\n<p class=\"radioh-ingress\"><strong>Fergen med 267 personer om bord som kantret utenfor Nord-Kypros, har n\u00e5 sunket, melder AFP. Sju er bekreftet omkommet, if\u00f8lge CNN Turk.<\/strong>\n<\/p>\n<p><strong>Utenriks<\/strong>: Fergen som kantret, er n\u00e5 \u00abfullstendig sunket til 514 meters dyp\u00bb, opplyser en tyrkisk-kypriotisk embetsmann overfor nyhetsbyr\u00e5et AFP.\n<\/p>\n<p>Redningsmannskapene har fors\u00f8kt \u00e5 n\u00e5 23 personer som fortsatt befant seg om bord, meldte den nordkypriotiske regjeringen overfor TV-kanalen CNN Turk i 15-tiden s\u00f8ndag.\n<\/p>\n<p>Det er forel\u00f8pig ikke kjent hvorvidt de lyktes med \u00e5 redde dem ut.\n<\/p>\n<h2>Kantret like etter avgang<\/h2>\n<p>\nSju personer er bekreftet omkommet i fergeforliset.<\/p>\n<p>If\u00f8lge Cyprus Mail kantret fergen rundt to kilometer utenfor byen Kyrenia kort tid etter avgang. Den var i rute mot den tyrkiske havnebyen Tasucu.\n<\/p>\n<p>259 av de 267 personene om bord var passasjerer, og \u00e5tte var mannskap. Ordf\u00f8rer Murat Senkul i Kyrenia beskriver situasjonen som \u00abalvorlig\u00bb.\n<\/p>\n<p>\u2013 161 av de 276 personene om bord blir n\u00e5 tatt h\u00e5nd om p\u00e5 sykehus, og 76 er hjemme hos familiene sine, sier samferdselsminister Erhan Arikli i den selvutnevnte tyrkisk-kypriotiske regjeringen til den lokale TV-kanalen TRT.\n<\/p>\n<h2>Redningshelikopter bist\u00e5r<\/h2>\n<p>\nFergen tilh\u00f8rte if\u00f8lge Senkul fergeselskapet Filo Denizcilik. Kystvaktb\u00e5tene f\u00e5r bistand fra et redningshelikopter.\n<\/p>\n<p>Kypros har v\u00e6rt delt siden 1974, da Tyrkia okkuperte den nordlige tredelen av \u00f8ya. Den har siden best\u00e5tt av den selvutnevnte tyrkiske republikken Nord-Kypros p\u00e5 den nordlige delen av \u00f8ya og Republikken Kypros i s\u00f8r.<\/p>\n<p>Republikken Kypros er internasjonalt anerkjent og ble medlem av EU i 2004. Nord-Kypros er bare anerkjent av Tyrkia.\n<\/p>\n<p>(\u00a9NTB)\n<\/p>\n<\/p><\/div>\n<p><script async defer crossorigin=\"anonymous\" data-lazy=\"w3tc\" data-src=\"https:\/\/connect.facebook.net\/nb_NO\/sdk.js#xfbml=1&#038;version=v18.0\"><\/script><br \/>\n<br \/><br \/>\n<br \/><a href=\"https:\/\/radioh.no\/sju-dode-i-fergeforlis-utenfor-nord-kypros\/\">Kilde <\/a><\/p>","protected":false},"excerpt":{"rendered":"<p>Fergen med 267 personer om bord som kantret utenfor Nord-Kypros, har n\u00e5 sunket, melder AFP. Sju er bekreftet omkommet, if\u00f8lge CNN Turk. Utenriks: Fergen som kantret, er n\u00e5 \u00abfullstendig sunket til 514 meters dyp\u00bb, opplyser en tyrkisk-kypriotisk embetsmann overfor nyhetsbyr\u00e5et AFP. Redningsmannskapene har fors\u00f8kt \u00e5 n\u00e5 23 personer som fortsatt befant seg om bord, meldte [&hellip;]<\/p>","protected":false},"author":1,"featured_media":19810,"comment_status":"","ping_status":"","sticky":false,"template":"","format":"standard","meta":{"footnotes":""},"categories":[107],"tags":[],"tmauthors":[],"class_list":["post-19809","post","type-post","status-publish","format-standard","has-post-thumbnail","category-nyheter"],"_links":{"self":[{"href":"https:\/\/radiostavanger.no\/index.php?rest_route=\/wp\/v2\/posts\/19809","targetHints":{"allow":["GET"]}}],"collection":[{"href":"https:\/\/radiostavanger.no\/index.php?rest_route=\/wp\/v2\/posts"}],"about":[{"href":"https:\/\/radiostavanger.no\/index.php?rest_route=\/wp\/v2\/types\/post"}],"author":[{"embeddable":true,"href":"https:\/\/radiostavanger.no\/index.php?rest_route=\/wp\/v2\/users\/1"}],"replies":[{"embeddable":true,"href":"https:\/\/radiostavanger.no\/index.php?rest_route=%2Fwp%2Fv2%2Fcomments&post=19809"}],"version-history":[{"count":0,"href":"https:\/\/radiostavanger.no\/index.php?rest_route=\/wp\/v2\/posts\/19809\/revisions"}],"wp:featuredmedia":[{"embeddable":true,"href":"https:\/\/radiostavanger.no\/index.php?rest_route=\/wp\/v2\/media\/19810"}],"wp:attachment":[{"href":"https:\/\/radiostavanger.no\/index.php?rest_route=%2Fwp%2Fv2%2Fmedia&parent=19809"}],"wp:term":[{"taxonomy":"category","embeddable":true,"href":"https:\/\/radiostavanger.no\/index.php?rest_route=%2Fwp%2Fv2%2Fcategories&post=19809"},{"taxonomy":"post_tag","embeddable":true,"href":"https:\/\/radiostavanger.no\/index.php?rest_route=%2Fwp%2Fv2%2Ftags&post=19809"},{"taxonomy":"tmauthors","embeddable":true,"href":"https:\/\/radiostavanger.no\/index.php?rest_route=%2Fwp%2Fv2%2Ftmauthors&post=19809"}],"curies":[{"name":"wp","href":"https:\/\/api.w.org\/{rel}","templated":true}]}}