{"id":19813,"date":"2026-08-30T15:24:57","date_gmt":"2026-08-30T15:24:57","guid":{"rendered":"https:\/\/radiostavanger.no\/?p=19813"},"modified":"2026-08-30T15:24:57","modified_gmt":"2026-08-30T15:24:57","slug":"bil-inn-i-autovern-i-karmoy-radio-stavanger","status":"publish","type":"post","link":"https:\/\/radiostavanger.no\/?p=19813","title":{"rendered":"Bil inn i autovern i Karm\u00f8y \u2013 Radio Stavanger"},"content":{"rendered":"<p><br \/>\n<\/p>\n<div id=\"mvp-content-main\">\n<p class=\"radioh-ingress\"><strong>Politiet er p\u00e5 Havnegata i Karm\u00f8y etter at en bil kj\u00f8rte inn i autovern. Bilen er trolig ikke kj\u00f8rbar, og f\u00f8reren skal tilses av helsepersonell.<\/strong><\/p>\n<p><b>Trafikk:<\/b> Politiet rykket ut til Havnegata i Karm\u00f8y etter melding om en trafikkulykke med \u00e9n bil.<\/p>\n<h4>Bilen sto igjen skadet<\/h4>\n<p>\nDet er snakk om mindre materielle skader, men bilen fremst\u00e5r ikke kj\u00f8rbar etter sammenst\u00f8tet med autovernet.<\/p>\n<h4>F\u00f8rer blir tilsett<\/h4>\n<p>\nPatruljen er i kontakt med bilf\u00f8reren, som skal vurderes av helsepersonell. Politiet har forel\u00f8pig ikke opplyst om \u00e5rsaken til ulykken.<\/p>\n<\/p><\/div>\n<p><script async defer crossorigin=\"anonymous\" data-lazy=\"w3tc\" data-src=\"https:\/\/connect.facebook.net\/nb_NO\/sdk.js#xfbml=1&#038;version=v18.0\"><\/script><br \/>\n<br \/><br \/>\n<br \/><a href=\"https:\/\/radioh.no\/bil-inn-i-autovern-i-karmoy\/\">Kilde <\/a><\/p>","protected":false},"excerpt":{"rendered":"<p>Politiet er p\u00e5 Havnegata i Karm\u00f8y etter at en bil kj\u00f8rte inn i autovern. Bilen er trolig ikke kj\u00f8rbar, og f\u00f8reren skal tilses av helsepersonell. Trafikk: Politiet rykket ut til Havnegata i Karm\u00f8y etter melding om en trafikkulykke med \u00e9n bil. Bilen sto igjen skadet Det er snakk om mindre materielle skader, men bilen fremst\u00e5r [&hellip;]<\/p>","protected":false},"author":1,"featured_media":2453,"comment_status":"","ping_status":"","sticky":false,"template":"","format":"standard","meta":{"footnotes":""},"categories":[107],"tags":[],"tmauthors":[],"class_list":["post-19813","post","type-post","status-publish","format-standard","has-post-thumbnail","category-nyheter"],"_links":{"self":[{"href":"https:\/\/radiostavanger.no\/index.php?rest_route=\/wp\/v2\/posts\/19813","targetHints":{"allow":["GET"]}}],"collection":[{"href":"https:\/\/radiostavanger.no\/index.php?rest_route=\/wp\/v2\/posts"}],"about":[{"href":"https:\/\/radiostavanger.no\/index.php?rest_route=\/wp\/v2\/types\/post"}],"author":[{"embeddable":true,"href":"https:\/\/radiostavanger.no\/index.php?rest_route=\/wp\/v2\/users\/1"}],"replies":[{"embeddable":true,"href":"https:\/\/radiostavanger.no\/index.php?rest_route=%2Fwp%2Fv2%2Fcomments&post=19813"}],"version-history":[{"count":0,"href":"https:\/\/radiostavanger.no\/index.php?rest_route=\/wp\/v2\/posts\/19813\/revisions"}],"wp:featuredmedia":[{"embeddable":true,"href":"https:\/\/radiostavanger.no\/index.php?rest_route=\/wp\/v2\/media\/2453"}],"wp:attachment":[{"href":"https:\/\/radiostavanger.no\/index.php?rest_route=%2Fwp%2Fv2%2Fmedia&parent=19813"}],"wp:term":[{"taxonomy":"category","embeddable":true,"href":"https:\/\/radiostavanger.no\/index.php?rest_route=%2Fwp%2Fv2%2Fcategories&post=19813"},{"taxonomy":"post_tag","embeddable":true,"href":"https:\/\/radiostavanger.no\/index.php?rest_route=%2Fwp%2Fv2%2Ftags&post=19813"},{"taxonomy":"tmauthors","embeddable":true,"href":"https:\/\/radiostavanger.no\/index.php?rest_route=%2Fwp%2Fv2%2Ftmauthors&post=19813"}],"curies":[{"name":"wp","href":"https:\/\/api.w.org\/{rel}","templated":true}]}}