{"id":19824,"date":"2026-08-30T15:55:05","date_gmt":"2026-08-30T15:55:05","guid":{"rendered":"https:\/\/radiostavanger.no\/?p=19824"},"modified":"2026-08-30T15:55:05","modified_gmt":"2026-08-30T15:55:05","slug":"vendereis-for-kongeskipet-radio-stavanger","status":"publish","type":"post","link":"https:\/\/radiostavanger.no\/?p=19824","title":{"rendered":"Vendereis for Kongeskipet \u2013 Radio Stavanger"},"content":{"rendered":"<p><br \/>\n<\/p>\n<div id=\"mvp-content-main\">\n<p class=\"radioh-ingress\"><strong>I stedet for \u00e5 gjennomf\u00f8re den planlagte reisen til Tr\u00f8ndelag er kongeskipet Norge s\u00f8ndag p\u00e5 vei inn Oslofjorden. Snart venter en ny oppgave.<\/strong>\n<\/p>\n<p><strong>Innenriks<\/strong>: Kong Harald og dronning Sonja skulle egentlig ha seilt med skipet til Tr\u00f8ndelag denne uka. S\u00f8ndag ettermiddag melder flere medier at skipet har passert Dr\u00f8bak.\n<\/p>\n<p>Den 17. august ble kong Harald innlagt p\u00e5 Rikshospitalet. Tidligere samme dag ble det kunngjort at kongeparet skulle reise til Siljan og Nissedal i Telemark i oktober. Tidligere i sommer ble ogs\u00e5 et Tr\u00f8ndelag-bes\u00f8k til Rindal og H\u00f8ylandet i begynnelsen av september kunngjort.\n<\/p>\n<p>Med disse to turene unnagjort, kunne kongeparet ha krysset av for alle landets kommuner som offisielt bes\u00f8kt. Men etter kongens bortgang ble bes\u00f8kene og alt offisielt program naturligvis avlyst.\n<\/p>\n<p>N\u00e5 f\u00e5r kongeskipet en ny oppgave. Etter gravferdsseremonien for kong Harald i Slottskirken \u2013 hvor datoen enn\u00e5 ikke er fastsatt \u2013 skal det skytes dobbel kongesalutt fra Akershus slott.<\/p>\n<p>Deretter skal kongeskipet Norge gi fl\u00f8ytesignalet \u00abpip over\u00bb, som til vanlig betyr at kongen har forlatt skipet. N\u00e5 gis det for \u00e5 markere at v\u00e5r gamle konge har forlatt oss.\n<\/p>\n<p>(\u00a9NTB)\n<\/p>\n<\/p><\/div>\n<p><script async defer crossorigin=\"anonymous\" data-lazy=\"w3tc\" data-src=\"https:\/\/connect.facebook.net\/nb_NO\/sdk.js#xfbml=1&#038;version=v18.0\"><\/script><br \/>\n<br \/><br \/>\n<br \/><a href=\"https:\/\/radioh.no\/vendereis-for-kongeskipet\/\">Kilde <\/a><\/p>","protected":false},"excerpt":{"rendered":"<p>I stedet for \u00e5 gjennomf\u00f8re den planlagte reisen til Tr\u00f8ndelag er kongeskipet Norge s\u00f8ndag p\u00e5 vei inn Oslofjorden. Snart venter en ny oppgave. Innenriks: Kong Harald og dronning Sonja skulle egentlig ha seilt med skipet til Tr\u00f8ndelag denne uka. S\u00f8ndag ettermiddag melder flere medier at skipet har passert Dr\u00f8bak. Den 17. august ble kong Harald [&hellip;]<\/p>","protected":false},"author":1,"featured_media":19825,"comment_status":"","ping_status":"","sticky":false,"template":"","format":"standard","meta":{"footnotes":""},"categories":[107],"tags":[],"tmauthors":[],"class_list":["post-19824","post","type-post","status-publish","format-standard","has-post-thumbnail","category-nyheter"],"_links":{"self":[{"href":"https:\/\/radiostavanger.no\/index.php?rest_route=\/wp\/v2\/posts\/19824","targetHints":{"allow":["GET"]}}],"collection":[{"href":"https:\/\/radiostavanger.no\/index.php?rest_route=\/wp\/v2\/posts"}],"about":[{"href":"https:\/\/radiostavanger.no\/index.php?rest_route=\/wp\/v2\/types\/post"}],"author":[{"embeddable":true,"href":"https:\/\/radiostavanger.no\/index.php?rest_route=\/wp\/v2\/users\/1"}],"replies":[{"embeddable":true,"href":"https:\/\/radiostavanger.no\/index.php?rest_route=%2Fwp%2Fv2%2Fcomments&post=19824"}],"version-history":[{"count":0,"href":"https:\/\/radiostavanger.no\/index.php?rest_route=\/wp\/v2\/posts\/19824\/revisions"}],"wp:featuredmedia":[{"embeddable":true,"href":"https:\/\/radiostavanger.no\/index.php?rest_route=\/wp\/v2\/media\/19825"}],"wp:attachment":[{"href":"https:\/\/radiostavanger.no\/index.php?rest_route=%2Fwp%2Fv2%2Fmedia&parent=19824"}],"wp:term":[{"taxonomy":"category","embeddable":true,"href":"https:\/\/radiostavanger.no\/index.php?rest_route=%2Fwp%2Fv2%2Fcategories&post=19824"},{"taxonomy":"post_tag","embeddable":true,"href":"https:\/\/radiostavanger.no\/index.php?rest_route=%2Fwp%2Fv2%2Ftags&post=19824"},{"taxonomy":"tmauthors","embeddable":true,"href":"https:\/\/radiostavanger.no\/index.php?rest_route=%2Fwp%2Fv2%2Ftmauthors&post=19824"}],"curies":[{"name":"wp","href":"https:\/\/api.w.org\/{rel}","templated":true}]}}