{"id":19828,"date":"2026-08-30T16:02:06","date_gmt":"2026-08-30T16:02:06","guid":{"rendered":"https:\/\/radiostavanger.no\/?p=19828"},"modified":"2026-08-30T16:02:06","modified_gmt":"2026-08-30T16:02:06","slug":"spansk-veteran-holdt-ord-festet-grepet-om-vueltaen-i-fjellthriller-radio-stavanger","status":"publish","type":"post","link":"https:\/\/radiostavanger.no\/?p=19828","title":{"rendered":"Spansk veteran holdt ord \u2013 festet grepet om Vueltaen i fjellthriller \u2013 Radio Stavanger"},"content":{"rendered":"<p><br \/>\n<\/p>\n<div id=\"mvp-content-main\">\n<p class=\"radioh-ingress\"><strong>Hjemmeh\u00e5pet Enric Mas fikk den r\u00f8de ledetr\u00f8ya i Vuelta a Espana servert da Tadej Pogacar m\u00e5tte bryte l\u00f8rdag. Dagen derp\u00e5 strammet han grepet om sammendraget.<\/strong>\n<\/p>\n<p><strong>Sport<\/strong>: Den gedigne Vuelta-favoritten Pogacar m\u00e5tte gi seg l\u00f8rdag etter \u00e5 ha f\u00e5tt et brutalt m\u00f8te med den spanske asfalten. Sloveneren p\u00e5dro seg brudd i kragebeinet i smellen.\n<\/p>\n<p>Med Pogacar ute er seierskampen i Vueltaen plutselig vid\u00e5pen. 31 \u00e5r gamle Enric Mas overtok den r\u00f8de ledetr\u00f8ya, men var i etterkant klar p\u00e5 at han ikke syntes han fortjente den.\n<\/p>\n<p>P\u00e5 s\u00f8ndagens etappe, som ble en kamp mellom de heteste kandidatene til \u00e5 vinne sammenlagt, beviste Mas at han kanskje m\u00e5 tenke nytt om det utsagnet.\n<\/p>\n<p>\u2013 Han sa at vi f\u00e5r se p\u00e5 morgendagens etappe om jeg gj\u00f8r meg fortjent til den r\u00f8de tr\u00f8ya. Og det gj\u00f8r han s\u00e5 til de grader, sa Eurosport-ekspert Carl Fredrik Hagen.<\/p>\n<p>Veteranen, som sykler for Movistar, la samtlige konkurrenter bak seg p\u00e5 de 187,4 kilometerne fra Villajoyosa til Alto de Aitana og vant like godt etappen.\n<\/p>\n<p>Briten Oskar Onley fulgte n\u00e6rmest og fikk samme tid. De \u00f8vrige sammenlagtkanonene tapte imidlertid alle tid til Mas.\n<\/p>\n<p>Etappeseieren var veteranens f\u00f8rste i Vueltaen p\u00e5 hele \u00e5tte \u00e5r.\n<\/p>\n<p>\u2013 Han er tilbake, for et \u00f8yeblikk, sa Eurosport-kommentator Theis Magelssen.\n<\/p>\n<p>Ingen av Uno-X-rytterne fikk med utfallet av etappen \u00e5 gj\u00f8re.<\/p>\n<p>Enric Mas har blitt nummer to sammenlagt i Vueltaen hele tre ganger. N\u00e5 kan den evige toer endelig bli vinneren. N\u00e6rmeste konkurrent i sammendraget, Primoz Roglic, er n\u00e5 ett minutt og 18 sekunder bak.\n<\/p>\n<p>(\u00a9NTB)\n<\/p>\n<\/p><\/div>\n<p><script async defer crossorigin=\"anonymous\" data-lazy=\"w3tc\" data-src=\"https:\/\/connect.facebook.net\/nb_NO\/sdk.js#xfbml=1&#038;version=v18.0\"><\/script><br \/>\n<br \/><br \/>\n<br \/><a href=\"https:\/\/radioh.no\/spansk-veteran-holdt-ord-festet-grepet-om-vueltaen-i-fjellthriller\/\">Kilde <\/a><\/p>","protected":false},"excerpt":{"rendered":"<p>Hjemmeh\u00e5pet Enric Mas fikk den r\u00f8de ledetr\u00f8ya i Vuelta a Espana servert da Tadej Pogacar m\u00e5tte bryte l\u00f8rdag. Dagen derp\u00e5 strammet han grepet om sammendraget. Sport: Den gedigne Vuelta-favoritten Pogacar m\u00e5tte gi seg l\u00f8rdag etter \u00e5 ha f\u00e5tt et brutalt m\u00f8te med den spanske asfalten. Sloveneren p\u00e5dro seg brudd i kragebeinet i smellen. Med Pogacar [&hellip;]<\/p>","protected":false},"author":1,"featured_media":19829,"comment_status":"","ping_status":"","sticky":false,"template":"","format":"standard","meta":{"footnotes":""},"categories":[107],"tags":[],"tmauthors":[],"class_list":["post-19828","post","type-post","status-publish","format-standard","has-post-thumbnail","category-nyheter"],"_links":{"self":[{"href":"https:\/\/radiostavanger.no\/index.php?rest_route=\/wp\/v2\/posts\/19828","targetHints":{"allow":["GET"]}}],"collection":[{"href":"https:\/\/radiostavanger.no\/index.php?rest_route=\/wp\/v2\/posts"}],"about":[{"href":"https:\/\/radiostavanger.no\/index.php?rest_route=\/wp\/v2\/types\/post"}],"author":[{"embeddable":true,"href":"https:\/\/radiostavanger.no\/index.php?rest_route=\/wp\/v2\/users\/1"}],"replies":[{"embeddable":true,"href":"https:\/\/radiostavanger.no\/index.php?rest_route=%2Fwp%2Fv2%2Fcomments&post=19828"}],"version-history":[{"count":0,"href":"https:\/\/radiostavanger.no\/index.php?rest_route=\/wp\/v2\/posts\/19828\/revisions"}],"wp:featuredmedia":[{"embeddable":true,"href":"https:\/\/radiostavanger.no\/index.php?rest_route=\/wp\/v2\/media\/19829"}],"wp:attachment":[{"href":"https:\/\/radiostavanger.no\/index.php?rest_route=%2Fwp%2Fv2%2Fmedia&parent=19828"}],"wp:term":[{"taxonomy":"category","embeddable":true,"href":"https:\/\/radiostavanger.no\/index.php?rest_route=%2Fwp%2Fv2%2Fcategories&post=19828"},{"taxonomy":"post_tag","embeddable":true,"href":"https:\/\/radiostavanger.no\/index.php?rest_route=%2Fwp%2Fv2%2Ftags&post=19828"},{"taxonomy":"tmauthors","embeddable":true,"href":"https:\/\/radiostavanger.no\/index.php?rest_route=%2Fwp%2Fv2%2Ftmauthors&post=19828"}],"curies":[{"name":"wp","href":"https:\/\/api.w.org\/{rel}","templated":true}]}}