{"id":19837,"date":"2026-08-30T17:01:00","date_gmt":"2026-08-30T17:01:00","guid":{"rendered":"https:\/\/radiostavanger.no\/?p=19837"},"modified":"2026-08-30T17:01:00","modified_gmt":"2026-08-30T17:01:00","slug":"kongeboligene-i-bergen-og-trondheim-apnes-radio-stavanger","status":"publish","type":"post","link":"https:\/\/radiostavanger.no\/?p=19837","title":{"rendered":"Kongeboligene i Bergen og Trondheim \u00e5pnes \u2013 Radio Stavanger"},"content":{"rendered":"<p><br \/>\n<\/p>\n<div id=\"mvp-content-main\">\n<p class=\"radioh-ingress\"><strong>Stiftsg\u00e5rden i Trondheim og Gamlehaugen i Bergen legger begge ut kondolanseprotokoller fra tirsdag.<\/strong><\/p>\n<p><strong>Innenriks<\/strong>: I forbindelse med hans majestet kong Haralds bortgang skal kongeboligene i Trondheim og Bergen \u00e5pnes for allmennheten.<\/p>\n<p>\u2013 Det blir lagt ut kondolanseprotokoller begge steder fra klokken 14 til 18 tirsdag 1. september. B\u00e5de Stiftsg\u00e5rden og Gamlehaugen vil holde \u00e5pent de p\u00e5f\u00f8lgende dagene fra klokken 10 til 18, heter det i en pressemelding fra Statsbygg.<\/p>\n<p>(\u00a9NTB)<\/p>\n<\/p><\/div>\n<p><script async defer crossorigin=\"anonymous\" data-lazy=\"w3tc\" data-src=\"https:\/\/connect.facebook.net\/nb_NO\/sdk.js#xfbml=1&#038;version=v18.0\"><\/script><br \/>\n<br \/><br \/>\n<br \/><a href=\"https:\/\/radioh.no\/kongeboligene-i-bergen-og-trondheim-apnes\/\">Kilde <\/a><\/p>","protected":false},"excerpt":{"rendered":"<p>Stiftsg\u00e5rden i Trondheim og Gamlehaugen i Bergen legger begge ut kondolanseprotokoller fra tirsdag. Innenriks: I forbindelse med hans majestet kong Haralds bortgang skal kongeboligene i Trondheim og Bergen \u00e5pnes for allmennheten. \u2013 Det blir lagt ut kondolanseprotokoller begge steder fra klokken 14 til 18 tirsdag 1. september. B\u00e5de Stiftsg\u00e5rden og Gamlehaugen vil holde \u00e5pent de [&hellip;]<\/p>","protected":false},"author":1,"featured_media":19838,"comment_status":"","ping_status":"","sticky":false,"template":"","format":"standard","meta":{"footnotes":""},"categories":[107],"tags":[],"tmauthors":[],"class_list":["post-19837","post","type-post","status-publish","format-standard","has-post-thumbnail","category-nyheter"],"_links":{"self":[{"href":"https:\/\/radiostavanger.no\/index.php?rest_route=\/wp\/v2\/posts\/19837","targetHints":{"allow":["GET"]}}],"collection":[{"href":"https:\/\/radiostavanger.no\/index.php?rest_route=\/wp\/v2\/posts"}],"about":[{"href":"https:\/\/radiostavanger.no\/index.php?rest_route=\/wp\/v2\/types\/post"}],"author":[{"embeddable":true,"href":"https:\/\/radiostavanger.no\/index.php?rest_route=\/wp\/v2\/users\/1"}],"replies":[{"embeddable":true,"href":"https:\/\/radiostavanger.no\/index.php?rest_route=%2Fwp%2Fv2%2Fcomments&post=19837"}],"version-history":[{"count":0,"href":"https:\/\/radiostavanger.no\/index.php?rest_route=\/wp\/v2\/posts\/19837\/revisions"}],"wp:featuredmedia":[{"embeddable":true,"href":"https:\/\/radiostavanger.no\/index.php?rest_route=\/wp\/v2\/media\/19838"}],"wp:attachment":[{"href":"https:\/\/radiostavanger.no\/index.php?rest_route=%2Fwp%2Fv2%2Fmedia&parent=19837"}],"wp:term":[{"taxonomy":"category","embeddable":true,"href":"https:\/\/radiostavanger.no\/index.php?rest_route=%2Fwp%2Fv2%2Fcategories&post=19837"},{"taxonomy":"post_tag","embeddable":true,"href":"https:\/\/radiostavanger.no\/index.php?rest_route=%2Fwp%2Fv2%2Ftags&post=19837"},{"taxonomy":"tmauthors","embeddable":true,"href":"https:\/\/radiostavanger.no\/index.php?rest_route=%2Fwp%2Fv2%2Ftmauthors&post=19837"}],"curies":[{"name":"wp","href":"https:\/\/api.w.org\/{rel}","templated":true}]}}