{"id":19871,"date":"2026-08-31T01:19:26","date_gmt":"2026-08-31T01:19:26","guid":{"rendered":"https:\/\/radiostavanger.no\/?p=19871"},"modified":"2026-08-31T01:19:26","modified_gmt":"2026-08-31T01:19:26","slug":"dolly-parton-gravlagt-i-nashville-radio-stavanger","status":"publish","type":"post","link":"https:\/\/radiostavanger.no\/?p=19871","title":{"rendered":"Dolly Parton gravlagt i Nashville \u2013 Radio Stavanger"},"content":{"rendered":"<p><br \/>\n<\/p>\n<div id=\"mvp-content-main\">\n<p class=\"radioh-ingress\"><strong>Dolly Parton ble fredag gravlagt i en liten og privat seremoni i Nashville, opplyser familien.<\/strong>\n<\/p>\n<p><strong>Utenriks<\/strong>: Countrystjernen ble gravlagt p\u00e5 Woodlawn Memorial Park and Mausoleum ved siden av ektemannen Carl Dean, skriver Page Six. Dean d\u00f8de i mars 2025, 82 \u00e5r gammel, etter 58 \u00e5rs ekteskap.\n<\/p>\n<p>Rundt et dusin familiemedlemmer og venner skal ha deltatt i seremonien.\n<\/p>\n<p>Partons grandniese Lainey Mae Parton fortalte om begravelsen i et innlegg p\u00e5 Instagram l\u00f8rdag.\n<\/p>\n<p>\u2013 Det er vanskelig for meg \u00e5 skrive dette innlegget. Jeg ville vente med \u00e5 sette ord p\u00e5 alt til etter at min \u00abbeste\u00bb ble stedt til hvile i g\u00e5r, skriver hun.<\/p>\n<p>Hun takker ogs\u00e5 Parton for st\u00f8tten og omsorgen hun viste familien.\n<\/p>\n<p>\u2013 Fordi hun ikke selv kunne f\u00e5 barn, fikk hun oss alltid til \u00e5 f\u00f8le at vi var hennes egne. Hun elsket oss p\u00e5 den m\u00e5ten, og det vil jeg alltid v\u00e6re takknemlig for.\n<\/p>\n<p>Parton d\u00f8de tirsdag, 80 \u00e5r gammel, etter kort tids kreftsykdom.\n<\/p>\n<p>Familien hadde p\u00e5 forh\u00e5nd opplyst at begravelsen skulle v\u00e6re liten og privat, i tr\u00e5d med Partons eget \u00f8nske.\n<\/p>\n<p>I stedet for blomster har familien bedt om at det gis bidrag til Dolly Partons Imagination Library, som deler ut gratis b\u00f8ker til barn.<\/p>\n<p>(\u00a9NTB)\n<\/p>\n<\/p><\/div>\n<p><script async defer crossorigin=\"anonymous\" data-lazy=\"w3tc\" data-src=\"https:\/\/connect.facebook.net\/nb_NO\/sdk.js#xfbml=1&#038;version=v18.0\"><\/script><script async src=\"\/\/www.instagram.com\/embed.js\"><\/script><br \/>\n<br \/><br \/>\n<br \/><a href=\"https:\/\/radioh.no\/dolly-parton-gravlagt-i-nashville\/\">Kilde <\/a><\/p>","protected":false},"excerpt":{"rendered":"<p>Dolly Parton ble fredag gravlagt i en liten og privat seremoni i Nashville, opplyser familien. Utenriks: Countrystjernen ble gravlagt p\u00e5 Woodlawn Memorial Park and Mausoleum ved siden av ektemannen Carl Dean, skriver Page Six. Dean d\u00f8de i mars 2025, 82 \u00e5r gammel, etter 58 \u00e5rs ekteskap. Rundt et dusin familiemedlemmer og venner skal ha deltatt [&hellip;]<\/p>","protected":false},"author":1,"featured_media":19872,"comment_status":"","ping_status":"","sticky":false,"template":"","format":"standard","meta":{"footnotes":""},"categories":[107],"tags":[],"tmauthors":[],"class_list":["post-19871","post","type-post","status-publish","format-standard","has-post-thumbnail","category-nyheter"],"_links":{"self":[{"href":"https:\/\/radiostavanger.no\/index.php?rest_route=\/wp\/v2\/posts\/19871","targetHints":{"allow":["GET"]}}],"collection":[{"href":"https:\/\/radiostavanger.no\/index.php?rest_route=\/wp\/v2\/posts"}],"about":[{"href":"https:\/\/radiostavanger.no\/index.php?rest_route=\/wp\/v2\/types\/post"}],"author":[{"embeddable":true,"href":"https:\/\/radiostavanger.no\/index.php?rest_route=\/wp\/v2\/users\/1"}],"replies":[{"embeddable":true,"href":"https:\/\/radiostavanger.no\/index.php?rest_route=%2Fwp%2Fv2%2Fcomments&post=19871"}],"version-history":[{"count":0,"href":"https:\/\/radiostavanger.no\/index.php?rest_route=\/wp\/v2\/posts\/19871\/revisions"}],"wp:featuredmedia":[{"embeddable":true,"href":"https:\/\/radiostavanger.no\/index.php?rest_route=\/wp\/v2\/media\/19872"}],"wp:attachment":[{"href":"https:\/\/radiostavanger.no\/index.php?rest_route=%2Fwp%2Fv2%2Fmedia&parent=19871"}],"wp:term":[{"taxonomy":"category","embeddable":true,"href":"https:\/\/radiostavanger.no\/index.php?rest_route=%2Fwp%2Fv2%2Fcategories&post=19871"},{"taxonomy":"post_tag","embeddable":true,"href":"https:\/\/radiostavanger.no\/index.php?rest_route=%2Fwp%2Fv2%2Ftags&post=19871"},{"taxonomy":"tmauthors","embeddable":true,"href":"https:\/\/radiostavanger.no\/index.php?rest_route=%2Fwp%2Fv2%2Ftmauthors&post=19871"}],"curies":[{"name":"wp","href":"https:\/\/api.w.org\/{rel}","templated":true}]}}