{"id":19873,"date":"2026-08-31T01:31:26","date_gmt":"2026-08-31T01:31:26","guid":{"rendered":"https:\/\/radiostavanger.no\/?p=19873"},"modified":"2026-08-31T01:31:26","modified_gmt":"2026-08-31T01:31:26","slug":"to-nye-rederier-vil-seile-fra-kristiansand-radio-stavanger","status":"publish","type":"post","link":"https:\/\/radiostavanger.no\/?p=19873","title":{"rendered":"To nye rederier vil seile fra Kristiansand \u2013 Radio Stavanger"},"content":{"rendered":"<p><br \/>\n<\/p>\n<div id=\"mvp-content-main\">\n<p class=\"radioh-ingress\"><strong>To nye rederier \u00f8nsker \u00e5 etablere ferjeruter fra Kristiansand til kontinentet fra 2027-sesongen. Dermed kan fire rederier seile fra s\u00f8rlandsbyen neste \u00e5r.<\/strong>\n<\/p>\n<p><strong>Innenriks<\/strong>: Color Line og Fjord Line er allerede etablert i Kristiansand, men n\u00e5 \u00f8nsker to nye rederier \u00e5 etablere seg i byen, skriver F\u00e6drelandsvennen.\n<\/p>\n<p>\u2013 Dette er rederier vi har hatt kontakt med i flere \u00e5r, og begge har indikert at de vil i gang fra neste sesong, sier havnekaptein Karl Danielsen til F\u00e6drelandsvennen.\n<\/p>\n<p>Det er irskbaserte Hibernia Line og NedNorge som er de to nye akt\u00f8rene.\n<\/p>\n<p>NedNorge har tidligere varslet planer om en rute til IJmuiden utenfor Amsterdam tre dager i uken. N\u00e5 har ogs\u00e5 Irland-baserte Hibernia Line meldt sin interesse. Selskapet startet i sommer en ferjerute mellom Cork i Irland og Boulogne-sur-Mer i Frankrike.<\/p>\n<p>Fredag hadde Kristiansand havn m\u00f8te med alle fire rederier som \u00f8nsker \u00e5 seile fra byen fra 2027. Color Line og Fjord Line har i dag fortrinnsrett etter havne- og farvannsloven.\n<\/p>\n<p>En rapport konkluderer med at det er plass til to nye ferjer, forutsatt at de tilpasser seg de eksisterende akt\u00f8renes seilinger. Denne rapporten er n\u00e5 sendt p\u00e5 h\u00f8ring med frist 8. september.\n<\/p>\n<p>(\u00a9NTB)\n<\/p>\n<\/p><\/div>\n<p><script async defer crossorigin=\"anonymous\" data-lazy=\"w3tc\" data-src=\"https:\/\/connect.facebook.net\/nb_NO\/sdk.js#xfbml=1&#038;version=v18.0\"><\/script><br \/>\n<br \/><br \/>\n<br \/><a href=\"https:\/\/radioh.no\/to-nye-rederier-vil-seile-fra-kristiansand\/\">Kilde <\/a><\/p>","protected":false},"excerpt":{"rendered":"<p>To nye rederier \u00f8nsker \u00e5 etablere ferjeruter fra Kristiansand til kontinentet fra 2027-sesongen. Dermed kan fire rederier seile fra s\u00f8rlandsbyen neste \u00e5r. Innenriks: Color Line og Fjord Line er allerede etablert i Kristiansand, men n\u00e5 \u00f8nsker to nye rederier \u00e5 etablere seg i byen, skriver F\u00e6drelandsvennen. \u2013 Dette er rederier vi har hatt kontakt med [&hellip;]<\/p>","protected":false},"author":1,"featured_media":19874,"comment_status":"","ping_status":"","sticky":false,"template":"","format":"standard","meta":{"footnotes":""},"categories":[107],"tags":[],"tmauthors":[],"class_list":["post-19873","post","type-post","status-publish","format-standard","has-post-thumbnail","category-nyheter"],"_links":{"self":[{"href":"https:\/\/radiostavanger.no\/index.php?rest_route=\/wp\/v2\/posts\/19873","targetHints":{"allow":["GET"]}}],"collection":[{"href":"https:\/\/radiostavanger.no\/index.php?rest_route=\/wp\/v2\/posts"}],"about":[{"href":"https:\/\/radiostavanger.no\/index.php?rest_route=\/wp\/v2\/types\/post"}],"author":[{"embeddable":true,"href":"https:\/\/radiostavanger.no\/index.php?rest_route=\/wp\/v2\/users\/1"}],"replies":[{"embeddable":true,"href":"https:\/\/radiostavanger.no\/index.php?rest_route=%2Fwp%2Fv2%2Fcomments&post=19873"}],"version-history":[{"count":0,"href":"https:\/\/radiostavanger.no\/index.php?rest_route=\/wp\/v2\/posts\/19873\/revisions"}],"wp:featuredmedia":[{"embeddable":true,"href":"https:\/\/radiostavanger.no\/index.php?rest_route=\/wp\/v2\/media\/19874"}],"wp:attachment":[{"href":"https:\/\/radiostavanger.no\/index.php?rest_route=%2Fwp%2Fv2%2Fmedia&parent=19873"}],"wp:term":[{"taxonomy":"category","embeddable":true,"href":"https:\/\/radiostavanger.no\/index.php?rest_route=%2Fwp%2Fv2%2Fcategories&post=19873"},{"taxonomy":"post_tag","embeddable":true,"href":"https:\/\/radiostavanger.no\/index.php?rest_route=%2Fwp%2Fv2%2Ftags&post=19873"},{"taxonomy":"tmauthors","embeddable":true,"href":"https:\/\/radiostavanger.no\/index.php?rest_route=%2Fwp%2Fv2%2Ftmauthors&post=19873"}],"curies":[{"name":"wp","href":"https:\/\/api.w.org\/{rel}","templated":true}]}}