{"id":19878,"date":"2026-08-31T02:14:57","date_gmt":"2026-08-31T02:14:57","guid":{"rendered":"https:\/\/radiostavanger.no\/?p=19878"},"modified":"2026-08-31T02:14:57","modified_gmt":"2026-08-31T02:14:57","slug":"mdg-profil-i-oslo-trekker-seg-fra-kampen-om-forsteplassen-radio-stavanger","status":"publish","type":"post","link":"https:\/\/radiostavanger.no\/?p=19878","title":{"rendered":"MDG-profil i Oslo trekker seg fra kampen om f\u00f8rsteplassen \u2013 Radio Stavanger"},"content":{"rendered":"<p><br \/>\n<\/p>\n<div id=\"mvp-content-main\">\n<p class=\"radioh-ingress\"><strong>Sigrid Z. Heiberg trekker seg som kandidat til f\u00f8rsteplassen p\u00e5 Oslo MDGs liste til lokalvalget neste \u00e5r. Det skjer etter at tidligere ansatte har varslet om et uakseptabelt arbeidsmilj\u00f8.<\/strong>\n<\/p>\n<p><strong>Innenriks<\/strong>: Minst tre tidligere ansatte anklager den profilerte politikeren for \u00e5 ha skapt et uakseptabelt arbeidsmilj\u00f8 i perioden da hun var fylkesleder i MDG, skriver Avisa Oslo.\n<\/p>\n<p>Heiberg sier at hun ble kjent med varslene fredag, og at hun aldri tidligere har blitt informert om varsler mot henne.\n<\/p>\n<p>\u2013 Dessverre kan jeg ikke endre forhold tilbake i tid, men jeg tar kritikken til meg og tar konsekvensen av det ved \u00e5 trekke mitt kandidatur til f\u00f8rsteplassen, sier Heiberg.\n<\/p>\n<p>Heiberg sier hun fortsatt er \u00e5pen for andre plasser p\u00e5 listen der hun er innstilt p\u00e5 13. plass.<\/p>\n<p>En enstemmig valgkomit\u00e9 har innstilte leder i Oslo MDG, Margit Martinsen Bye (24), p\u00e5 topp, men b\u00e5de Eivind Tr\u00e6dal og Heiberg varslet at de ville utfordre Bye. N\u00e5 har Heiberg trukket seg.\n<\/p>\n<p>Nominasjonsm\u00f8tet i Oslo MDG avholdes tirsdag 3. september.\n<\/p>\n<p>(\u00a9NTB)\n<\/p>\n<\/p><\/div>\n<p><script async defer crossorigin=\"anonymous\" data-lazy=\"w3tc\" data-src=\"https:\/\/connect.facebook.net\/nb_NO\/sdk.js#xfbml=1&#038;version=v18.0\"><\/script><br \/>\n<br \/><br \/>\n<br \/><a href=\"https:\/\/radioh.no\/mdg-profil-i-oslo-trekker-seg-fra-kampen-om-forsteplassen\/\">Kilde <\/a><\/p>","protected":false},"excerpt":{"rendered":"<p>Sigrid Z. Heiberg trekker seg som kandidat til f\u00f8rsteplassen p\u00e5 Oslo MDGs liste til lokalvalget neste \u00e5r. Det skjer etter at tidligere ansatte har varslet om et uakseptabelt arbeidsmilj\u00f8. Innenriks: Minst tre tidligere ansatte anklager den profilerte politikeren for \u00e5 ha skapt et uakseptabelt arbeidsmilj\u00f8 i perioden da hun var fylkesleder i MDG, skriver Avisa [&hellip;]<\/p>","protected":false},"author":1,"featured_media":19879,"comment_status":"","ping_status":"","sticky":false,"template":"","format":"standard","meta":{"footnotes":""},"categories":[107],"tags":[],"tmauthors":[],"class_list":["post-19878","post","type-post","status-publish","format-standard","has-post-thumbnail","category-nyheter"],"_links":{"self":[{"href":"https:\/\/radiostavanger.no\/index.php?rest_route=\/wp\/v2\/posts\/19878","targetHints":{"allow":["GET"]}}],"collection":[{"href":"https:\/\/radiostavanger.no\/index.php?rest_route=\/wp\/v2\/posts"}],"about":[{"href":"https:\/\/radiostavanger.no\/index.php?rest_route=\/wp\/v2\/types\/post"}],"author":[{"embeddable":true,"href":"https:\/\/radiostavanger.no\/index.php?rest_route=\/wp\/v2\/users\/1"}],"replies":[{"embeddable":true,"href":"https:\/\/radiostavanger.no\/index.php?rest_route=%2Fwp%2Fv2%2Fcomments&post=19878"}],"version-history":[{"count":0,"href":"https:\/\/radiostavanger.no\/index.php?rest_route=\/wp\/v2\/posts\/19878\/revisions"}],"wp:featuredmedia":[{"embeddable":true,"href":"https:\/\/radiostavanger.no\/index.php?rest_route=\/wp\/v2\/media\/19879"}],"wp:attachment":[{"href":"https:\/\/radiostavanger.no\/index.php?rest_route=%2Fwp%2Fv2%2Fmedia&parent=19878"}],"wp:term":[{"taxonomy":"category","embeddable":true,"href":"https:\/\/radiostavanger.no\/index.php?rest_route=%2Fwp%2Fv2%2Fcategories&post=19878"},{"taxonomy":"post_tag","embeddable":true,"href":"https:\/\/radiostavanger.no\/index.php?rest_route=%2Fwp%2Fv2%2Ftags&post=19878"},{"taxonomy":"tmauthors","embeddable":true,"href":"https:\/\/radiostavanger.no\/index.php?rest_route=%2Fwp%2Fv2%2Ftmauthors&post=19878"}],"curies":[{"name":"wp","href":"https:\/\/api.w.org\/{rel}","templated":true}]}}