{"id":19882,"date":"2026-08-31T03:36:55","date_gmt":"2026-08-31T03:36:55","guid":{"rendered":"https:\/\/radiostavanger.no\/?p=19882"},"modified":"2026-08-31T03:36:55","modified_gmt":"2026-08-31T03:36:55","slug":"krever-fortsatt-tvungen-psykisk-helsevern-etter-kongsberg-drapene-radio-stavanger","status":"publish","type":"post","link":"https:\/\/radiostavanger.no\/?p=19882","title":{"rendered":"Krever fortsatt tvungen psykisk helsevern etter Kongsberg-drapene \u2013 Radio Stavanger"},"content":{"rendered":"<p><br \/>\n<\/p>\n<div id=\"mvp-content-main\">\n<p class=\"radioh-ingress\"><strong>Statsadvokaten har tatt ut tiltale for \u00e5 videref\u00f8re dommen mot mannen som i 2021 tok livet av fem personer i Kongsberg.<\/strong>\n<\/p>\n<p><strong>Innenriks<\/strong>: Espen Andersen Br\u00e5then ble d\u00f8mt til tvungent psykisk helsevern etter \u00e5 ha drept fem personer 13. oktober 2021 i Kongsberg \u2013 en dom som m\u00e5 vurderes av retten hvert tredje \u00e5r.\n<\/p>\n<p>Derfor har Statsadvokatene i S\u00f8r n\u00e5 tatt ut tiltale for \u00e5 videref\u00f8re dommen, skriver Laagendalsposten.\n<\/p>\n<p>\u2013 Vi mener det er grunnlag for \u00e5 beholde ham p\u00e5 dom til tvungen psykisk helsevern. Et av vilk\u00e5rene for forlengelse er sp\u00f8rsm\u00e5let om gjentakelsesfare, sier statsadvokat Andreas Christiansen.\n<\/p>\n<p>Br\u00e5thens forsvarer Fredrik Neumann \u00f8nsker ikke \u00e5 kommentere saken.<\/p>\n<p>Hovedforhandlingen finner sted i Buskerud tingrett 12. oktober i \u00e5r.\n<\/p>\n<p>Br\u00e5then drepte fem personer og skadet tre i Kongsberg den aktuelle kvelden. Etter \u00e5 ha skutt med pil og bue inne p\u00e5 en matbutikk beveget han seg videre til Hyttegata hvor drapene fant sted. Alle som ble angrepet, var tilfeldige personer og ble drept med kniv.\n<\/p>\n<p>(\u00a9NTB)\n<\/p>\n<\/p><\/div>\n<p><script async defer crossorigin=\"anonymous\" data-lazy=\"w3tc\" data-src=\"https:\/\/connect.facebook.net\/nb_NO\/sdk.js#xfbml=1&#038;version=v18.0\"><\/script><br \/>\n<br \/><br \/>\n<br \/><a href=\"https:\/\/radioh.no\/krever-fortsatt-tvungen-psykisk-helsevern-etter-kongsberg-drapene\/\">Kilde <\/a><\/p>","protected":false},"excerpt":{"rendered":"<p>Statsadvokaten har tatt ut tiltale for \u00e5 videref\u00f8re dommen mot mannen som i 2021 tok livet av fem personer i Kongsberg. Innenriks: Espen Andersen Br\u00e5then ble d\u00f8mt til tvungent psykisk helsevern etter \u00e5 ha drept fem personer 13. oktober 2021 i Kongsberg \u2013 en dom som m\u00e5 vurderes av retten hvert tredje \u00e5r. Derfor har [&hellip;]<\/p>","protected":false},"author":1,"featured_media":19883,"comment_status":"","ping_status":"","sticky":false,"template":"","format":"standard","meta":{"footnotes":""},"categories":[107],"tags":[],"tmauthors":[],"class_list":["post-19882","post","type-post","status-publish","format-standard","has-post-thumbnail","category-nyheter"],"_links":{"self":[{"href":"https:\/\/radiostavanger.no\/index.php?rest_route=\/wp\/v2\/posts\/19882","targetHints":{"allow":["GET"]}}],"collection":[{"href":"https:\/\/radiostavanger.no\/index.php?rest_route=\/wp\/v2\/posts"}],"about":[{"href":"https:\/\/radiostavanger.no\/index.php?rest_route=\/wp\/v2\/types\/post"}],"author":[{"embeddable":true,"href":"https:\/\/radiostavanger.no\/index.php?rest_route=\/wp\/v2\/users\/1"}],"replies":[{"embeddable":true,"href":"https:\/\/radiostavanger.no\/index.php?rest_route=%2Fwp%2Fv2%2Fcomments&post=19882"}],"version-history":[{"count":0,"href":"https:\/\/radiostavanger.no\/index.php?rest_route=\/wp\/v2\/posts\/19882\/revisions"}],"wp:featuredmedia":[{"embeddable":true,"href":"https:\/\/radiostavanger.no\/index.php?rest_route=\/wp\/v2\/media\/19883"}],"wp:attachment":[{"href":"https:\/\/radiostavanger.no\/index.php?rest_route=%2Fwp%2Fv2%2Fmedia&parent=19882"}],"wp:term":[{"taxonomy":"category","embeddable":true,"href":"https:\/\/radiostavanger.no\/index.php?rest_route=%2Fwp%2Fv2%2Fcategories&post=19882"},{"taxonomy":"post_tag","embeddable":true,"href":"https:\/\/radiostavanger.no\/index.php?rest_route=%2Fwp%2Fv2%2Ftags&post=19882"},{"taxonomy":"tmauthors","embeddable":true,"href":"https:\/\/radiostavanger.no\/index.php?rest_route=%2Fwp%2Fv2%2Ftmauthors&post=19882"}],"curies":[{"name":"wp","href":"https:\/\/api.w.org\/{rel}","templated":true}]}}