{"id":19884,"date":"2026-08-31T03:49:17","date_gmt":"2026-08-31T03:49:17","guid":{"rendered":"https:\/\/radiostavanger.no\/?p=19884"},"modified":"2026-08-31T03:49:17","modified_gmt":"2026-08-31T03:49:17","slug":"i-dag-flyttes-kong-haralds-bare-til-slottskapellet-radio-stavanger","status":"publish","type":"post","link":"https:\/\/radiostavanger.no\/?p=19884","title":{"rendered":"I dag flyttes kong Haralds b\u00e5re til Slottskapellet \u2013 Radio Stavanger"},"content":{"rendered":"<p><br \/>\n<\/p>\n<div id=\"mvp-content-main\">\n<p class=\"radioh-ingress\"><strong>Kong Harald Vs b\u00e5re f\u00f8res i dag fra Den r\u00f8de salong p\u00e5 Slottet til Slottskapellet. Alle som \u00f8nsker det, kan se b\u00e5ren fra tirsdag.<\/strong>\n<\/p>\n<p><strong>Innenriks<\/strong>: Klokken 16 f\u00f8res kong Harald Vs b\u00e5re til Slottskapellet.\n<\/p>\n<p>\u2013 B\u00e5ren f\u00f8res av kong Haralds barn og barnebarn i prosesjon gjennom Den gule salong, Speilsalen, Daglige spisesal, Lille festsal og Store festsal. Hennes majestet dronningen og dronning Sonja er ogs\u00e5 i prosesjonen, som ledes av hans majestet kongens hoffsjef, opplyser Kongehuset.\n<\/p>\n<p>Hoffsjefen skal b\u00e6re kongekronen p\u00e5 pute, mens leder for Det kongelige sekretariat b\u00e6rer rikssverdet. Andre medlemmer av hoffets ledelse b\u00e6rer kong Haralds fremste norske, danske, svenske og britiske ordener\n<\/p>\n<p>B\u00e5ren skal st\u00e5 i Slottskapellet fram til gravferdsdagen. Her inviteres alle som \u00f8nsker det, til \u00e5 g\u00e5 sakte forbi b\u00e5ren for \u00e5 ta farvel med den avd\u00f8de kongen \u2013 s\u00e5kalt defilering.<\/p>\n<p>Slottskapellet vil v\u00e6re \u00e5pent for defilering for publikum fra tirsdag klokken 14 til dagen f\u00f8r gravferdsdagen klokken 18.\n<\/p>\n<p>B\u00e5ren settes p\u00e5 en fl\u00f8yelskledd katafalk. Kongekronen og rikssverdet plasseres p\u00e5 b\u00e5ren, mens ordenene plasseres ved b\u00e5rens fotende. Kadetter fra Forsvarets tre krigsskoler skal st\u00e5 \u00e6resvakt rundt b\u00e5ren i Slottskapellet.\n<\/p>\n<p>Det samme ritualet med overf\u00f8ring av b\u00e5ren ble gjennomf\u00f8rt ogs\u00e5 ved kong Olav Vs bortgang i 1991.\n<\/p>\n<p>(\u00a9NTB)\n<\/p>\n<\/p><\/div>\n<p><script async defer crossorigin=\"anonymous\" data-lazy=\"w3tc\" data-src=\"https:\/\/connect.facebook.net\/nb_NO\/sdk.js#xfbml=1&#038;version=v18.0\"><\/script><br \/>\n<br \/><br \/>\n<br \/><a href=\"https:\/\/radioh.no\/i-dag-flyttes-kong-haralds-bare-til-slottskapellet\/\">Kilde <\/a><\/p>","protected":false},"excerpt":{"rendered":"<p>Kong Harald Vs b\u00e5re f\u00f8res i dag fra Den r\u00f8de salong p\u00e5 Slottet til Slottskapellet. Alle som \u00f8nsker det, kan se b\u00e5ren fra tirsdag. Innenriks: Klokken 16 f\u00f8res kong Harald Vs b\u00e5re til Slottskapellet. \u2013 B\u00e5ren f\u00f8res av kong Haralds barn og barnebarn i prosesjon gjennom Den gule salong, Speilsalen, Daglige spisesal, Lille festsal og [&hellip;]<\/p>","protected":false},"author":1,"featured_media":19885,"comment_status":"","ping_status":"","sticky":false,"template":"","format":"standard","meta":{"footnotes":""},"categories":[107],"tags":[],"tmauthors":[],"class_list":["post-19884","post","type-post","status-publish","format-standard","has-post-thumbnail","category-nyheter"],"_links":{"self":[{"href":"https:\/\/radiostavanger.no\/index.php?rest_route=\/wp\/v2\/posts\/19884","targetHints":{"allow":["GET"]}}],"collection":[{"href":"https:\/\/radiostavanger.no\/index.php?rest_route=\/wp\/v2\/posts"}],"about":[{"href":"https:\/\/radiostavanger.no\/index.php?rest_route=\/wp\/v2\/types\/post"}],"author":[{"embeddable":true,"href":"https:\/\/radiostavanger.no\/index.php?rest_route=\/wp\/v2\/users\/1"}],"replies":[{"embeddable":true,"href":"https:\/\/radiostavanger.no\/index.php?rest_route=%2Fwp%2Fv2%2Fcomments&post=19884"}],"version-history":[{"count":0,"href":"https:\/\/radiostavanger.no\/index.php?rest_route=\/wp\/v2\/posts\/19884\/revisions"}],"wp:featuredmedia":[{"embeddable":true,"href":"https:\/\/radiostavanger.no\/index.php?rest_route=\/wp\/v2\/media\/19885"}],"wp:attachment":[{"href":"https:\/\/radiostavanger.no\/index.php?rest_route=%2Fwp%2Fv2%2Fmedia&parent=19884"}],"wp:term":[{"taxonomy":"category","embeddable":true,"href":"https:\/\/radiostavanger.no\/index.php?rest_route=%2Fwp%2Fv2%2Fcategories&post=19884"},{"taxonomy":"post_tag","embeddable":true,"href":"https:\/\/radiostavanger.no\/index.php?rest_route=%2Fwp%2Fv2%2Ftags&post=19884"},{"taxonomy":"tmauthors","embeddable":true,"href":"https:\/\/radiostavanger.no\/index.php?rest_route=%2Fwp%2Fv2%2Ftmauthors&post=19884"}],"curies":[{"name":"wp","href":"https:\/\/api.w.org\/{rel}","templated":true}]}}