{"id":19903,"date":"2026-08-31T05:59:58","date_gmt":"2026-08-31T05:59:58","guid":{"rendered":"https:\/\/radiostavanger.no\/?p=19903"},"modified":"2026-08-31T05:59:58","modified_gmt":"2026-08-31T05:59:58","slug":"trafikk-sandnes-algardsveien-politiet-no-2","status":"publish","type":"post","link":"https:\/\/radiostavanger.no\/?p=19903","title":{"rendered":"Trafikk: Sandnes, \u00c5lg\u00e5rdsveien &#8211; Politiet.no"},"content":{"rendered":"<p><br \/> <\/p> <div id=\"\"> <p><span class=\"text-[1rem] leading-[1rem]\"><time datetime=\"2026-08-31T05:57:28.769Z\"><span class=\"font-bold\">07:57<\/span>\u00a0<\/time><\/span><sds-text class=\"my-3\" size=\"md\">Personbil og buss som er involvert i uhellet. Slik det fremst\u00e5r har sammenst\u00f8tet skjedd i forbindelse med at buss skulle ut i fra busslomme. Det er materielle skader p\u00e5 involverte kj\u00f8ret\u00f8y og bilberger er p\u00e5 vei.<\/p> <p>Involverte kj\u00f8ret\u00f8y skal n\u00e5 v\u00e6re fjernet fra veibanen og veien er \u00e5pen.<\/sds-text><\/p> <\/div> <div id=\"\"> <p><span class=\"text-[1rem] leading-[1rem]\"><time datetime=\"2026-08-31T05:32:55.752Z\"><span class=\"font-bold\">07:32<\/span>\u00a0<\/time><\/span><sds-text class=\"my-3\" size=\"md\">N\u00f8detatene er p\u00e5 vei til E39 \u00c5lg\u00e5rdsveien etter melding om trafikkulykke. Ukjent skadeomfang. Saken oppdateres.<\/sds-text><\/p> <\/div> <p><br \/> <br \/><a href=\"https:\/\/www.politiet.no\/politiloggen\/hendelse\/263w10\/1\">Source link <\/a><\/p>","protected":false},"excerpt":{"rendered":"<p>07:57\u00a0Personbil og buss som er involvert i uhellet. Slik det fremst\u00e5r har sammenst\u00f8tet skjedd i forbindelse med at buss skulle ut i fra busslomme. Det er materielle skader p\u00e5 involverte kj\u00f8ret\u00f8y og bilberger er p\u00e5 vei. Involverte kj\u00f8ret\u00f8y skal n\u00e5 v\u00e6re fjernet fra veibanen og veien er \u00e5pen. 07:32\u00a0N\u00f8detatene er p\u00e5 vei til E39 \u00c5lg\u00e5rdsveien [&hellip;]<\/p>","protected":false},"author":1,"featured_media":15766,"comment_status":"","ping_status":"","sticky":false,"template":"","format":"standard","meta":{"footnotes":""},"categories":[113],"tags":[],"tmauthors":[],"class_list":["post-19903","post","type-post","status-publish","format-standard","has-post-thumbnail","category-politilogg"],"_links":{"self":[{"href":"https:\/\/radiostavanger.no\/index.php?rest_route=\/wp\/v2\/posts\/19903","targetHints":{"allow":["GET"]}}],"collection":[{"href":"https:\/\/radiostavanger.no\/index.php?rest_route=\/wp\/v2\/posts"}],"about":[{"href":"https:\/\/radiostavanger.no\/index.php?rest_route=\/wp\/v2\/types\/post"}],"author":[{"embeddable":true,"href":"https:\/\/radiostavanger.no\/index.php?rest_route=\/wp\/v2\/users\/1"}],"replies":[{"embeddable":true,"href":"https:\/\/radiostavanger.no\/index.php?rest_route=%2Fwp%2Fv2%2Fcomments&post=19903"}],"version-history":[{"count":0,"href":"https:\/\/radiostavanger.no\/index.php?rest_route=\/wp\/v2\/posts\/19903\/revisions"}],"wp:featuredmedia":[{"embeddable":true,"href":"https:\/\/radiostavanger.no\/index.php?rest_route=\/wp\/v2\/media\/15766"}],"wp:attachment":[{"href":"https:\/\/radiostavanger.no\/index.php?rest_route=%2Fwp%2Fv2%2Fmedia&parent=19903"}],"wp:term":[{"taxonomy":"category","embeddable":true,"href":"https:\/\/radiostavanger.no\/index.php?rest_route=%2Fwp%2Fv2%2Fcategories&post=19903"},{"taxonomy":"post_tag","embeddable":true,"href":"https:\/\/radiostavanger.no\/index.php?rest_route=%2Fwp%2Fv2%2Ftags&post=19903"},{"taxonomy":"tmauthors","embeddable":true,"href":"https:\/\/radiostavanger.no\/index.php?rest_route=%2Fwp%2Fv2%2Ftmauthors&post=19903"}],"curies":[{"name":"wp","href":"https:\/\/api.w.org\/{rel}","templated":true}]}}