{"id":19918,"date":"2026-08-31T08:09:00","date_gmt":"2026-08-31T08:09:00","guid":{"rendered":"https:\/\/radiostavanger.no\/?p=19918"},"modified":"2026-08-31T08:09:00","modified_gmt":"2026-08-31T08:09:00","slug":"bare-en-av-tre-tror-de-klarer-seg-en-uke-radio-stavanger","status":"publish","type":"post","link":"https:\/\/radiostavanger.no\/?p=19918","title":{"rendered":"Bare \u00e9n av tre tror de klarer seg en uke \u2013 Radio Stavanger"},"content":{"rendered":"<p><br \/>\n<\/p>\n<div id=\"mvp-content-main\">\n<p class=\"radioh-ingress\"><strong>Unders\u00f8kelsen viser at nordmenn flest kjenner myndighetenes r\u00e5d om egenberedskap. Samtidig tror kun en tredel at de vil klare seg en uke eller lenger i en krisesituasjon.<\/strong>\n<\/p>\n<p><strong>Innenriks<\/strong>: Det viser en ny unders\u00f8kelse gjort av YouGov p\u00e5 vegne av batteriprodusenten Varta i august i \u00e5r. 1003 personer deltok i unders\u00f8kelsen.\n<\/p>\n<p>Av deltakerne svarte 32 prosent at de tror at husstanden vil klare seg en uke eller lenger dersom str\u00f8m og vann forsvinner og det ikke er mulig \u00e5 handle.\n<\/p>\n<p>Norske myndigheter har anbefalt husstander \u00e5 v\u00e6re forberedt p\u00e5 \u00e5 klare seg selv i \u00e9n uke dersom viktige tjenester faller bort. 60 prosent av deltakerne visste om denne anbefalingen.\n<\/p>\n<p>\u2013 Det mest interessante er kanskje ikke at folk mangler kunnskap om egenberedskap. De fleste vet at de b\u00f8r v\u00e6re forberedt. Utfordringen ser ut til \u00e5 v\u00e6re \u00e5 g\u00e5 fra \u00e5 vite hva man b\u00f8r gj\u00f8re, til faktisk \u00e5 gj\u00f8re det, sier Haakon Stenbeck, Sales Manager for Varta i Norge, i en pressemelding.<\/p>\n<p>Videre viser unders\u00f8kelsen at 73 prosent har en fungerende lommelykt eller hodelykt, 70 prosent har mat som kan oppbevares uten kj\u00f8leskap og 64 prosent har f\u00f8rstehjelpsutstyr.\n<\/p>\n<p>49 prosent oppga at de har lagret drikkevann, og omtrent like mange har alternativ oppvarming. 52 prosent kan lage mat uten str\u00f8m, og 26 prosent har en batteri- eller sveiveradio.\n<\/p>\n<p>(\u00a9NTB)\n<\/p>\n<\/p><\/div>\n<p><script async defer crossorigin=\"anonymous\" data-lazy=\"w3tc\" data-src=\"https:\/\/connect.facebook.net\/nb_NO\/sdk.js#xfbml=1&#038;version=v18.0\"><\/script><br \/>\n<br \/><br \/>\n<br \/><a href=\"https:\/\/radioh.no\/kommunene-ma-trene-pa-krig-alle-regioner-far-egne-ovelser\/\">Kilde <\/a><\/p>","protected":false},"excerpt":{"rendered":"<p>Unders\u00f8kelsen viser at nordmenn flest kjenner myndighetenes r\u00e5d om egenberedskap. Samtidig tror kun en tredel at de vil klare seg en uke eller lenger i en krisesituasjon. Innenriks: Det viser en ny unders\u00f8kelse gjort av YouGov p\u00e5 vegne av batteriprodusenten Varta i august i \u00e5r. 1003 personer deltok i unders\u00f8kelsen. Av deltakerne svarte 32 prosent [&hellip;]<\/p>","protected":false},"author":1,"featured_media":19919,"comment_status":"","ping_status":"","sticky":false,"template":"","format":"standard","meta":{"footnotes":""},"categories":[107],"tags":[],"tmauthors":[],"class_list":["post-19918","post","type-post","status-publish","format-standard","has-post-thumbnail","category-nyheter"],"_links":{"self":[{"href":"https:\/\/radiostavanger.no\/index.php?rest_route=\/wp\/v2\/posts\/19918","targetHints":{"allow":["GET"]}}],"collection":[{"href":"https:\/\/radiostavanger.no\/index.php?rest_route=\/wp\/v2\/posts"}],"about":[{"href":"https:\/\/radiostavanger.no\/index.php?rest_route=\/wp\/v2\/types\/post"}],"author":[{"embeddable":true,"href":"https:\/\/radiostavanger.no\/index.php?rest_route=\/wp\/v2\/users\/1"}],"replies":[{"embeddable":true,"href":"https:\/\/radiostavanger.no\/index.php?rest_route=%2Fwp%2Fv2%2Fcomments&post=19918"}],"version-history":[{"count":0,"href":"https:\/\/radiostavanger.no\/index.php?rest_route=\/wp\/v2\/posts\/19918\/revisions"}],"wp:featuredmedia":[{"embeddable":true,"href":"https:\/\/radiostavanger.no\/index.php?rest_route=\/wp\/v2\/media\/19919"}],"wp:attachment":[{"href":"https:\/\/radiostavanger.no\/index.php?rest_route=%2Fwp%2Fv2%2Fmedia&parent=19918"}],"wp:term":[{"taxonomy":"category","embeddable":true,"href":"https:\/\/radiostavanger.no\/index.php?rest_route=%2Fwp%2Fv2%2Fcategories&post=19918"},{"taxonomy":"post_tag","embeddable":true,"href":"https:\/\/radiostavanger.no\/index.php?rest_route=%2Fwp%2Fv2%2Ftags&post=19918"},{"taxonomy":"tmauthors","embeddable":true,"href":"https:\/\/radiostavanger.no\/index.php?rest_route=%2Fwp%2Fv2%2Ftmauthors&post=19918"}],"curies":[{"name":"wp","href":"https:\/\/api.w.org\/{rel}","templated":true}]}}