{"id":19920,"date":"2026-08-31T08:14:56","date_gmt":"2026-08-31T08:14:56","guid":{"rendered":"https:\/\/radiostavanger.no\/?p=19920"},"modified":"2026-08-31T08:14:56","modified_gmt":"2026-08-31T08:14:56","slug":"54-aring-nektet-straffskyld-i-retten-radio-stavanger","status":"publish","type":"post","link":"https:\/\/radiostavanger.no\/?p=19920","title":{"rendered":"54-\u00e5ring nektet straffskyld i retten \u2013 Radio Stavanger"},"content":{"rendered":"<p><br \/>\n<\/p>\n<div id=\"mvp-content-main\">\n<p class=\"radioh-ingress\"><strong>Den 35 \u00e5r gamle tobarnsmoren Marita L\u00f8fshus Haugen ble drept i Orkland i Tr\u00f8ndelag i desember i fjor. Mandag startet rettssaken mot mannen som er tiltalt for drapet.<\/strong>\n<\/p>\n<p><strong>Innenriks<\/strong>: \u2013 Nei, svarte J\u00f8rn Andersen p\u00e5 sp\u00f8rsm\u00e5l om han erkjenner straffskyld i rettens f\u00f8rste dag mandag, skriver NRK.\n<\/p>\n<p>Det var l\u00f8rdag kveld 13. desember i fjor at den 35 \u00e5r gamle kvinnen ble funnet d\u00f8d utend\u00f8rs p\u00e5 L\u00f8kken Verk i Orkland i Tr\u00f8ndelag.\n<\/p>\n<p>Det ble raskt satt i gang drapsetterforskning, og senere samme kveld ble 54 \u00e5r gamle J\u00f8rn Andersen p\u00e5grepet i sitt hjem i n\u00e6rheten av funnstedet.\n<\/p>\n<p>Politiet mener kvinnen ble drept med en machete som tilh\u00f8rte mannen. Politiet fant macheten, og knyttet spor p\u00e5 macheten til den n\u00e5 drapstiltalte mannen.<\/p>\n<p>De har tidligere g\u00e5tt ut med at de to nylig hadde avsluttet et kj\u00e6resteforhold f\u00f8r drapet skjedde.\n<\/p>\n<h2>Ville ikke la seg avh\u00f8re<\/h2>\n<p>\nDet var ingen vitner til hendelsen. Andersen var rusp\u00e5virket da han ble p\u00e5grepet.\n<\/p>\n<p>If\u00f8lge TV 2 hadde Andersen nylig sluppet ut av fengsel etter \u00e5 ha sonet en promilledom og bare v\u00e6rt ute i ni dager f\u00f8r han ble p\u00e5grepet og siktet for drap.\n<\/p>\n<p>54-\u00e5ringen har sittet i varetekt siden drapet. Politiet har tidligere uttalt at han ikke har \u00f8nsket \u00e5 la seg avh\u00f8re av politiet.\n<\/p>\n<p>NTB har fors\u00f8kt \u00e5 f\u00e5 kontakt med mannens forsvarer, men har ikke f\u00e5tt svar.<\/p>\n<h2>Ville ha spesialmadrass i fengsel<\/h2>\n<p>\nMannen har tidligere klaget p\u00e5 soningsforholdene og hevdet at han har helseproblemer som gj\u00f8r fengslingen uforholdsmessig.\n<\/p>\n<p>\u2013 Andersen opplyser at han har s\u00e5 vondt at han ikke f\u00e5r sove, og han kontakter helse i fengselet hver dag uten at det hjelper, skrev forsvarer Fredrik Sch\u00f8ne Brodwall i en anke til fengselet f\u00f8r sommeren.\n<\/p>\n<p>Mannen krevde \u00e5 f\u00e5 spesialmadrass for \u00e5 kunne sove bedre i fengsel. H\u00f8yesteretts ankeutvalg ga imidlertid ikke Andersen medhold og forkastet anken, skriver Adresseavisen.\n<\/p>\n<h2>Tidligere drapsd\u00f8mt<\/h2>\n<p>\nAndersen, som f\u00f8r het J\u00f8rn-Are Andersen S\u00e6le, ble i 2000 d\u00f8mt til 15 \u00e5rs fengsel for drapet p\u00e5 ekskj\u00e6resten Linn Charlotte Nesblom (16) i Mel\u00f8y i Nordland.\n<\/p>\n<p>Under soning og pr\u00f8vel\u00f8slatelse for drapet ut\u00f8vde han grov vold mot en annen ekskj\u00e6reste. Han ble i 2011 d\u00f8mt til fire \u00e5r og seks m\u00e5neders forvaring for dette og l\u00f8slatt i 2016.<\/p>\n<p>(\u00a9NTB)\n<\/p>\n<\/p><\/div>\n<p><script async defer crossorigin=\"anonymous\" data-lazy=\"w3tc\" data-src=\"https:\/\/connect.facebook.net\/nb_NO\/sdk.js#xfbml=1&#038;version=v18.0\"><\/script><br \/>\n<br \/><br \/>\n<br \/><a href=\"https:\/\/radioh.no\/drapssiktet-anket-varetektsfengsling-og-krevde-spesialmadrass-hoyesterett-sier-nei\/\">Kilde <\/a><\/p>","protected":false},"excerpt":{"rendered":"<p>Den 35 \u00e5r gamle tobarnsmoren Marita L\u00f8fshus Haugen ble drept i Orkland i Tr\u00f8ndelag i desember i fjor. Mandag startet rettssaken mot mannen som er tiltalt for drapet. Innenriks: \u2013 Nei, svarte J\u00f8rn Andersen p\u00e5 sp\u00f8rsm\u00e5l om han erkjenner straffskyld i rettens f\u00f8rste dag mandag, skriver NRK. Det var l\u00f8rdag kveld 13. desember i fjor [&hellip;]<\/p>","protected":false},"author":1,"featured_media":19921,"comment_status":"","ping_status":"","sticky":false,"template":"","format":"standard","meta":{"footnotes":""},"categories":[107],"tags":[],"tmauthors":[],"class_list":["post-19920","post","type-post","status-publish","format-standard","has-post-thumbnail","category-nyheter"],"_links":{"self":[{"href":"https:\/\/radiostavanger.no\/index.php?rest_route=\/wp\/v2\/posts\/19920","targetHints":{"allow":["GET"]}}],"collection":[{"href":"https:\/\/radiostavanger.no\/index.php?rest_route=\/wp\/v2\/posts"}],"about":[{"href":"https:\/\/radiostavanger.no\/index.php?rest_route=\/wp\/v2\/types\/post"}],"author":[{"embeddable":true,"href":"https:\/\/radiostavanger.no\/index.php?rest_route=\/wp\/v2\/users\/1"}],"replies":[{"embeddable":true,"href":"https:\/\/radiostavanger.no\/index.php?rest_route=%2Fwp%2Fv2%2Fcomments&post=19920"}],"version-history":[{"count":0,"href":"https:\/\/radiostavanger.no\/index.php?rest_route=\/wp\/v2\/posts\/19920\/revisions"}],"wp:featuredmedia":[{"embeddable":true,"href":"https:\/\/radiostavanger.no\/index.php?rest_route=\/wp\/v2\/media\/19921"}],"wp:attachment":[{"href":"https:\/\/radiostavanger.no\/index.php?rest_route=%2Fwp%2Fv2%2Fmedia&parent=19920"}],"wp:term":[{"taxonomy":"category","embeddable":true,"href":"https:\/\/radiostavanger.no\/index.php?rest_route=%2Fwp%2Fv2%2Fcategories&post=19920"},{"taxonomy":"post_tag","embeddable":true,"href":"https:\/\/radiostavanger.no\/index.php?rest_route=%2Fwp%2Fv2%2Ftags&post=19920"},{"taxonomy":"tmauthors","embeddable":true,"href":"https:\/\/radiostavanger.no\/index.php?rest_route=%2Fwp%2Fv2%2Ftmauthors&post=19920"}],"curies":[{"name":"wp","href":"https:\/\/api.w.org\/{rel}","templated":true}]}}